{"id":471005,"date":"2025-10-17T22:32:12","date_gmt":"2025-10-17T22:32:12","guid":{"rendered":"https:\/\/www.europesays.com\/fr\/471005\/"},"modified":"2025-10-17T22:32:12","modified_gmt":"2025-10-17T22:32:12","slug":"mauvaise-nouvelle-pour-les-retraites-les-pensions-complementaires-ne-seront-pas-revalorisees","status":"publish","type":"post","link":"https:\/\/www.europesays.com\/fr\/471005\/","title":{"rendered":"mauvaise nouvelle pour les retrait\u00e9s, les pensions compl\u00e9mentaires ne seront pas revaloris\u00e9es"},"content":{"rendered":"<p>            Par<br \/>\n        <strong><br \/>\n            <a href=\"https:\/\/actu.fr\/auteur\/lea-giandomenico\" title=\"Consulter tous les articles de L\u00e9a Giandomenico\" rel=\"nofollow noopener\" target=\"_blank\">L\u00e9a Giandomenico<\/a><br \/>\n        <\/strong><\/p>\n<p>        Publi\u00e9 le<\/p>\n<p>            17 oct. 2025 \u00e0 16h47        <\/p>\n<p>La d\u00e9cision \u00e9tait attendue, et elle vient de tomber : les retraites compl\u00e9mentaires<strong> ne seront pas revaloris\u00e9es \u00e0 compter de ce 1er novembre, \u00ab\u00a0faute d\u2019accord\u00a0\u00bb<\/strong> sur un taux d\u2019\u00e9volution entre syndicats et patronat, apr\u00e8s r\u00e9union du conseil d\u2019administration de l\u2019Agirc-Arrco ce vendredi 17 octobre 2025. Le bras de fer entre syndicats et patronats, qui s\u2019annon\u00e7ait rude, n\u2019aura pas pay\u00e9 pour les premiers.<\/p>\n<p class=\" wall-content\">Pour rappel, l\u2019an dernier, c\u2019\u00e9tait <strong>1,6%<\/strong>. Cette ann\u00e9e, la revalorisation \u00e9tait attendue <strong>entre 0,2 % et 1 %<\/strong>. Et les syndicats avaient demand\u00e9 1%, mais c\u2019est le 0% qui l\u2019a emport\u00e9.<\/p>\n<p>Sur la base de l\u2019inflation<\/p>\n<p class=\" wall-content\">Chaque ann\u00e9e, les repr\u00e9sentants du personnel et des employeurs se r\u00e9unissent pour d\u00e9terminer le taux d\u2019\u00e9volution, qui doit tenir compte des pr\u00e9visions d\u2019inflation, de la conjoncture \u00e9conomique et des r\u00e9serves du r\u00e9gime.\u00a0<\/p>\n<p class=\" wall-content\">En vertu de l\u2019accord en vigueur, <strong>le calcul se fait sur la base de l\u2019inflation (1 % en 2025)<\/strong>, \u00e0 laquelle on retranche 0,4 point. Ce qui donne cette ann\u00e9e 0,6 %. Sur ce pourcentage, le patronat et les syndicats ont une marge de n\u00e9gociation de 0,4 point \u00e0 la hausse ou \u00e0 la baisse.\u00a0<\/p>\n<p class=\" wall-content\">Et la revalorisation annuelle des retraites compl\u00e9mentaires compte beaucoup sur le niveau global des pensions, rappelle la CGT :<\/p>\n<ul class=\" wall-content\">\n<li>Pour un employ\u00e9 ou ouvrier, la pension Arrco repr\u00e9sente entre 20 et 40 % de la pension totale selon la carri\u00e8re (les p\u00e9riodes de ch\u00f4mage indemnis\u00e9 ouvrent des droits).<\/li>\n<li>Pour un cadre homme du priv\u00e9, parti \u00e0 la retraite en 1989, la pension repr\u00e9sentait 72 % du dernier salaire. Ce chiffre est pass\u00e9\u00a0\u00e0 60 % pour 2020, et diminuerait \u00e0 54 % en 2062.<\/li>\n<li>Pour une cadre femme du priv\u00e9, la pension repr\u00e9sentait 65 % du dernier salaire 2020. En 2062, cette part\u00a0passerait \u00e0 63 %.<\/li>\n<\/ul>\n<p>Votre r\u00e9gion, votre actu !<\/p>\n<p>Recevez chaque jour les infos qui comptent pour vous.<\/p>\n<p>\t<a href=\"https:\/\/actu.fr\/newsletter\" class=\"ac-btn ac-btn--corner ac-btn--medium ac-btn--blue800\" rel=\"nofollow noopener\" target=\"_blank\">S&rsquo;incrire<\/a><br \/>\nMauvaises nouvelles pour les retrait\u00e9s<\/p>\n<p class=\" wall-content\"><a href=\"https:\/\/actu.fr\/politique\/budget-2026-gel-du-bareme-de-l-impot-taxe-sur-les-holdings-voici-le-projet-presente-par-sebastien-lecornu_63296409.html\" rel=\"nofollow noopener\" target=\"_blank\">Les annonces de S\u00e9bastien Lecornu sur le budget<\/a>, et notamment sur les pensions de retraites, sont d\u00e9j\u00e0 de mauvais augure pour les retrait\u00e9s : pas de revalorisation des retraites de base en 2026, sous-indexation des pensions de retraite de base de 0,4\u2009% par an\u00a0\u00e0 partir de 2027, et augmentation des imp\u00f4ts des retrait\u00e9s, avec une remise en cause des abattements.<\/p>\n<p class=\" wall-content\">Avec l\u2019annonce de 0% de revalorisation sur les retraites compl\u00e9mentaires, la pilule va \u00eatre \u00eatre encore plus dure \u00e0 avaler.\u00a0<\/p>\n<p class=\" wall-content\">Les retrait\u00e9s sont d\u2019ailleurs appel\u00e9s \u00e0 <a href=\"https:\/\/actu.fr\/economie\/la-pilule-est-particulierement-violente-les-retraites-appeles-a-se-mobiliser-en-france-le-6-novembre_63307673.html\" rel=\"nofollow noopener\" target=\"_blank\">se mobiliser le 6 novembre prochain.<\/a><\/p>\n<p class=\" wall-content\">Personnalisez votre actualit\u00e9 en ajoutant vos villes et m\u00e9dias en favori avec <a href=\"https:\/\/moncompte.actu.fr\" title=\"D\u00e9couvez Mon Actu\" rel=\"nofollow noopener\" data-trk=\"{&quot;cta&quot;:{&quot;action&quot;:&quot;https:\\\/\\\/moncompte.actu.fr&quot;,&quot;category&quot;:&quot;mon compte&quot;,&quot;from&quot;:&quot;article footer&quot;,&quot;name&quot;:&quot;Mon actu&quot;,&quot;type&quot;:&quot;cta&quot;}}\" target=\"_blank\">Mon Actu<\/a>.<\/p>\n","protected":false},"excerpt":{"rendered":"Par L\u00e9a Giandomenico Publi\u00e9 le 17 oct. 2025 \u00e0 16h47 La d\u00e9cision \u00e9tait attendue, et elle vient de&hellip;\n","protected":false},"author":2,"featured_media":471006,"comment_status":"","ping_status":"","sticky":false,"template":"","format":"standard","meta":{"footnotes":""},"categories":[6],"tags":[35,33,34,1011,27,137],"class_list":{"0":"post-471005","1":"post","2":"type-post","3":"status-publish","4":"format-standard","5":"has-post-thumbnail","7":"category-economie","8":"tag-business","9":"tag-economie","10":"tag-economy","11":"tag-fr","12":"tag-france","13":"tag-retraite"},"share_on_mastodon":{"url":"https:\/\/pubeurope.com\/@fr\/115391885721328576","error":""},"_links":{"self":[{"href":"https:\/\/www.europesays.com\/fr\/wp-json\/wp\/v2\/posts\/471005","targetHints":{"allow":["GET"]}}],"collection":[{"href":"https:\/\/www.europesays.com\/fr\/wp-json\/wp\/v2\/posts"}],"about":[{"href":"https:\/\/www.europesays.com\/fr\/wp-json\/wp\/v2\/types\/post"}],"author":[{"embeddable":true,"href":"https:\/\/www.europesays.com\/fr\/wp-json\/wp\/v2\/users\/2"}],"replies":[{"embeddable":true,"href":"https:\/\/www.europesays.com\/fr\/wp-json\/wp\/v2\/comments?post=471005"}],"version-history":[{"count":0,"href":"https:\/\/www.europesays.com\/fr\/wp-json\/wp\/v2\/posts\/471005\/revisions"}],"wp:featuredmedia":[{"embeddable":true,"href":"https:\/\/www.europesays.com\/fr\/wp-json\/wp\/v2\/media\/471006"}],"wp:attachment":[{"href":"https:\/\/www.europesays.com\/fr\/wp-json\/wp\/v2\/media?parent=471005"}],"wp:term":[{"taxonomy":"category","embeddable":true,"href":"https:\/\/www.europesays.com\/fr\/wp-json\/wp\/v2\/categories?post=471005"},{"taxonomy":"post_tag","embeddable":true,"href":"https:\/\/www.europesays.com\/fr\/wp-json\/wp\/v2\/tags?post=471005"}],"curies":[{"name":"wp","href":"https:\/\/api.w.org\/{rel}","templated":true}]}}