{"id":471011,"date":"2025-10-17T22:35:14","date_gmt":"2025-10-17T22:35:14","guid":{"rendered":"https:\/\/www.europesays.com\/fr\/471011\/"},"modified":"2025-10-17T22:35:14","modified_gmt":"2025-10-17T22:35:14","slug":"rencontre-trump-zelensky-je-pense-quon-est-tres-proche-dune-fin-de-la-guerre-affirme-le-president-americain","status":"publish","type":"post","link":"https:\/\/www.europesays.com\/fr\/471011\/","title":{"rendered":"Rencontre Trump-Zelensky\u00a0: \u00ab\u00a0Je pense qu\u2019on est tr\u00e8s proche d\u2019une fin de la guerre\u00a0\u00bb, affirme le pr\u00e9sident am\u00e9ricain"},"content":{"rendered":"<p class=\"paragraph text_align_left lp-f-body-02\">Volodymyr Zelensky, <a href=\"https:\/\/www.leparisien.fr\/international\/ukraine\/des-tomahawk-mais-surtout-une-alliance-solide-avec-trump-ce-que-zelensky-espere-decrocher-a-washington-17-10-2025-2MWJBI5A75ATFHPTVXF66FO2KU.php\" target=\"_blank\" rel=\"noreferrer noopener\">lors d\u2019une rencontre avec Donald Trump<\/a> ce vendredi, a d\u00e9clar\u00e9 que Vladimir Poutine n\u2019\u00e9tait \u00ab pas pr\u00eat \u00bb \u00e0 la paix avec l\u2019Ukraine. De son c\u00f4t\u00e9, le pr\u00e9sident am\u00e9ricain a r\u00e9pondu au contraire que le pr\u00e9sident russe veut \u00ab mettre fin \u00e0 la guerre \u00bb.<\/p>\n<p class=\"paragraph text_align_left lp-f-body-02\">Et ce dernier s\u2019est voulu r\u00e9solument plus optimiste : \u00ab Je pense qu\u2019on va trouver un accord \u00bb, a affirm\u00e9 le pr\u00e9sident am\u00e9ricain, qui a ajout\u00e9 : \u00ab Je pense qu\u2019on est tr\u00e8s proche d\u2019une fin de la guerre \u00bb. \u00ab Il est temps d\u2019arr\u00eater la tuerie et de trouver un ACCORD \u00bb, a-t-il \u00e9crit \u00e0 l\u2019issue de la rencontre, <a href=\"https:\/\/truthsocial.com\/@realDonaldTrump\/posts\/115391463725537040\" target=\"_blank\" rel=\"noreferrer noopener\">sur son r\u00e9seau Truth Social<\/a>.<\/p>\n<p class=\"paragraph text_align_left lp-f-body-02\">\u00c0 propos de <a href=\"https:\/\/www.leparisien.fr\/international\/ukraine\/guerre-en-ukraine-kiev-et-moscou-ont-echange-185-militaires-emprisonnes-de-chaque-camp-02-10-2025-2227S44L4JDBVII3CFXAU46ZNA.php\" target=\"_blank\" rel=\"noreferrer noopener\">Vladimir Poutine et Volodymyr Zelensky<\/a>, Donald Trump a affirm\u00e9 que \u00ab ces deux dirigeants ne s\u2019appr\u00e9cient pas \u00bb. Alors, \u00ab d\u2019une mani\u00e8re ou d\u2019une autre, nous serons donc impliqu\u00e9s \u00e0 trois \u00bb. Car, de toute fa\u00e7on, \u00ab je suis le pr\u00e9sident m\u00e9diateur \u00bb et \u00ab j\u2019adore r\u00e9soudre les conflits \u00bb, a-t-il continu\u00e9.<\/p>\n<p>Frapper en profondeur<\/p>\n<p class=\"paragraph text_align_left lp-f-body-02\">\u00ab J\u2019esp\u00e8re que nous pourrons mettre fin \u00e0 la guerre sans avoir \u00e0 penser aux Tomahawk \u00bb et \u00ab j\u2019esp\u00e8re qu\u2019ils n\u2019en auront pas besoin \u00bb, a par la suite d\u00e9clar\u00e9 \u00e0 la presse Donald Trump, assis face au pr\u00e9sident ukrainien \u00e0 la Maison Blanche.<\/p>\n<p class=\"paragraph text_align_left lp-f-body-02\">Volodymyr Zelensky a r\u00e9torqu\u00e9 que, justement, l\u2019Ukraine avait \u00ab besoin \u00bb de <a href=\"https:\/\/www.leparisien.fr\/international\/ukraine\/une-menace-qui-pesera-sur-les-negociations-pourquoi-les-missiles-tomahawk-reclames-par-lukraine-inquietent-poutine-17-10-2025-DEMT5W3TCNCGJGFABKSU743G2A.php\" target=\"_blank\" rel=\"noreferrer noopener\">ces fameux missiles de longue port\u00e9e am\u00e9ricains<\/a>. Et le pr\u00e9sident ukrainien de faire une \u00ab proposition \u00bb : \u00e9changer \u00ab nos drones \u00bb contre les Tomahawk. Arriv\u00e9 jeudi \u00e0 Washington, il y a d\u2019ailleurs rencontr\u00e9 des repr\u00e9sentants du fabricant am\u00e9ricain des syst\u00e8mes de missiles Tomahawk et Patriot, pour discuter entre autres de la \u00ab perspective d\u2019une production conjointe ukraino-am\u00e9ricaine \u00bb.<\/p>\n<p class=\"paragraph text_align_left lp-f-body-02\">Le BGM-109 Tomahawk vole jusqu\u2019\u00e0 1 600 km, \u00e0 880 km\/h, \u00e0 quelques dizaines de m\u00e8tres du sol. Ces missiles permettraient \u00e0 l\u2019Ukraine de frapper en profondeur en Russie, au moment o\u00f9 Moscou, \u00e0 l\u2019entr\u00e9e de l\u2019hiver, intensifie ses attaques sur les infrastructures \u00e9nerg\u00e9tiques ennemies.<\/p>\n<p class=\"paragraph text_align_left lp-f-body-02\">Finalement, \u00e0 la fin de la rencontre, aucune annonce sur les Tomahawk n\u2019a \u00e9t\u00e9 faite par Donald Trump, qui \u00ab ne veut pas d\u2019escalade \u00bb, d\u2019apr\u00e8s le pr\u00e9sident ukrainien. Ce dernier a tout de m\u00eame estim\u00e9 que la Russie avait \u00ab peur \u00bb de ces missiles, estimant malgr\u00e9 tout \u00ab r\u00e9aliste \u00bb la possibilit\u00e9 de les obtenir.<\/p>\n<p>Cibles potentielles en Russie<\/p>\n<p class=\"paragraph text_align_left lp-f-body-02\">Le <a href=\"https:\/\/www.leparisien.fr\/international\/volodymyr-zelensky\/\" target=\"_blank\" rel=\"noreferrer noopener\">pr\u00e9sident ukrainien<\/a> a aussi pr\u00e9sent\u00e9 \u00e0 son homologue am\u00e9ricain lors de leur entretien des \u00ab cartes \u00bb montrant des cibles potentielles en Russie. \u00ab Sur ces cartes, il y a des points de pression de la d\u00e9fense russe et de l\u2019\u00e9conomie militaire qui peuvent \u00eatre cibl\u00e9s pour contraindre (Vladimir) Poutine \u00e0 mettre fin \u00e0 la guerre \u00bb, a expliqu\u00e9 une source au sein de la d\u00e9l\u00e9gation ukrainienne.<\/p>\n<p class=\"paragraph text_align_left lp-f-body-02\">Dans le cadre de tout accord de paix avec la Russie, \u00ab le plus important, pour les Ukrainiens, qui subissent des attaques quotidiennes, c\u2019est d\u2019avoir des garanties de s\u00e9curit\u00e9 vraiment solides \u00bb, a poursuivi Volodymyr Zelensky.<\/p>\n<p class=\"paragraph text_align_left lp-f-body-02\">\u00ab Le pr\u00e9sident (Donald) Trump a vraiment montr\u00e9 au monde entier qu\u2019il \u00e9tait capable de n\u00e9gocier un cessez-le-feu au Moyen-Orient. C\u2019est pourquoi j\u2019esp\u00e8re qu\u2019il le fera et que nous remporterons un grand succ\u00e8s pour l\u2019Ukraine \u00bb, a ajout\u00e9 le pr\u00e9sident ukrainien.<\/p>\n<p>La troisi\u00e8me visite<\/p>\n<p class=\"paragraph text_align_left lp-f-body-02\">Il s\u2019agit de la troisi\u00e8me visite \u00e0 la Maison Blanche de <a href=\"https:\/\/www.leparisien.fr\/international\/ukraine\/poutine-ouvrira-une-autre-breche-pour-zelensky-les-incursions-de-drones-annoncent-une-nouvelle-attaque-russe-en-europe-27-09-2025-ADPXPFR2CFASXMCL72RGXKHAQM.php\" target=\"_blank\" rel=\"noreferrer noopener\">Volodymyr Zelensky<\/a> depuis le retour au pouvoir de Donald Trump en janvier. Lors de leur premi\u00e8re entrevue en f\u00e9vrier, Donald Trump lui avait ass\u00e9n\u00e9 brutalement qu\u2019il n\u2019avait \u00ab pas les cartes en main \u00bb. La seconde, en ao\u00fbt, avait \u00e9t\u00e9 beaucoup plus cordiale.<\/p>\n<p class=\"title-embed-dailymotion lp-color-text lp-f-subtitle-04\">Vid\u00e9oTrump pr\u00e9voit de rencontrer Poutine \u00ab dans les deux prochaines semaines \u00bb<\/p>\n<p class=\"paragraph text_align_left lp-f-body-02\">Cette fois, le pr\u00e9sident ukrainien arrive \u00e0 la Maison Blanche au lendemain d\u2019un long coup de fil <a href=\"https:\/\/www.leparisien.fr\/international\/guerre-en-ukraine-pourquoi-lunion-europeenne-ouvre-la-porte-a-la-rencontre-trump-poutine-a-budapest-17-10-2025-UEUGFXTDYFHK3HNKQ3E4J3RHNA.php\" target=\"_blank\" rel=\"noreferrer noopener\">entre le pr\u00e9sident am\u00e9ricain et Vladimir Poutine<\/a>, qui ont convenu de se voir prochainement \u00e0 Budapest.<\/p>\n<p class=\"paragraph text_align_left lp-f-body-02\">Le dirigeant russe a profit\u00e9 de cet \u00e9change pour avertir qu\u2019une livraison de missiles Tomahawk \u00ab nuirait consid\u00e9rablement \u00bb \u00e0 la relation russo-am\u00e9ricaine. Le pr\u00e9sident am\u00e9ricain, interrog\u00e9 jeudi apr\u00e8s sa conversation avec Vladimir Poutine, s\u2019est montr\u00e9 tr\u00e8s r\u00e9serv\u00e9. \u00ab <a href=\"https:\/\/www.leparisien.fr\/international\/ukraine\/guerre-en-ukraine-ne-pas-appauvrir-les-reserves-de-notre-pays-donald-trump-calme-le-jeu-sur-la-livraison-de-tomahawk-17-10-2025-V5PGKIKQGVHIPPMP5I2S5VXHKQ.php\" target=\"_blank\" rel=\"noreferrer noopener\">Nous ne pouvons pas appauvrir<\/a> (les r\u00e9serves de Tomahawk de) notre propre pays \u00bb, a-t-il estim\u00e9.<\/p>\n","protected":false},"excerpt":{"rendered":"Volodymyr Zelensky, lors d\u2019une rencontre avec Donald Trump ce vendredi, a d\u00e9clar\u00e9 que Vladimir Poutine n\u2019\u00e9tait \u00ab pas&hellip;\n","protected":false},"author":2,"featured_media":471012,"comment_status":"","ping_status":"","sticky":false,"template":"","format":"standard","meta":{"footnotes":""},"categories":[2],"tags":[11,898,8936,73,1011,27,14,12],"class_list":{"0":"post-471011","1":"post","2":"type-post","3":"status-publish","4":"format-standard","5":"has-post-thumbnail","7":"category-actualites","8":"tag-actualites","9":"tag-alerte","10":"tag-breaking-news","11":"tag-etats-unis","12":"tag-fr","13":"tag-france","14":"tag-international","15":"tag-news"},"share_on_mastodon":{"url":"https:\/\/pubeurope.com\/@fr\/115391897608166337","error":""},"_links":{"self":[{"href":"https:\/\/www.europesays.com\/fr\/wp-json\/wp\/v2\/posts\/471011","targetHints":{"allow":["GET"]}}],"collection":[{"href":"https:\/\/www.europesays.com\/fr\/wp-json\/wp\/v2\/posts"}],"about":[{"href":"https:\/\/www.europesays.com\/fr\/wp-json\/wp\/v2\/types\/post"}],"author":[{"embeddable":true,"href":"https:\/\/www.europesays.com\/fr\/wp-json\/wp\/v2\/users\/2"}],"replies":[{"embeddable":true,"href":"https:\/\/www.europesays.com\/fr\/wp-json\/wp\/v2\/comments?post=471011"}],"version-history":[{"count":0,"href":"https:\/\/www.europesays.com\/fr\/wp-json\/wp\/v2\/posts\/471011\/revisions"}],"wp:featuredmedia":[{"embeddable":true,"href":"https:\/\/www.europesays.com\/fr\/wp-json\/wp\/v2\/media\/471012"}],"wp:attachment":[{"href":"https:\/\/www.europesays.com\/fr\/wp-json\/wp\/v2\/media?parent=471011"}],"wp:term":[{"taxonomy":"category","embeddable":true,"href":"https:\/\/www.europesays.com\/fr\/wp-json\/wp\/v2\/categories?post=471011"},{"taxonomy":"post_tag","embeddable":true,"href":"https:\/\/www.europesays.com\/fr\/wp-json\/wp\/v2\/tags?post=471011"}],"curies":[{"name":"wp","href":"https:\/\/api.w.org\/{rel}","templated":true}]}}