{"id":471018,"date":"2025-10-17T22:40:24","date_gmt":"2025-10-17T22:40:24","guid":{"rendered":"https:\/\/www.europesays.com\/fr\/471018\/"},"modified":"2025-10-17T22:40:24","modified_gmt":"2025-10-17T22:40:24","slug":"etat-preoccupant-intervention-dans-le-cadre-dune-maladie-grave-brigitte-bardot-hospitalisee-a-toulon-nice-matin","status":"publish","type":"post","link":"https:\/\/www.europesays.com\/fr\/471018\/","title":{"rendered":"\u00c9tat pr\u00e9occupant, \u00ab intervention dans le cadre d&#039;une maladie grave \u00bb : Brigitte Bardot hospitalis\u00e9e \u00e0 Toulon &#8211; Nice-Matin"},"content":{"rendered":"<ol>\n<li><a href=\"https:\/\/news.google.com\/rss\/articles\/CBMihwFBVV95cUxQNnpUYm1tVGRVVHdOdDBEeHZ3Ymk1N1JCY3dITWlNYTdSUk9sQ0hkM0ZjSXNFZlRVSGlyUGZVWlNJWHRMRFd3d0x3N0NXYkpTNUx4bWh0TGlFZFJGWlcteDdEWnRNQjVMMWNHcWlPYldnTmo1TVFZSTM2MG1qTlpvM254VW5GNnM?oc=5\" target=\"_blank\" rel=\"nofollow noopener\">\u00c9tat pr\u00e9occupant, \u00ab intervention dans le cadre d&rsquo;une maladie grave \u00bb : Brigitte Bardot hospitalis\u00e9e \u00e0 Toulon<\/a>&nbsp;&nbsp;Nice-Matin<\/li>\n<li><a href=\"https:\/\/news.google.com\/rss\/articles\/CBMilgFBVV95cUxOeXEwc1lCMkNBUFY5NXl3cURpOWRFQ21VeUtRdzEwRlFuSlhQeTRwbHhiNWFYNDRRemJib1pTUk5ySkQ2TFp6cmhkY1Nua082U1N1Y1J5TWRNalZLaElrdWQwTmhtRGt1endNX2VwSHJsVnlTQmo3LWkzVWpHSmtiSF9wNFlaTGNtSkJVSUNRaGRRb1hHQlE?oc=5\" target=\"_blank\" rel=\"nofollow noopener\">Brigitte Bardot hospitalis\u00e9e \u00e0 Toulon<\/a>&nbsp;&nbsp;francebleu.fr<\/li>\n<li><a href=\"https:\/\/news.google.com\/rss\/articles\/CBMi3gFBVV95cUxNU0hYRi04QzhMbG40MHdfYk1pclBYVC1VeFRmWXM4OVJfYXpWa1VjUEgwNGJ0TWlxVk9CR0FoZ01ZNnMxZjZlSFlMTDh1NU1hbXVuOXpMTXptOUtkb1hVR1VZdDFTNDQyMjlDTlZCYkxjN2xzOE8zbmJjb3I2aFFGRDN3U0NZbEtfdU9iVVRGaHV5OVhlNExfUzR5emQ1QmZCTUtqY1ZUS2lzMkVOZ2xoN1VOMHBBeHhZc2FNZVhCdHRsMWpuLWFYVUltQjd2ekhyVjdkZWRpNWFQYmFzQmc?oc=5\" target=\"_blank\" rel=\"nofollow noopener\">Brigitte Bardot est sortie de l&rsquo;h\u00f4pital apr\u00e8s une intervention chirurgicale<\/a>&nbsp;&nbsp;France Info<\/li>\n<li><a href=\"https:\/\/news.google.com\/rss\/articles\/CBMi1wFBVV95cUxONGtUSUlSb0gtNWR1RUw3YzJyN3piMVhXT25sVENRdzRNWllUWk5BbGhkTzF3cXVLeVhrQlpabHV4bU80dmZ6MlViU3V1NUQtMVhmXzdNRWZncm9EelZsTGdVRjNjQk1QN0htTkp6Mm9jaE1CR3Q3Q3pQWG5ZcHA5di1MUXBDQndmWVUycnpvd3F1X01ScW1GSjVmdmhEdElhdWZNQ1lKWnpPYzRJcWZYNFQ5amNfWTJycTJ0a1pEWElsaHQ1Yk1OdmViM2Y2NkdESDA0Rl8wQQ?oc=5\" target=\"_blank\" rel=\"nofollow noopener\">L\u2019actrice Brigitte Bardot est sortie de l\u2019h\u00f4pital apr\u00e8s avoir subi une op\u00e9ration \u00e0 Toulon<\/a>&nbsp;&nbsp;Ouest-France<\/li>\n<li><a href=\"https:\/\/news.google.com\/rss\/articles\/CBMiigJBVV95cUxPSWxEWjVLb1FaYTdocGxoMXNKQW52aUhhYzFmTlFpTGltUGdobmtuRlNPXzQxbWZ1V240VHdNaXlPZjJRWFExb2lWTFJuRkNpMnktQ21pZUwyeHRTSm5kUURiQVByYi03REdvM0RObGVmVmdFRVJCeVV1SGtseTNqY1VtNnA0VXk4X1ZRRExvVmozYmNnT1pNYmNkQXJOYWl2MjFGYXhVWUxyZERxSndyc1liNld6c0QtYzNwblA4bmtmRGYtVklhT2kwMElvZm5uV3BoanZaS20zc3dOOUtIQjJJeGJXZjhCMG1sYlFrM0JkNkt6NG5CMmtLQU5JSzM1OFJZWi0xS0xJUQ?oc=5\" target=\"_blank\" rel=\"nofollow noopener\">Inqui\u00e9tudes \u00e0 Saint-Tropez autour de la sant\u00e9 de Brigitte Bardot : \u00ab Pour nous, elle est immortelle<\/a>&nbsp;&nbsp;Le Parisien<\/li>\n<\/ol>\n","protected":false},"excerpt":{"rendered":"\u00c9tat pr\u00e9occupant, \u00ab intervention dans le cadre d&rsquo;une maladie grave \u00bb : Brigitte Bardot hospitalis\u00e9e \u00e0 Toulon&nbsp;&nbsp;Nice-Matin Brigitte&hellip;\n","protected":false},"author":2,"featured_media":471019,"comment_status":"","ping_status":"","sticky":false,"template":"","format":"standard","meta":{"footnotes":""},"categories":[9619],"tags":[1111,11,1777,674,1011,27,12,882,25,2310],"class_list":{"0":"post-471018","1":"post","2":"type-post","3":"status-publish","4":"format-standard","5":"has-post-thumbnail","7":"category-toulon","8":"tag-actu","9":"tag-actualites","10":"tag-eu","11":"tag-europe","12":"tag-fr","13":"tag-france","14":"tag-news","15":"tag-provence-alpes-cote-dazur","16":"tag-republique-francaise","17":"tag-toulon"},"share_on_mastodon":{"url":"https:\/\/pubeurope.com\/@fr\/115391917477246519","error":""},"_links":{"self":[{"href":"https:\/\/www.europesays.com\/fr\/wp-json\/wp\/v2\/posts\/471018","targetHints":{"allow":["GET"]}}],"collection":[{"href":"https:\/\/www.europesays.com\/fr\/wp-json\/wp\/v2\/posts"}],"about":[{"href":"https:\/\/www.europesays.com\/fr\/wp-json\/wp\/v2\/types\/post"}],"author":[{"embeddable":true,"href":"https:\/\/www.europesays.com\/fr\/wp-json\/wp\/v2\/users\/2"}],"replies":[{"embeddable":true,"href":"https:\/\/www.europesays.com\/fr\/wp-json\/wp\/v2\/comments?post=471018"}],"version-history":[{"count":0,"href":"https:\/\/www.europesays.com\/fr\/wp-json\/wp\/v2\/posts\/471018\/revisions"}],"wp:featuredmedia":[{"embeddable":true,"href":"https:\/\/www.europesays.com\/fr\/wp-json\/wp\/v2\/media\/471019"}],"wp:attachment":[{"href":"https:\/\/www.europesays.com\/fr\/wp-json\/wp\/v2\/media?parent=471018"}],"wp:term":[{"taxonomy":"category","embeddable":true,"href":"https:\/\/www.europesays.com\/fr\/wp-json\/wp\/v2\/categories?post=471018"},{"taxonomy":"post_tag","embeddable":true,"href":"https:\/\/www.europesays.com\/fr\/wp-json\/wp\/v2\/tags?post=471018"}],"curies":[{"name":"wp","href":"https:\/\/api.w.org\/{rel}","templated":true}]}}