{"id":47102,"date":"2025-04-23T17:20:15","date_gmt":"2025-04-23T17:20:15","guid":{"rendered":"https:\/\/www.europesays.com\/fr\/47102\/"},"modified":"2025-04-23T17:20:15","modified_gmt":"2025-04-23T17:20:15","slug":"elle-partage-son-quotidien-sur-tiktok","status":"publish","type":"post","link":"https:\/\/www.europesays.com\/fr\/47102\/","title":{"rendered":"elle partage son quotidien sur TikTok"},"content":{"rendered":"<p>Malgr\u00e9 un trouble du d\u00e9ficit de l\u2019attention avec hyperactivit\u00e9 (TDAH) qui rythme son quotidien, Charleyne Spagnolo, 26 ans et originaire de Saint-Chamond, g\u00e8re avec d\u00e9termination les d\u00e9fis du quotidien. Depuis son enfance, Charleyne a du mal \u00e0 se concentrer. \u00ab\u00a0On me disait souvent que j\u2019\u00e9tais dans la lune. Tout me demandait bien plus d\u2019efforts que les autres. C\u2019\u00e9tait frustrant, parce que je voulais bien faire, mais mon cerveau fonctionnait autrement\u00a0\u00bb,&#8230;<\/p>\n","protected":false},"excerpt":{"rendered":"Malgr\u00e9 un trouble du d\u00e9ficit de l\u2019attention avec hyperactivit\u00e9 (TDAH) qui rythme son quotidien, Charleyne Spagnolo, 26 ans&hellip;\n","protected":false},"author":2,"featured_media":47103,"comment_status":"","ping_status":"","sticky":false,"template":"","format":"standard","meta":{"footnotes":""},"categories":[9653],"tags":[1111,11,2430,7539,1777,674,1011,27,12,25,9669,9670,4001,104],"class_list":{"0":"post-47102","1":"post","2":"type-post","3":"status-publish","4":"format-standard","5":"has-post-thumbnail","7":"category-saint-etienne","8":"tag-actu","9":"tag-actualites","10":"tag-auvergne-rhone-alpes","11":"tag-edition-loire-sud","12":"tag-eu","13":"tag-europe","14":"tag-fr","15":"tag-france","16":"tag-news","17":"tag-republique-francaise","18":"tag-saint-chamond","19":"tag-saint-chamond-ville","20":"tag-saint-etienne","21":"tag-societe"},"share_on_mastodon":{"url":"https:\/\/pubeurope.com\/@fr\/114388429940983225","error":""},"_links":{"self":[{"href":"https:\/\/www.europesays.com\/fr\/wp-json\/wp\/v2\/posts\/47102","targetHints":{"allow":["GET"]}}],"collection":[{"href":"https:\/\/www.europesays.com\/fr\/wp-json\/wp\/v2\/posts"}],"about":[{"href":"https:\/\/www.europesays.com\/fr\/wp-json\/wp\/v2\/types\/post"}],"author":[{"embeddable":true,"href":"https:\/\/www.europesays.com\/fr\/wp-json\/wp\/v2\/users\/2"}],"replies":[{"embeddable":true,"href":"https:\/\/www.europesays.com\/fr\/wp-json\/wp\/v2\/comments?post=47102"}],"version-history":[{"count":0,"href":"https:\/\/www.europesays.com\/fr\/wp-json\/wp\/v2\/posts\/47102\/revisions"}],"wp:featuredmedia":[{"embeddable":true,"href":"https:\/\/www.europesays.com\/fr\/wp-json\/wp\/v2\/media\/47103"}],"wp:attachment":[{"href":"https:\/\/www.europesays.com\/fr\/wp-json\/wp\/v2\/media?parent=47102"}],"wp:term":[{"taxonomy":"category","embeddable":true,"href":"https:\/\/www.europesays.com\/fr\/wp-json\/wp\/v2\/categories?post=47102"},{"taxonomy":"post_tag","embeddable":true,"href":"https:\/\/www.europesays.com\/fr\/wp-json\/wp\/v2\/tags?post=47102"}],"curies":[{"name":"wp","href":"https:\/\/api.w.org\/{rel}","templated":true}]}}