{"id":471020,"date":"2025-10-17T22:41:15","date_gmt":"2025-10-17T22:41:15","guid":{"rendered":"https:\/\/www.europesays.com\/fr\/471020\/"},"modified":"2025-10-17T22:41:15","modified_gmt":"2025-10-17T22:41:15","slug":"star-academy-a-zenith-toulon-2026","status":"publish","type":"post","link":"https:\/\/www.europesays.com\/fr\/471020\/","title":{"rendered":"Star Academy \u00e0 Z\u00e9nith Toulon 2026"},"content":{"rendered":"<p class=\"intro\">Les acad\u00e9miciens de la nouvelle promotion de La Star Academy se produiront en concert au Z\u00e9nith de Toulon le samedi 6 juin 2026 \u00e0 20h. Ce spectacle in\u00e9dit fait partie du Star Academy Tour 2026 qui revisite les meilleurs moments de l&rsquo;aventure musicale avec une nouvelle setlist et des chor\u00e9graphies renouvel\u00e9es. La salle toulonnaise accueillera cet \u00e9v\u00e9nement musical attendu dans le cadre d&rsquo;une tourn\u00e9e qui parcourt la France, la Belgique et la Suisse. Les billets sont disponibles d\u00e8s maintenant pour cette soir\u00e9e exceptionnelle.<\/p>\n<p>\u00c0 Toulon, les acad\u00e9miciens de la Star Academy investissent la sc\u00e8ne du Z\u00e9nith<\/p>\n<p>Le Star Academy Tour 2026 propose un show totalement renouvel\u00e9 avec les artistes de la nouvelle promotion. Au programme de cette soir\u00e9e, les spectateurs d\u00e9couvriront des <strong>chor\u00e9graphies endiabl\u00e9es<\/strong>, les <strong>meilleures reprises<\/strong> de chansons favorites et une <strong>ambiance explosive<\/strong> qui promet de faire revivre les moments forts de l&rsquo;aventure au ch\u00e2teau.<\/p>\n<p><img decoding=\"async\" loading=\"lazy\" src=\"https:\/\/www.europesays.com\/fr\/wp-content\/uploads\/2025\/10\/star-academy-tour-2026-tickets_454199_3656585_222x222.jpg\" alt=\"Star Academy - Tourn\u00e9e\" class=\"border\"\/><\/p>\n<p>Cette nouvelle version du spectacle fait peau neuve apr\u00e8s avoir conquis pr\u00e8s d&rsquo;un million de spectateurs lors de plus de 130 repr\u00e9sentations. Le public du Var pourra ainsi vivre l&rsquo;exp\u00e9rience Star Academy en live avec les acad\u00e9miciens de cette promotion in\u00e9dite. Pour d\u00e9couvrir d&rsquo;autres \u00e9v\u00e9nements musicaux dans la r\u00e9gion, consultez les <a href=\"https:\/\/www.jds.fr\/toulon\/agenda\/musique-et-concerts-96_B\" rel=\"nofollow noopener\" target=\"_blank\">concerts programm\u00e9s \u00e0 Toulon<\/a> tout au long de l&rsquo;ann\u00e9e.<\/p>\n<p>Billetterie pour la Star Academy au Z\u00e9nith de Toulon<\/p>\n<p><a class=\"btn btn-lg shadow-lg btn-primary rounded-pill fnac_link\" data-fnac=\"in_article\" href=\"https:\/\/www.awin1.com\/pclick.php?p=42853066526&amp;a=634278&amp;m=12494&amp;clickref=in_article-A-desktop\" target=\"_blank\" rel=\"nofollow noopener\"> Acheter des billets<\/a><\/p>\n<p>Pour assister \u00e0 ce spectacle musical au Z\u00e9nith de Toulon, les <strong>prix des billets<\/strong> s&rsquo;\u00e9chelonnent de <strong>53\u00a0\u20ac \u00e0 150\u00a0\u20ac<\/strong> selon l&#8217;emplacement choisi. Face \u00e0 la popularit\u00e9 des acad\u00e9miciens et l&rsquo;engouement pour ce nouveau tour, il est recommand\u00e9 de r\u00e9server rapidement vos <strong>billets<\/strong> pour ne pas manquer cet \u00e9v\u00e9nement incontournable. Vous pouvez acheter vos places d\u00e8s maintenant via la billetterie en ligne.<\/p>\n<p>Comment aller au Z\u00e9nith de Toulon\u00a0?<\/p>\n<p>Plusieurs options s&rsquo;offrent \u00e0 vous pour rejoindre le <a href=\"https:\/\/www.jds.fr\/toulon\/salle-de-concert\/zenith-de-toulon-15889_L\" rel=\"nofollow noopener\" target=\"_blank\">Z\u00e9nith de Toulon<\/a>. En voiture, depuis Marseille, prenez l&rsquo;<strong>A50<\/strong> et sortez \u00e0\u00a0\u00ab\u00a0Toulon centre\u00a0\u00bb, puis suivez l&rsquo;Avenue des Dardanelles. Depuis Nice, sortez au <strong>Rond-point Bir-Hakeim<\/strong> et empruntez le Boulevard Georges Cl\u00e9menceau. Le parking <strong>Q-Park Z\u00e9nith<\/strong> de 660 places sur 4 niveaux est situ\u00e9 \u00e0 proximit\u00e9 imm\u00e9diate et propose des forfaits sp\u00e9ciaux lors des concerts.<\/p>\n<p>Les <strong>transports en commun<\/strong> du R\u00e9seau Mistral desservent \u00e9galement le quartier avec plusieurs lignes de bus permettant de rejoindre le centre-ville de Toulon. La salle est enti\u00e8rement accessible aux <strong>personnes \u00e0 mobilit\u00e9 r\u00e9duite<\/strong> avec des places de parking r\u00e9serv\u00e9es, un couloir d&rsquo;entr\u00e9e sp\u00e9cifique et des emplacements d\u00e9di\u00e9s \u00e0 l&rsquo;int\u00e9rieur.<\/p>\n<p class=\"mise_en_avant\">Notre conseil\u00a0: privil\u00e9giez le parking Q-Park Z\u00e9nith pour sa proximit\u00e9 imm\u00e9diate avec la salle et ses forfaits avantageux lors des \u00e9v\u00e9nements.<\/p>\n<p>Apr\u00e8s ce concert de la Star Academy, le Z\u00e9nith de Toulon accueillera \u00e9galement <a href=\"https:\/\/www.jds.fr\/toulon\/spectacles\/la-legende-de-monte-cristo-le-musical-tournee-913799_A\" rel=\"nofollow noopener\" target=\"_blank\">La L\u00e9gende de Monte-Cristo, le Musical au Z\u00e9nith de Toulon<\/a>, une autre production spectaculaire \u00e0 d\u00e9couvrir dans cette salle de r\u00e9f\u00e9rence du Var.<\/p>\n<p class=\"font-size-30 fw-bold lh-1 mt-0 mb-4\">Je trouve les meilleures sorties dans ma ville<\/p>\n","protected":false},"excerpt":{"rendered":"Les acad\u00e9miciens de la nouvelle promotion de La Star Academy se produiront en concert au Z\u00e9nith de Toulon&hellip;\n","protected":false},"author":2,"featured_media":468537,"comment_status":"","ping_status":"","sticky":false,"template":"","format":"standard","meta":{"footnotes":""},"categories":[9619],"tags":[1111,11,1777,674,1011,27,12,882,25,2310],"class_list":{"0":"post-471020","1":"post","2":"type-post","3":"status-publish","4":"format-standard","5":"has-post-thumbnail","7":"category-toulon","8":"tag-actu","9":"tag-actualites","10":"tag-eu","11":"tag-europe","12":"tag-fr","13":"tag-france","14":"tag-news","15":"tag-provence-alpes-cote-dazur","16":"tag-republique-francaise","17":"tag-toulon"},"share_on_mastodon":{"url":"https:\/\/pubeurope.com\/@fr\/115391921655140888","error":""},"_links":{"self":[{"href":"https:\/\/www.europesays.com\/fr\/wp-json\/wp\/v2\/posts\/471020","targetHints":{"allow":["GET"]}}],"collection":[{"href":"https:\/\/www.europesays.com\/fr\/wp-json\/wp\/v2\/posts"}],"about":[{"href":"https:\/\/www.europesays.com\/fr\/wp-json\/wp\/v2\/types\/post"}],"author":[{"embeddable":true,"href":"https:\/\/www.europesays.com\/fr\/wp-json\/wp\/v2\/users\/2"}],"replies":[{"embeddable":true,"href":"https:\/\/www.europesays.com\/fr\/wp-json\/wp\/v2\/comments?post=471020"}],"version-history":[{"count":0,"href":"https:\/\/www.europesays.com\/fr\/wp-json\/wp\/v2\/posts\/471020\/revisions"}],"wp:featuredmedia":[{"embeddable":true,"href":"https:\/\/www.europesays.com\/fr\/wp-json\/wp\/v2\/media\/468537"}],"wp:attachment":[{"href":"https:\/\/www.europesays.com\/fr\/wp-json\/wp\/v2\/media?parent=471020"}],"wp:term":[{"taxonomy":"category","embeddable":true,"href":"https:\/\/www.europesays.com\/fr\/wp-json\/wp\/v2\/categories?post=471020"},{"taxonomy":"post_tag","embeddable":true,"href":"https:\/\/www.europesays.com\/fr\/wp-json\/wp\/v2\/tags?post=471020"}],"curies":[{"name":"wp","href":"https:\/\/api.w.org\/{rel}","templated":true}]}}