{"id":471021,"date":"2025-10-17T22:42:11","date_gmt":"2025-10-17T22:42:11","guid":{"rendered":"https:\/\/www.europesays.com\/fr\/471021\/"},"modified":"2025-10-17T22:42:11","modified_gmt":"2025-10-17T22:42:11","slug":"une-affaire-troublante-de-35-cambriolages-resolue-en-un-mois","status":"publish","type":"post","link":"https:\/\/www.europesays.com\/fr\/471021\/","title":{"rendered":"une affaire troublante de 35 cambriolages r\u00e9solue en un mois"},"content":{"rendered":"<p>            Par<br \/>\n        <strong><br \/>\n            <a href=\"https:\/\/actu.fr\/auteur\/lea-pippinato\" title=\"Consulter tous les articles de L\u00e9a Pippinato\" target=\"_blank\" rel=\"noopener\">L\u00e9a Pippinato<\/a><br \/>\n        <\/strong><\/p>\n<p>        Publi\u00e9 le<\/p>\n<p>            17 oct. 2025 \u00e0 18h55        <\/p>\n<p><strong>Le 30 septembre<\/strong>, la police nationale de Montpellier re\u00e7oit la plainte d\u2019un habitant de la rue Serge Lifar. Deux jours plus t\u00f4t, le 28 septembre, cet homme a d\u00e9couvert que son v\u00e9lo, son aspirateur et du vin avaient disparu de son box, situ\u00e9 dans les parkings souterrains de sa r\u00e9sidence. En tout, cinq boxes ont \u00e9t\u00e9 visit\u00e9s.<\/p>\n<p>    <a href=\"https:\/\/www.google.com\/maps\/embed?pb=!1m18!1m12!1m3!1d2888.3267202139364!2d3.8362899764604625!3d43.620558371103655!2m3!1f0!2f0!3f0!3m2!1i1024!2i768!4f13.1!3m3!1m2!1s0x12b6ae8e16d2a673%3A0x3ac68f9332b11a2!2sRue%20Serge%20Lifar%2C%2034080%20Montpellier!5e0!3m2!1sen!2sfr!4v1760720098856!5m2!1sen!2sfr\" title=\"Ouvrie le lien\" target=\"_blank\" rel=\"noopener\">Cliquez ici pour visualiser le contenu<\/a><\/p>\n<p class=\" wall-content\">La r\u00e9sidence est \u00e9quip\u00e9e d\u2019un syst\u00e8me de vid\u00e9osurveillance. Les images permettent de rep\u00e9rer un v\u00e9hicule suspect. Les enqu\u00eateurs parviennent \u00e0 identifier son conducteur, un homme de 39 ans, bien connu des services de police. Il vient tout juste de sortir de prison, le 1er ao\u00fbt, apr\u00e8s une peine pour des faits similaires.<\/p>\n<p>Un v\u00e9hicule vol\u00e9 pour commettre les vols<\/p>\n<p class=\" wall-content\">L\u2019exploitation des images r\u00e9v\u00e8le un nouveau d\u00e9tail. Le v\u00e9hicule utilis\u00e9 est lui-m\u00eame vol\u00e9. Il a \u00e9t\u00e9 d\u00e9rob\u00e9 <strong>le 16 septembre<\/strong> \u00e0 Juvignac. Gr\u00e2ce \u00e0 la plaque d\u2019immatriculation, les policiers suivent sa trace. Le v\u00e9hicule est rep\u00e9r\u00e9 \u00e0 plusieurs reprises dans la m\u00e9tropole montpelli\u00e9raine. La brigade d\u2019atteinte aux biens du SLPJ (service local de police judiciaire) de Montpellier met alors en place une surveillance en lien avec la Bac (brigade anti-criminalit\u00e9) et le CSU (centre de supervision urbaine).<\/p>\n<p class=\" wall-content\">Les surveillances permettent d\u2019identifier un complice de 43 ans. Cet homme, lui aussi connu des services de police, assiste le premier. Ensemble, ils ciblent les parkings souterrains d\u2019immeubles. Leur m\u00e9thode est toujours la m\u00eame : forcer les boxes, fouiller et s\u2019emparer de tout objet revendable : aspirateurs, sacs, valises, v\u00e9los\u2026 <strong> Le 14 octobre<\/strong>, un nouveau vol est constat\u00e9 \u00e0 Montpellier. Le v\u00e9hicule vol\u00e9, utilis\u00e9 pour transporter le butin, est retrouv\u00e9 abandonn\u00e9, pneus crev\u00e9s, sur un parking. Les deux hommes ne s\u2019arr\u00eatent pas pour autant. Ils en d\u00e9robent aussit\u00f4t un autre, \u00e9galement rep\u00e9r\u00e9 par les enqu\u00eateurs.<\/p>\n<p>Vid\u00e9os : en ce moment sur ActuLe pi\u00e8ge se referme \u00e0 Grabels<\/p>\n<p class=\" wall-content\">Le lendemain, les policiers localisent les suspects \u00e0 Grabels. Peu avant 19h, les deux hommes sortent d\u2019un appartement occup\u00e9 par une femme, mise hors de cause, et sont interpell\u00e9s. Plac\u00e9s en garde \u00e0 vue, les deux suspects reconnaissent partiellement les faits. Les enqu\u00eateurs recensent au total <strong>35 cambriolages<\/strong> entre le 8 septembre et le 15 octobre, principalement \u00e0 Montpellier et Juvignac. Les deux hommes ont agi avec la m\u00eame m\u00e9thode et n\u2019ont pas h\u00e9sit\u00e9 \u00e0 s\u2019en prendre \u00e0 une personne surprise sur place. Les voleurs pr\u00e9sum\u00e9s ont \u00e9t\u00e9 d\u00e9f\u00e9r\u00e9s <strong>ce vendredi 17 octobre<\/strong> \u00e0 14h devant le parquet de Montpellier.\u00a0<\/p>\n<p class=\" wall-content\">Personnalisez votre actualit\u00e9 en ajoutant vos villes et m\u00e9dias en favori avec <a href=\"https:\/\/moncompte.actu.fr\" title=\"D\u00e9couvez Mon Actu\" rel=\"nofollow noopener\" data-trk=\"{&quot;cta&quot;:{&quot;action&quot;:&quot;https:\\\/\\\/moncompte.actu.fr&quot;,&quot;category&quot;:&quot;mon compte&quot;,&quot;from&quot;:&quot;article footer&quot;,&quot;name&quot;:&quot;Mon actu&quot;,&quot;type&quot;:&quot;cta&quot;}}\" target=\"_blank\">Mon Actu<\/a>.<\/p>\n","protected":false},"excerpt":{"rendered":"Par L\u00e9a Pippinato Publi\u00e9 le 17 oct. 2025 \u00e0 18h55 Le 30 septembre, la police nationale de Montpellier&hellip;\n","protected":false},"author":2,"featured_media":471022,"comment_status":"","ping_status":"","sticky":false,"template":"","format":"standard","meta":{"footnotes":""},"categories":[9599],"tags":[1111,11,1174,1777,674,118,1011,27,303,2208,12,2680,1072,25],"class_list":{"0":"post-471021","1":"post","2":"type-post","3":"status-publish","4":"format-standard","5":"has-post-thumbnail","7":"category-montpellier","8":"tag-actu","9":"tag-actualites","10":"tag-cambriolage","11":"tag-eu","12":"tag-europe","13":"tag-faits-divers","14":"tag-fr","15":"tag-france","16":"tag-justice","17":"tag-montpellier","18":"tag-news","19":"tag-occitanie","20":"tag-police","21":"tag-republique-francaise"},"share_on_mastodon":{"url":"https:\/\/pubeurope.com\/@fr\/115391925158366053","error":""},"_links":{"self":[{"href":"https:\/\/www.europesays.com\/fr\/wp-json\/wp\/v2\/posts\/471021","targetHints":{"allow":["GET"]}}],"collection":[{"href":"https:\/\/www.europesays.com\/fr\/wp-json\/wp\/v2\/posts"}],"about":[{"href":"https:\/\/www.europesays.com\/fr\/wp-json\/wp\/v2\/types\/post"}],"author":[{"embeddable":true,"href":"https:\/\/www.europesays.com\/fr\/wp-json\/wp\/v2\/users\/2"}],"replies":[{"embeddable":true,"href":"https:\/\/www.europesays.com\/fr\/wp-json\/wp\/v2\/comments?post=471021"}],"version-history":[{"count":0,"href":"https:\/\/www.europesays.com\/fr\/wp-json\/wp\/v2\/posts\/471021\/revisions"}],"wp:featuredmedia":[{"embeddable":true,"href":"https:\/\/www.europesays.com\/fr\/wp-json\/wp\/v2\/media\/471022"}],"wp:attachment":[{"href":"https:\/\/www.europesays.com\/fr\/wp-json\/wp\/v2\/media?parent=471021"}],"wp:term":[{"taxonomy":"category","embeddable":true,"href":"https:\/\/www.europesays.com\/fr\/wp-json\/wp\/v2\/categories?post=471021"},{"taxonomy":"post_tag","embeddable":true,"href":"https:\/\/www.europesays.com\/fr\/wp-json\/wp\/v2\/tags?post=471021"}],"curies":[{"name":"wp","href":"https:\/\/api.w.org\/{rel}","templated":true}]}}