{"id":471023,"date":"2025-10-17T22:43:20","date_gmt":"2025-10-17T22:43:20","guid":{"rendered":"https:\/\/www.europesays.com\/fr\/471023\/"},"modified":"2025-10-17T22:43:20","modified_gmt":"2025-10-17T22:43:20","slug":"grands-debuts-a-montpellier-pour-largentin-justo-piccardo-revelation-du-rugby-championship","status":"publish","type":"post","link":"https:\/\/www.europesays.com\/fr\/471023\/","title":{"rendered":"grands d\u00e9buts \u00e0 Montpellier pour l&rsquo;Argentin Justo Piccardo, r\u00e9v\u00e9lation du Rugby Championship"},"content":{"rendered":"<p>\n    La titularisation du jeune Puma (23 ans), face au LOU ce samedi, est pr\u00e9cipit\u00e9e par l\u2019h\u00e9catombe de blessures touchant le MHR au poste de trois-quarts.<\/p>\n<p class=\"fig-paragraph\">Grande premi\u00e8re au MHR ce week-end. Le nouveau centre international argentin de\u00a0<a href=\"http:\/\/www.lefigaro.fr\/sports\/rugby\/top-14\/top-14-montpellier-ne-fait-qu-une-bouchee-de-la-rochelle-20251004\" data-fig-type=\"NewsFlash\" data-gtm-custom-categorie=\"navigation\" data-gtm-custom-action=\"crossclick\" data-gtm-custom-label=\"Contextuel\" data-gtm-event=\"customEventSPE\" data-fig-domain=\"LEFIGARO\" rel=\"nofollow noopener\" target=\"_blank\">Montpellier<\/a>\u00a0Justo Piccardo (23 ans, neuf s\u00e9lections) effectuera ses d\u00e9buts en Top 14 samedi (16h35) contre Lyon.<\/p>\n<p class=\"fig-paragraph\">Piccardo (1,83 m, 112 kg), qui s&rsquo;est engag\u00e9 pour une saison au MHR, s&rsquo;est r\u00e9v\u00e9l\u00e9 au cours de l&rsquo;\u00e9t\u00e9 sous le maillot des Pumas, avec lesquels il a pris part au\u00a0<a href=\"http:\/\/www.lefigaro.fr\/sports\/rugby\/rugby-pourquoi-il-n-y-aura-pas-de-rugby-championship-en-2026-20251016\" data-fig-type=\"NewsFlash\" data-gtm-custom-categorie=\"navigation\" data-gtm-custom-action=\"crossclick\" data-gtm-custom-label=\"Contextuel\" data-gtm-event=\"customEventSPE\" data-fig-domain=\"LEFIGARO\" rel=\"nofollow noopener\" target=\"_blank\">Rugby Championship<\/a>. Il a rejoint Montpellier il y a deux semaines, apr\u00e8s la fin de la comp\u00e9tition.<\/p>\n<p>                                    <a class=\"fig-a11y-skip a11y-hidden\" href=\"#fig-a11y-skip-main-inarticle\"><br \/>\n        Passer la publicit\u00e9<br \/>\n    <\/a><\/p>\n<p class=\"fig-paragraph\">Ce jeune et m\u00e9connu Puma, qui a d\u00e9but\u00e9 \u00e0 San Isodoro, a disput\u00e9 la saison pass\u00e9e avec le XV Pampas, une franchise de Buenos Aires. Piccardo d\u00e9butera samedi aux c\u00f4t\u00e9s de l&rsquo;autre Puma du MHR Domingo Miotti, qui s&rsquo;impose \u00e0 l&rsquo;ouverture en ce d\u00e9but de saison en l&rsquo;absence de l&rsquo;ex international \u00e9cossais Stuart Hogg, convalescent.<\/p>\n<p class=\"fig-paragraph\">La titularisation de Piccardo a \u00e9t\u00e9 pr\u00e9cipit\u00e9e par l&rsquo;h\u00e9catombe de blessures au poste de trois-quarts. Le centre anglais Lennox Anyanwu, victime d&rsquo;une commotion c\u00e9r\u00e9brale la semaine pass\u00e9e face au Racing 92, l&rsquo;Irlandais Karl Martin, bless\u00e9 \u00e0 une \u00e9paule, et Auguste Cadot, touch\u00e9 \u00e0 une cuisse, sont en effet indisponibles. Montpellier, battu sur la pelouse du Racing 92 (32-25) la semaine pass\u00e9e, occupe la 11e place du Top 14 \u00e0 la veille de la 6e journ\u00e9e.<\/p>\n<p class=\"fig-paragraph\"><strong>Les compositions de Montpellier-Lyon\u00a0:<\/strong><\/p>\n<p class=\"fig-paragraph\">Montpellier\u00a0: Banks &#8211; Ngandebe, A. Vincent, Piccardo, Tambwe &#8211; (o) Miotti, (m) Bernadet &#8211; B\u00e9cogn\u00e9e, B. Vunipola, Nouchi (cap.) &#8211; Duguid, Beard &#8211; Japaridze, Uelese, Erdocio<\/p>\n<p class=\"fig-paragraph\">Rempla\u00e7ants: C. Tolofua, Forletta, Tauleigne, Masibaka, T. Vincent, Rates, Darmon, Haouas<\/p>\n<p>                                    <a class=\"fig-a11y-skip a11y-hidden\" href=\"#fig-a11y-skip-main-inarticle_mtf\"><br \/>\n        Passer la publicit\u00e9<br \/>\n    <\/a><\/p>\n<p class=\"fig-paragraph\">Lyon: Rattez &#8211; Wainiqolo, Parisien, Regard, Ioane &#8211; (o) Berdeu, (m) Gonzalez &#8211; Shvangiradze, S. Simmonds, Cretin (cap.) &#8211; Guillard, William &#8211; Aptsiauri, G. Marchand, J. Rey<\/p>\n<p class=\"fig-paragraph\">Rempla\u00e7ants: Sarragallet, Kaab\u00e8che, Geraci, Botha, Cassang, Lorre, Saginadze, Maalo<\/p>\n","protected":false},"excerpt":{"rendered":"La titularisation du jeune Puma (23 ans), face au LOU ce samedi, est pr\u00e9cipit\u00e9e par l\u2019h\u00e9catombe de blessures&hellip;\n","protected":false},"author":2,"featured_media":471024,"comment_status":"","ping_status":"","sticky":false,"template":"","format":"standard","meta":{"footnotes":""},"categories":[9599],"tags":[1111,11,1777,674,1011,27,14987,2208,12,2680,25],"class_list":{"0":"post-471023","1":"post","2":"type-post","3":"status-publish","4":"format-standard","5":"has-post-thumbnail","7":"category-montpellier","8":"tag-actu","9":"tag-actualites","10":"tag-eu","11":"tag-europe","12":"tag-fr","13":"tag-france","14":"tag-mhr","15":"tag-montpellier","16":"tag-news","17":"tag-occitanie","18":"tag-republique-francaise"},"share_on_mastodon":{"url":"https:\/\/pubeurope.com\/@fr\/115391929038478653","error":""},"_links":{"self":[{"href":"https:\/\/www.europesays.com\/fr\/wp-json\/wp\/v2\/posts\/471023","targetHints":{"allow":["GET"]}}],"collection":[{"href":"https:\/\/www.europesays.com\/fr\/wp-json\/wp\/v2\/posts"}],"about":[{"href":"https:\/\/www.europesays.com\/fr\/wp-json\/wp\/v2\/types\/post"}],"author":[{"embeddable":true,"href":"https:\/\/www.europesays.com\/fr\/wp-json\/wp\/v2\/users\/2"}],"replies":[{"embeddable":true,"href":"https:\/\/www.europesays.com\/fr\/wp-json\/wp\/v2\/comments?post=471023"}],"version-history":[{"count":0,"href":"https:\/\/www.europesays.com\/fr\/wp-json\/wp\/v2\/posts\/471023\/revisions"}],"wp:featuredmedia":[{"embeddable":true,"href":"https:\/\/www.europesays.com\/fr\/wp-json\/wp\/v2\/media\/471024"}],"wp:attachment":[{"href":"https:\/\/www.europesays.com\/fr\/wp-json\/wp\/v2\/media?parent=471023"}],"wp:term":[{"taxonomy":"category","embeddable":true,"href":"https:\/\/www.europesays.com\/fr\/wp-json\/wp\/v2\/categories?post=471023"},{"taxonomy":"post_tag","embeddable":true,"href":"https:\/\/www.europesays.com\/fr\/wp-json\/wp\/v2\/tags?post=471023"}],"curies":[{"name":"wp","href":"https:\/\/api.w.org\/{rel}","templated":true}]}}