{"id":471033,"date":"2025-10-17T22:48:15","date_gmt":"2025-10-17T22:48:15","guid":{"rendered":"https:\/\/www.europesays.com\/fr\/471033\/"},"modified":"2025-10-17T22:48:15","modified_gmt":"2025-10-17T22:48:15","slug":"un-evenement-juge-proche-de-lextreme-droite-est-annule","status":"publish","type":"post","link":"https:\/\/www.europesays.com\/fr\/471033\/","title":{"rendered":"un \u00e9v\u00e9nement jug\u00e9 proche de l&rsquo;extr\u00eame droite est annul\u00e9"},"content":{"rendered":"<p>            Par<br \/>\n        <strong><br \/>\n            <a href=\"https:\/\/actu.fr\/auteur\/maxime-turberville\" title=\"Consulter tous les articles de Maxime Turberville\" rel=\"nofollow noopener\" target=\"_blank\">Maxime Turberville<\/a><br \/>\n        <\/strong><\/p>\n<p>        Publi\u00e9 le<\/p>\n<p>            17 oct. 2025 \u00e0 16h32        <\/p>\n<p>Sur leurs r\u00e9seaux sociaux, les vid\u00e9os du <b>Canon Fran\u00e7ais<\/b> cumulent des millions de vues. On y voit de grands banquets au style \u00ab\u00a0franchouillard\u00a0\u00bb. Au menu : b\u00e9rets, vins et produits du terroir. C\u2019est cette ambiance que venaient rechercher les participants aux repas organis\u00e9s au <b>domaine du Ch\u00e2teau des P\u00e8res \u00e0 Pir\u00e9-Chanc\u00e9<\/b> (Ille-et-Vilaine), les 7, 8 et 9 novembre 2025. Mais face \u00e0 une p\u00e9tition de plusieurs centaines de signatures qui demandait l\u2019annulation de l\u2019\u00e9v\u00e9nement \u2013 accus\u00e9 d\u2019\u00eatre proche de l\u2019extr\u00eame droite \u2013 <b>la famille Legendre<\/b>, propri\u00e9taire du domaine, annonce l\u2019annulation de l\u2019\u00e9v\u00e8nement, ce vendredi 17 octobre.<\/p>\n<p>Un milliardaire ultra-conservateur au c\u0153ur de la pol\u00e9mique<\/p>\n<p class=\" wall-content\">Les banquets de la soci\u00e9t\u00e9 sp\u00e9cialis\u00e9e dans l\u2019\u00e9v\u00e9nementiel font un carton. Si bien qu\u2019au domaine du Ch\u00e2teau des P\u00e8res, ce n\u2019est pas un mais trois repas qui \u00e9taient annonc\u00e9s d\u00e9but novembre dans le tr\u00e8s joli cadre de l\u2019Orangerie.\u00a0<\/p>\n<p class=\" wall-content\">Le Canon Fran\u00e7ais annon\u00e7ait \u2018une immense ripaille festive\u00a0\u00bb et disait attendre \u00ab\u00a0tous les bretons et tous ceux qui veulent faire vibrer avec nous cette belle r\u00e9gion\u00a0\u00bb afin de \u00ab\u00a0partager et valoriser les produits du terroir, les artisans locaux et le patrimoine\u00a0\u00bb.\u00a0<\/p>\n<p class=\" wall-content\">Au menu du repas de cette soir\u00e9e \u00e0 80 euros : \u00ab\u00a0plus d\u20191kg de nourriture par personne\u00a0\u00bb.\u00a0<\/p>\n<blockquote class=\"tiktok-embed\" cite=\"https:\/\/www.tiktok.com\/@lecanonfrancais\/video\/7498759881084751126\" data-video-id=\"7498759881084751126\" data-embed-from=\"oembed\" style=\"max-width:605px; min-width:325px;\"><p>\n<a target=\"_blank\" title=\"@lecanonfrancais\" href=\"https:\/\/www.tiktok.com\/@lecanonfrancais?refer=embed\" rel=\"nofollow noopener\">@lecanonfrancais<\/a> <\/p>\n<p>\ud83d\ude05 Gros flop pour ce banquet\u2026 personne n\u2019est venu !  \ud83d\udd25 Si vous aussi comme les champenois vous ne voulez pas venir, nous vous attendons sur les prochains banquets ! (Lien dans la bio du compte)  <a title=\"flop\" target=\"_blank\" href=\"https:\/\/www.tiktok.com\/tag\/flop?refer=embed\" rel=\"nofollow noopener\">#flop<\/a> <a title=\"echec\" target=\"_blank\" href=\"https:\/\/www.tiktok.com\/tag\/echec?refer=embed\" rel=\"nofollow noopener\">#echec<\/a> <a title=\"banquet\" target=\"_blank\" href=\"https:\/\/www.tiktok.com\/tag\/banquet?refer=embed\" rel=\"nofollow noopener\">#banquet<\/a> <\/p>\n<p> <a target=\"_blank\" title=\"\u266c son original - Le Canon Fran\u00e7ais\" href=\"https:\/\/www.tiktok.com\/music\/son-original-7498759867841825558?refer=embed\" rel=\"nofollow noopener\">\u266c son original \u2013 Le Canon Fran\u00e7ais<\/a> <\/p>\n<\/blockquote>\n<p class=\" wall-content\">La soci\u00e9t\u00e9 Le Canon fran\u00e7ais, cr\u00e9\u00e9e par <b>G\u00e9raud de la Tour et Pierre-Alexandre de Boisse<\/b>, a \u00e9t\u00e9 rachet\u00e9e par le milliardaire ultra-conservateur Pierre-\u00c9douard St\u00e9rin.<\/p>\n<p class=\" wall-content\">Selon nos coll\u00e8gues de <a href=\"https:\/\/www.radiofrance.fr\/franceinter\/podcasts\/zoom-zoom-zen\/zoom-zoom-zen-du-vendredi-06-juin-2025-8896972\" rel=\"nofollow noopener\" target=\"_blank\">France Inter,<\/a> l\u2019une des plus grandes fortunes fran\u00e7aise entend consacrer <b>150 millions d\u2019euros \u00e0 la promotion des id\u00e9es d\u2019extr\u00eame droite<\/b> dans le cadre de son projet P\u00e9ricl\u00e8s.\u00a0<\/p>\n<p>Votre r\u00e9gion, votre actu !<\/p>\n<p>Recevez chaque jour les infos qui comptent pour vous.<\/p>\n<p>\t<a href=\"https:\/\/actu.fr\/newsletter\" class=\"ac-btn ac-btn--corner ac-btn--medium ac-btn--blue800\" rel=\"nofollow noopener\" target=\"_blank\">S&rsquo;incrire<\/a><\/p>\n<p class=\" wall-content\">C\u2019est ce que d\u00e9non\u00e7aient les opposants \u00e0 l\u2019\u00e9v\u00e9nement pr\u00e9vu au domaine du Ch\u00e2teau des P\u00e8res.<\/p>\n<p class=\" wall-content\">\u00ab\u00a0Si dans leur communication ses organisateurs jouent la carte de la respectabilit\u00e9, dans les faits leurs b\u00e9rets et leurs foulards ne suffisent pas \u00e0 \u00e9touffer les<b> <\/b>chants \u00e0 la gloire de <b>Bardella<\/b> en fin de repas, \u00e0 dissimuler leur racisme, leurs drapeaux royalistes, leurs saluts nazis et l\u2019app\u00e9tence pour la violence de certains participants \u00e0 leurs r\u00e9unions\u00a0\u00bb, \u00e9tait-il \u00e9crit dans la p\u00e9tition en ligne.\u00a0<\/p>\n<p class=\" wall-content\">Les p\u00e9titionnaires \u2013 des habitants du territoire du \u00ab\u00a0<b>pays de Vitr\u00e9, La Guerche, Ch\u00e2teaugiron et Roche aux F\u00e9es communaut\u00e9<\/b>\u00a0\u00bb \u2013 disaient refuser \u00ab\u00a0l\u2019instrumentalisation de nos cultures traditionnelles et gastronomiques \u00e0 des fins de propagande conservatrice et x\u00e9nophobe. Car nos traditions sont des moyens de rencontre, de partage, de solidarit\u00e9. Car nos campagnes doivent plus que jamais s\u2019affirmer en tant que territoires ouverts sur les autres et solidaires\u00a0\u00bb.<\/p>\n<p class=\" wall-content\">Les opposants concluaient leur p\u00e9tition en pointant le groupe Legendre qui \u00ab\u00a0prenait position\u00a0\u00bb et \u00ab\u00a0servait donc de tremplin \u00e0 l\u2019extr\u00eame droite en Bretagne\u00a0\u00bb.\u00a0<\/p>\n<p>Une situation tendue depuis plusieurs jours<\/p>\n<p class=\" wall-content\">Face \u00e0 la pol\u00e9mique, <b>Julien et Jean-Paul Legendre<\/b> ont d\u00e9cid\u00e9 de prendre la parole dans un communiqu\u00e9, vendredi 17 octobre.<\/p>\n<p class=\" wall-content\">Ils expliquent que cette d\u00e9cision est \u00ab\u00a0avant tout le reflet de nos valeurs : le Ch\u00e2teau des P\u00e8res a \u00e9t\u00e9 fond\u00e9 sur des principes d\u2019ouverture, de respect et de partage. La situation actuelle, qui a pris <b>une ampleur et une tournure qui nous d\u00e9passent totalement,<\/b> va \u00e0 l\u2019encontre de tout ce que nous d\u00e9fendons depuis la cr\u00e9ation du domaine.\u00a0\u00bb<\/p>\n<p class=\" wall-content\">Julien et Jean-Paul Legendre indiquent aussi que la <b>situation \u00e9tait particuli\u00e8rement tendue<\/b> ces derniers jours.\u00a0<\/p>\n<p class=\" wall-content\">\u00ab\u00a0Plusieurs de nos salari\u00e9s ont \u00e9t\u00e9 pris \u00e0 partie par des personnes ext\u00e9rieures. Face \u00e0 cela, notre priorit\u00e9 absolue est la s\u00e9curit\u00e9 de nos \u00e9quipes. Le Ch\u00e2teau des P\u00e8res emploie <b>pr\u00e8s de 80 salari\u00e9s<\/b>, dont la majorit\u00e9 habitent Pir\u00e9-Chanc\u00e9 et les communes alentour. Il est hors de question de les exposer davantage \u00e0 des risques li\u00e9s \u00e0 un climat devenu d\u00e9l\u00e9t\u00e8re. Nous sommes d\u00e9sol\u00e9s pour les <b>1 800 personnes<\/b> qui s\u2019\u00e9taient inscrites \u00e0 ces trois repas, mais nous ne pouvons maintenir un \u00e9v\u00e9nement dans un tel contexte de tension.\u00a0\u00bb<\/p>\n<p>\u00ab\u00a0Nous n\u2019avons eu connaissance d\u2019aucune intention politique\u00a0\u00bb<\/p>\n<p class=\" wall-content\">Le 7 juillet dernier, un contrat de location avait \u00e9t\u00e9 sign\u00e9 avec la soci\u00e9t\u00e9 Le Canon Fran\u00e7ais pour cet \u00e9v\u00e9nement.<\/p>\n<blockquote class=\"ac-article-quote wall-content\">\n<p>Nous n\u2019avons eu connaissance d\u2019aucune intention politique. Au moment de la signature, nous ignorions totalement l\u2019existence d\u2019un lien entre ce banquet et un fonds d\u2019investissement appartenant \u00e0 monsieur St\u00e9rin. Si nous avions eu le moindre doute sur une dimension partisane ou id\u00e9ologique, nous n\u2019aurions \u00e9videmment pas accept\u00e9 d\u2019y associer le lieu. Notre mission reste toujours la m\u00eame : offrir un cadre inspirant, accueillant et ouvert \u00e0 tous, sans jamais servir de relais \u00e0 des causes politiques quelles qu\u2019elles soient.\u00a0<\/p>\n<p>Julien et Jean-Paul Legendre<\/p><\/blockquote>\n<p class=\" wall-content\">Les propri\u00e9taires indiquent regretter \u00ab\u00a0profond\u00e9ment que des mouvements ext\u00e9rieurs aient cr\u00e9\u00e9 <b>un climat d\u2019agressivit\u00e9<\/b> tel que nos \u00e9quipes se retrouvent aujourd\u2019hui en ins\u00e9curit\u00e9. Nous aurions pr\u00e9f\u00e9r\u00e9 que les personnes \u00e0 l\u2019initiative de la p\u00e9tition prennent directement contact avec nous pour \u00e9changer avant de lancer cette mobilisation publique. Un dialogue ouvert et respectueux aurait sans doute permis de clarifier les faits et d\u2019\u00e9viter ces d\u00e9rives qui ont aliment\u00e9 des discours haineux\u00a0\u00bb.<\/p>\n<p class=\" wall-content\">Apr\u00e8s l\u2019annonce de cette annulation, les Legendre esp\u00e8rent que la d\u00e9cision mettra \u00ab\u00a0un terme \u00e0 la situation\u00a0\u00bb qu\u2019ils disent subir \u00ab\u00a0afin que la s\u00e9r\u00e9nit\u00e9 puisse revenir \u00e0 <b>Pir\u00e9-Chanc\u00e9 et au domaine<\/b>\u00ab\u00a0.<\/p>\n<p class=\" wall-content\">Personnalisez votre actualit\u00e9 en ajoutant vos villes et m\u00e9dias en favori avec <a href=\"https:\/\/moncompte.actu.fr\" title=\"D\u00e9couvez Mon Actu\" rel=\"nofollow noopener\" data-trk=\"{&quot;cta&quot;:{&quot;action&quot;:&quot;https:\\\/\\\/moncompte.actu.fr&quot;,&quot;category&quot;:&quot;mon compte&quot;,&quot;from&quot;:&quot;article footer&quot;,&quot;name&quot;:&quot;Mon actu&quot;,&quot;type&quot;:&quot;cta&quot;}}\" target=\"_blank\">Mon Actu<\/a>.<\/p>\n<p>                    <script async src=\"\/\/www.tiktok.com\/embed.js\"><\/script><\/p>\n","protected":false},"excerpt":{"rendered":"Par Maxime Turberville Publi\u00e9 le 17 oct. 2025 \u00e0 16h32 Sur leurs r\u00e9seaux sociaux, les vid\u00e9os du Canon&hellip;\n","protected":false},"author":2,"featured_media":471034,"comment_status":"","ping_status":"","sticky":false,"template":"","format":"standard","meta":{"footnotes":""},"categories":[2821],"tags":[1111,11,829,1777,674,1076,1011,27,12,584,25,104],"class_list":{"0":"post-471033","1":"post","2":"type-post","3":"status-publish","4":"format-standard","5":"has-post-thumbnail","7":"category-rennes","8":"tag-actu","9":"tag-actualites","10":"tag-bretagne","11":"tag-eu","12":"tag-europe","13":"tag-extreme-droite","14":"tag-fr","15":"tag-france","16":"tag-news","17":"tag-rennes","18":"tag-republique-francaise","19":"tag-societe"},"share_on_mastodon":{"url":"https:\/\/pubeurope.com\/@fr\/115391948838787651","error":""},"_links":{"self":[{"href":"https:\/\/www.europesays.com\/fr\/wp-json\/wp\/v2\/posts\/471033","targetHints":{"allow":["GET"]}}],"collection":[{"href":"https:\/\/www.europesays.com\/fr\/wp-json\/wp\/v2\/posts"}],"about":[{"href":"https:\/\/www.europesays.com\/fr\/wp-json\/wp\/v2\/types\/post"}],"author":[{"embeddable":true,"href":"https:\/\/www.europesays.com\/fr\/wp-json\/wp\/v2\/users\/2"}],"replies":[{"embeddable":true,"href":"https:\/\/www.europesays.com\/fr\/wp-json\/wp\/v2\/comments?post=471033"}],"version-history":[{"count":0,"href":"https:\/\/www.europesays.com\/fr\/wp-json\/wp\/v2\/posts\/471033\/revisions"}],"wp:featuredmedia":[{"embeddable":true,"href":"https:\/\/www.europesays.com\/fr\/wp-json\/wp\/v2\/media\/471034"}],"wp:attachment":[{"href":"https:\/\/www.europesays.com\/fr\/wp-json\/wp\/v2\/media?parent=471033"}],"wp:term":[{"taxonomy":"category","embeddable":true,"href":"https:\/\/www.europesays.com\/fr\/wp-json\/wp\/v2\/categories?post=471033"},{"taxonomy":"post_tag","embeddable":true,"href":"https:\/\/www.europesays.com\/fr\/wp-json\/wp\/v2\/tags?post=471033"}],"curies":[{"name":"wp","href":"https:\/\/api.w.org\/{rel}","templated":true}]}}