{"id":471035,"date":"2025-10-17T22:49:16","date_gmt":"2025-10-17T22:49:16","guid":{"rendered":"https:\/\/www.europesays.com\/fr\/471035\/"},"modified":"2025-10-17T22:49:16","modified_gmt":"2025-10-17T22:49:16","slug":"superbus-a-rennes-2026-tournee-de-superbus-billets","status":"publish","type":"post","link":"https:\/\/www.europesays.com\/fr\/471035\/","title":{"rendered":"Superbus \u00e0 Rennes 2026 | tourn\u00e9e de Superbus : billets"},"content":{"rendered":"<p class=\"intro\">Le groupe fran\u00e7ais de pop rock Superbus fait son retour sur sc\u00e8ne et s&rsquo;arr\u00eate \u00e0 Rennes pour un concert exceptionnel au Libert\u00e9 le jeudi 10 d\u00e9cembre 2026 \u00e0 20h. Jennifer Ayache et sa formation investissent cette salle embl\u00e9matique du centre-ville pour pr\u00e9senter leurs plus grands succ\u00e8s ainsi que les titres de leur dernier album\u00a0\u00ab\u00a0OK KO\u00a0\u00bb. Une soir\u00e9e musicale qui s&rsquo;annonce \u00e9nergique dans l&rsquo;une des principales salles de spectacle de la capitale bretonne. Les billets sont d&rsquo;ores et d\u00e9j\u00e0 disponibles, ne tardez pas \u00e0 r\u00e9server vos places pour cette date unique en Ille-et-Vilaine.<\/p>\n<p>Rennes accueille Superbus au Libert\u00e9 pour une soir\u00e9e pop rock m\u00e9morable<\/p>\n<p>Le jeudi 10 d\u00e9cembre 2026, la formation men\u00e9e par <strong>Jennifer Ayache<\/strong> investit la grande salle du Libert\u00e9 pour offrir au public rennais un spectacle \u00e9nergique m\u00ealant leurs tubes embl\u00e9matiques et leurs compositions les plus r\u00e9centes. Cette date unique en Ille-et-Vilaine permettra aux fans de retrouver l&rsquo;univers pop rock caract\u00e9ristique du groupe dans un cadre exceptionnel.<\/p>\n<p><img decoding=\"async\" loading=\"lazy\" src=\"https:\/\/www.europesays.com\/fr\/wp-content\/uploads\/2025\/10\/superbus-ok-ko-tournee-2026-tickets_455193_3665036_222x222.jpg\" alt=\"Superbus\" class=\"border\"\/><\/p>\n<p>La soir\u00e9e d\u00e9butera \u00e0 <strong>20h<\/strong> dans cette salle de 5 200 places situ\u00e9e au c\u0153ur de Rennes. Les spectateurs pourront d\u00e9couvrir ou red\u00e9couvrir les m\u00e9lodies accrocheuses qui ont fait le succ\u00e8s de Superbus depuis plus de deux d\u00e9cennies. Pour compl\u00e9ter votre agenda musical, consultez la programmation des <a href=\"https:\/\/www.jds.fr\/rennes\/agenda\/musique-et-concerts-96_B\" rel=\"nofollow noopener\" target=\"_blank\">concerts \u00e0 Rennes<\/a> qui propose r\u00e9guli\u00e8rement des \u00e9v\u00e9nements de qualit\u00e9 dans la m\u00e9tropole bretonne.<\/p>\n<p>Billetterie pour Superbus au Libert\u00e9<\/p>\n<p><a class=\"btn btn-lg shadow-lg btn-primary rounded-pill fnac_link\" data-fnac=\"in_article\" href=\"https:\/\/www.awin1.com\/pclick.php?p=42853066210&amp;a=634278&amp;m=12494&amp;clickref=in_article-A-desktop\" target=\"_blank\" rel=\"nofollow noopener\"> Acheter des billets<\/a><\/p>\n<p>Le Libert\u00e9 propose des <strong>billets de 39\u00a0\u20ac \u00e0 69\u00a0\u20ac<\/strong> pour cette soir\u00e9e exceptionnelle avec l&rsquo;un des groupes pop rock les plus populaires de France. Face \u00e0 la popularit\u00e9 de Superbus et \u00e0 la capacit\u00e9 limit\u00e9e de la salle, nous vous conseillons de r\u00e9server rapidement vos places pour \u00e9viter toute d\u00e9ception. Les prix varient selon l&#8217;emplacement choisi dans cette salle multiculturelle rennaise. Pour d\u00e9couvrir les autres dates de <a href=\"https:\/\/www.jds.fr\/artistes\/superbus-10200_N\" rel=\"nofollow noopener\" target=\"_blank\">Superbus en tourn\u00e9e<\/a>, consultez leur agenda complet qui recense toutes leurs prochaines repr\u00e9sentations.<\/p>\n<p>Le parcours musical de Superbus<\/p>\n<p>Form\u00e9 en 1999 \u00e0 Paris par <strong>Jennifer Ayache<\/strong>, Superbus s&rsquo;est rapidement impos\u00e9 sur la sc\u00e8ne fran\u00e7aise gr\u00e2ce \u00e0 son style pop rock aux influences new wave et disco. Le groupe a conquis le public avec des titres devenus embl\u00e9matiques comme <strong>\u00ab\u00a0Butterfly\u00a0\u00bb<\/strong>, <strong>\u00ab\u00a0Radio Song\u00a0\u00bb<\/strong> et <strong>\u00ab\u00a0Lola\u00a0\u00bb<\/strong>, qui continuent de rassembler les foules lors de leurs concerts.<\/p>\n<p>Leur succ\u00e8s s&rsquo;est concr\u00e9tis\u00e9 par de nombreuses r\u00e9compenses, notamment deux <strong>MTV Europe Music Awards<\/strong> du Meilleur groupe fran\u00e7ais en 2005 et 2006, ainsi qu&rsquo;une Victoire de la musique pour l&rsquo;album <strong>\u00ab\u00a0Wow\u00a0\u00bb<\/strong>. En 2025, Superbus a marqu\u00e9 son retour avec <strong>\u00ab\u00a0OK KO\u00a0\u00bb<\/strong>, leur septi\u00e8me album studio, confirmant leur place sur la sc\u00e8ne musicale fran\u00e7aise. Les fans pourront \u00e9galement retrouver le groupe lors du <a href=\"https:\/\/www.jds.fr\/nantes\/concerts\/pop-folk\/superbus-1221142_A\" rel=\"nofollow noopener\" target=\"_blank\">concert de Superbus \u00e0 Nantes<\/a>, autre \u00e9tape de leur tourn\u00e9e.<\/p>\n<p>Comment aller au Libert\u00e9 \u00e0 Rennes\u00a0?<\/p>\n<p>Pour rejoindre le Libert\u00e9 en transports en commun, la <strong>station de m\u00e9tro Charles de Gaulle<\/strong> (ligne A) se trouve \u00e0 seulement 81 m\u00e8tres du lieu, soit 2 minutes de marche. Les lignes de bus C2, C3, 54, 55 et 56 desservent \u00e9galement l&rsquo;arr\u00eat Charles de Gaulle. Le r\u00e9seau STAR assure un service jusqu&rsquo;\u00e0 0h38, parfait pour le retour apr\u00e8s le spectacle. <a href=\"https:\/\/www.jds.fr\/rennes\/salles-spectacle\/le-liberte-15057_L\" rel=\"nofollow noopener\" target=\"_blank\">Le Libert\u00e9 de Rennes<\/a> est \u00e9galement accessible aux personnes \u00e0 mobilit\u00e9 r\u00e9duite avec des \u00e9quipements adapt\u00e9s.<\/p>\n<p>En voiture, plusieurs parkings payants sont disponibles\u00a0: <strong>De Gaulle-Gare<\/strong> (le plus proche), <strong>Colombier<\/strong>, <strong>Arsenal<\/strong> et <strong>Gare-Sud<\/strong>. Attention, depuis janvier 2025, seuls les v\u00e9hicules avec vignette Crit&rsquo;Air peuvent circuler dans la zone \u00e0 faibles \u00e9missions de Rennes. Un parking souterrain de 200 places compl\u00e8te l&rsquo;offre de stationnement.<\/p>\n<p class=\"mise_en_avant\">Notre conseil\u00a0: privil\u00e9giez le m\u00e9tro ligne A jusqu&rsquo;\u00e0 la station Charles de Gaulle pour un acc\u00e8s direct et rapide au Libert\u00e9.<\/p>\n<p>Apr\u00e8s le concert de Superbus, ne manquez pas le prochain \u00e9v\u00e9nement musical programm\u00e9 au Libert\u00e9\u00a0: <a href=\"https:\/\/www.jds.fr\/rennes\/concerts\/rock\/with-u2-day-tournee-893417_A\" rel=\"nofollow noopener\" target=\"_blank\">With U2 Day en tourn\u00e9e au Libert\u00e9<\/a> vous fera vibrer sur les plus grands succ\u00e8s du groupe irlandais dans cette m\u00eame salle embl\u00e9matique de Rennes.<\/p>\n<p class=\"font-size-30 fw-bold lh-1 mt-0 mb-4\">Je trouve les meilleures sorties dans ma ville<\/p>\n","protected":false},"excerpt":{"rendered":"Le groupe fran\u00e7ais de pop rock Superbus fait son retour sur sc\u00e8ne et s&rsquo;arr\u00eate \u00e0 Rennes pour un&hellip;\n","protected":false},"author":2,"featured_media":471036,"comment_status":"","ping_status":"","sticky":false,"template":"","format":"standard","meta":{"footnotes":""},"categories":[2821],"tags":[1111,11,829,1777,674,1011,27,12,584,25],"class_list":{"0":"post-471035","1":"post","2":"type-post","3":"status-publish","4":"format-standard","5":"has-post-thumbnail","7":"category-rennes","8":"tag-actu","9":"tag-actualites","10":"tag-bretagne","11":"tag-eu","12":"tag-europe","13":"tag-fr","14":"tag-france","15":"tag-news","16":"tag-rennes","17":"tag-republique-francaise"},"share_on_mastodon":{"url":"https:\/\/pubeurope.com\/@fr\/115391953353106004","error":""},"_links":{"self":[{"href":"https:\/\/www.europesays.com\/fr\/wp-json\/wp\/v2\/posts\/471035","targetHints":{"allow":["GET"]}}],"collection":[{"href":"https:\/\/www.europesays.com\/fr\/wp-json\/wp\/v2\/posts"}],"about":[{"href":"https:\/\/www.europesays.com\/fr\/wp-json\/wp\/v2\/types\/post"}],"author":[{"embeddable":true,"href":"https:\/\/www.europesays.com\/fr\/wp-json\/wp\/v2\/users\/2"}],"replies":[{"embeddable":true,"href":"https:\/\/www.europesays.com\/fr\/wp-json\/wp\/v2\/comments?post=471035"}],"version-history":[{"count":0,"href":"https:\/\/www.europesays.com\/fr\/wp-json\/wp\/v2\/posts\/471035\/revisions"}],"wp:featuredmedia":[{"embeddable":true,"href":"https:\/\/www.europesays.com\/fr\/wp-json\/wp\/v2\/media\/471036"}],"wp:attachment":[{"href":"https:\/\/www.europesays.com\/fr\/wp-json\/wp\/v2\/media?parent=471035"}],"wp:term":[{"taxonomy":"category","embeddable":true,"href":"https:\/\/www.europesays.com\/fr\/wp-json\/wp\/v2\/categories?post=471035"},{"taxonomy":"post_tag","embeddable":true,"href":"https:\/\/www.europesays.com\/fr\/wp-json\/wp\/v2\/tags?post=471035"}],"curies":[{"name":"wp","href":"https:\/\/api.w.org\/{rel}","templated":true}]}}