{"id":471037,"date":"2025-10-17T22:50:12","date_gmt":"2025-10-17T22:50:12","guid":{"rendered":"https:\/\/www.europesays.com\/fr\/471037\/"},"modified":"2025-10-17T22:50:12","modified_gmt":"2025-10-17T22:50:12","slug":"schiltigheim-au-theatre-alsacien-qui-se-ressemble-sassemble-2","status":"publish","type":"post","link":"https:\/\/www.europesays.com\/fr\/471037\/","title":{"rendered":"Schiltigheim. Au th\u00e9\u00e2tre alsacien, qui se ressemble s\u2019assemble"},"content":{"rendered":"<p>Le rideau se l\u00e8ve le 24\u00a0octobre sur la nouvelle saison du th\u00e9\u00e2tre alsacien qui affiche d\u2019embl\u00e9e la couleur\u00a0: il s\u2019agit de rire, et avec la morosit\u00e9 ambiante, rien de tel qu\u2019un bon moment de d\u00e9tente au th\u00e9\u00e2tre dialectal\u00a0!<\/p>\n<p>Toc, toc, Herv\u00e9, doubleur, cherche une colocation<\/p>\n<p>\u00ab\u00a0Nos spectateurs aiment les com\u00e9dies\u00a0\u00bb, confie Astrid North, la pr\u00e9sidente du th\u00e9\u00e2tre alsacien, ce qui sous-entend qu\u2019avec cette histoire, ils seront servis\u00a0! Apr\u00e8s le succ\u00e8s de l\u2019adaptation de la pi\u00e8ce  Qu\u2019est-ce qu\u2019on a fait au bon Dieu de la saison&#8230;<\/p>\n","protected":false},"excerpt":{"rendered":"Le rideau se l\u00e8ve le 24\u00a0octobre sur la nouvelle saison du th\u00e9\u00e2tre alsacien qui affiche d\u2019embl\u00e9e la couleur\u00a0:&hellip;\n","protected":false},"author":2,"featured_media":470663,"comment_status":"","ping_status":"","sticky":false,"template":"","format":"standard","meta":{"footnotes":""},"categories":[2820],"tags":[1111,11,1687,1777,674,1011,27,775,12,25,640],"class_list":{"0":"post-471037","1":"post","2":"type-post","3":"status-publish","4":"format-standard","5":"has-post-thumbnail","7":"category-strasbourg","8":"tag-actu","9":"tag-actualites","10":"tag-culture-loisirs","11":"tag-eu","12":"tag-europe","13":"tag-fr","14":"tag-france","15":"tag-grand-est","16":"tag-news","17":"tag-republique-francaise","18":"tag-strasbourg"},"share_on_mastodon":{"url":"https:\/\/pubeurope.com\/@fr\/115391956550161423","error":""},"_links":{"self":[{"href":"https:\/\/www.europesays.com\/fr\/wp-json\/wp\/v2\/posts\/471037","targetHints":{"allow":["GET"]}}],"collection":[{"href":"https:\/\/www.europesays.com\/fr\/wp-json\/wp\/v2\/posts"}],"about":[{"href":"https:\/\/www.europesays.com\/fr\/wp-json\/wp\/v2\/types\/post"}],"author":[{"embeddable":true,"href":"https:\/\/www.europesays.com\/fr\/wp-json\/wp\/v2\/users\/2"}],"replies":[{"embeddable":true,"href":"https:\/\/www.europesays.com\/fr\/wp-json\/wp\/v2\/comments?post=471037"}],"version-history":[{"count":0,"href":"https:\/\/www.europesays.com\/fr\/wp-json\/wp\/v2\/posts\/471037\/revisions"}],"wp:featuredmedia":[{"embeddable":true,"href":"https:\/\/www.europesays.com\/fr\/wp-json\/wp\/v2\/media\/470663"}],"wp:attachment":[{"href":"https:\/\/www.europesays.com\/fr\/wp-json\/wp\/v2\/media?parent=471037"}],"wp:term":[{"taxonomy":"category","embeddable":true,"href":"https:\/\/www.europesays.com\/fr\/wp-json\/wp\/v2\/categories?post=471037"},{"taxonomy":"post_tag","embeddable":true,"href":"https:\/\/www.europesays.com\/fr\/wp-json\/wp\/v2\/tags?post=471037"}],"curies":[{"name":"wp","href":"https:\/\/api.w.org\/{rel}","templated":true}]}}