{"id":471038,"date":"2025-10-17T22:51:14","date_gmt":"2025-10-17T22:51:14","guid":{"rendered":"https:\/\/www.europesays.com\/fr\/471038\/"},"modified":"2025-10-17T22:51:14","modified_gmt":"2025-10-17T22:51:14","slug":"la-fierte-de-liam-rosenior-apres-le-nul-obtenu-face-au-psg","status":"publish","type":"post","link":"https:\/\/www.europesays.com\/fr\/471038\/","title":{"rendered":"la fiert\u00e9 de Liam Rosenior apr\u00e8s le nul obtenu face au PSG"},"content":{"rendered":"<p>Le Racing Club de <a href=\"https:\/\/www.footmercato.net\/club\/rc-strasbourg-alsace\/\" rel=\"nofollow noopener\" target=\"_blank\">Strasbourg<\/a> est pass\u00e9 tout proche de l\u2019exploit. Oppos\u00e9 au PSG, ce vendredi soir en ouverture de la 8e journ\u00e9e de <a href=\"https:\/\/www.footmercato.net\/france\/ligue-1\/\" rel=\"nofollow noopener\" target=\"_blank\">Ligue 1<\/a>, le club alsacien a finalement conc\u00e9d\u00e9 le match nul (3-3) malgr\u00e9 un avantage de deux buts \u00e0 l\u2019entr\u00e9e de la derni\u00e8re demi-heure de jeu. Pr\u00e9sent en conf\u00e9rence de presse apr\u00e8s la rencontre, <a href=\"https:\/\/www.footmercato.net\/entraineur\/liam-rosenior\" rel=\"nofollow noopener\" target=\"_blank\">Liam Rosenior<\/a>, le technicien du RCSA, a salu\u00e9 la performance de ses hommes malgr\u00e9 la frustration li\u00e9e au r\u00e9sultat final.<\/p>\n<p>            La suite apr\u00e8s cette publicit\u00e9<\/p>\n<p>\u00abJe suis \u00e0 la fois fier et forc\u00e9ment aussi d\u00e9\u00e7u. (\u2026) Quand on m\u00e8ne 3-1 \u00e0 l\u2019ext\u00e9rieur, on veut gagner. On a d\u00e9pens\u00e9 beaucoup d\u2019\u00e9nergie dans le pressing pendant 75 minutes. Venir et faire jeu \u00e9gal avec la meilleure \u00e9quipe d\u2019Europe, le meilleur coach\u2026 je suis vraiment tr\u00e8s fier de cette \u00e9quipe. On est le deuxi\u00e8me onze le plus jeune de l\u2019histoire du Championnat. Nous sommes bien plac\u00e9s en Ligue 1. Mon groupe continue \u00e0 apprendre, mais on est comp\u00e9titifs \u00e0 chaque rencontre\u00bb. <\/p>\n<p>\n    Pub. le 18\/10\/2025 00:37<br \/>\n            &#8211; MAJ le 18\/10\/2025 00:42\n    <\/p>\n","protected":false},"excerpt":{"rendered":"Le Racing Club de Strasbourg est pass\u00e9 tout proche de l\u2019exploit. Oppos\u00e9 au PSG, ce vendredi soir en&hellip;\n","protected":false},"author":2,"featured_media":90783,"comment_status":"","ping_status":"","sticky":false,"template":"","format":"standard","meta":{"footnotes":""},"categories":[2820],"tags":[1111,11,1777,674,1011,27,775,12,25,640],"class_list":{"0":"post-471038","1":"post","2":"type-post","3":"status-publish","4":"format-standard","5":"has-post-thumbnail","7":"category-strasbourg","8":"tag-actu","9":"tag-actualites","10":"tag-eu","11":"tag-europe","12":"tag-fr","13":"tag-france","14":"tag-grand-est","15":"tag-news","16":"tag-republique-francaise","17":"tag-strasbourg"},"share_on_mastodon":{"url":"https:\/\/pubeurope.com\/@fr\/115391960468415058","error":""},"_links":{"self":[{"href":"https:\/\/www.europesays.com\/fr\/wp-json\/wp\/v2\/posts\/471038","targetHints":{"allow":["GET"]}}],"collection":[{"href":"https:\/\/www.europesays.com\/fr\/wp-json\/wp\/v2\/posts"}],"about":[{"href":"https:\/\/www.europesays.com\/fr\/wp-json\/wp\/v2\/types\/post"}],"author":[{"embeddable":true,"href":"https:\/\/www.europesays.com\/fr\/wp-json\/wp\/v2\/users\/2"}],"replies":[{"embeddable":true,"href":"https:\/\/www.europesays.com\/fr\/wp-json\/wp\/v2\/comments?post=471038"}],"version-history":[{"count":0,"href":"https:\/\/www.europesays.com\/fr\/wp-json\/wp\/v2\/posts\/471038\/revisions"}],"wp:featuredmedia":[{"embeddable":true,"href":"https:\/\/www.europesays.com\/fr\/wp-json\/wp\/v2\/media\/90783"}],"wp:attachment":[{"href":"https:\/\/www.europesays.com\/fr\/wp-json\/wp\/v2\/media?parent=471038"}],"wp:term":[{"taxonomy":"category","embeddable":true,"href":"https:\/\/www.europesays.com\/fr\/wp-json\/wp\/v2\/categories?post=471038"},{"taxonomy":"post_tag","embeddable":true,"href":"https:\/\/www.europesays.com\/fr\/wp-json\/wp\/v2\/tags?post=471038"}],"curies":[{"name":"wp","href":"https:\/\/api.w.org\/{rel}","templated":true}]}}