{"id":471047,"date":"2025-10-17T22:57:14","date_gmt":"2025-10-17T22:57:14","guid":{"rendered":"https:\/\/www.europesays.com\/fr\/471047\/"},"modified":"2025-10-17T22:57:14","modified_gmt":"2025-10-17T22:57:14","slug":"le-bureau-de-poste-de-la-bastide-ferme-pour-travaux","status":"publish","type":"post","link":"https:\/\/www.europesays.com\/fr\/471047\/","title":{"rendered":"le bureau de Poste de la Bastide ferm\u00e9 pour travaux"},"content":{"rendered":"<p>Le bureau de Poste de la Bastide, 80, avenue Thiers \u00e0 Bordeaux, est ferm\u00e9 jusqu\u2019au mardi 11\u00a0novembre inclus. Le retrait des colis et lettres recommand\u00e9es a lieu au Carr\u00e9 pro, \u00e0 la m\u00eame adresse, \u00e0 droite, \u00e0 c\u00f4t\u00e9 de la consigne \u00ab\u00a0colis pick-up\u00a0\u00bb, du lundi au vendredi de\u00a09\u00a0heures \u00e0\u00a012\u00a0h\u00a030 et de\u00a014 \u00e0\u00a017\u00a0heures, et le samedi de\u00a09 \u00e0\u00a012\u00a0heures.<\/p>\n<p>Les op\u00e9rations postales et bancaires peuvent se faire aux bureaux de Poste des Salini\u00e8res, de la Benauge ou de Cenon-Jean-Jaur\u00e8s. Pour les lettres et colis, on peut se rendre \u00e0 la Poste relais du Carrefour Market, 20, all\u00e9e Serr, ou \u00e0 la Conciergerie solidaire de Darwin, 87, quai des Queyries.<\/p>\n","protected":false},"excerpt":{"rendered":"Le bureau de Poste de la Bastide, 80, avenue Thiers \u00e0 Bordeaux, est ferm\u00e9 jusqu\u2019au mardi 11\u00a0novembre inclus.&hellip;\n","protected":false},"author":2,"featured_media":471048,"comment_status":"","ping_status":"","sticky":false,"template":"","format":"standard","meta":{"footnotes":""},"categories":[2817],"tags":[1111,11,1997,1777,674,1011,27,12,2219,25],"class_list":{"0":"post-471047","1":"post","2":"type-post","3":"status-publish","4":"format-standard","5":"has-post-thumbnail","7":"category-bordeaux","8":"tag-actu","9":"tag-actualites","10":"tag-bordeaux","11":"tag-eu","12":"tag-europe","13":"tag-fr","14":"tag-france","15":"tag-news","16":"tag-nouvelle-aquitaine","17":"tag-republique-francaise"},"share_on_mastodon":{"url":"https:\/\/pubeurope.com\/@fr\/115391984087326754","error":""},"_links":{"self":[{"href":"https:\/\/www.europesays.com\/fr\/wp-json\/wp\/v2\/posts\/471047","targetHints":{"allow":["GET"]}}],"collection":[{"href":"https:\/\/www.europesays.com\/fr\/wp-json\/wp\/v2\/posts"}],"about":[{"href":"https:\/\/www.europesays.com\/fr\/wp-json\/wp\/v2\/types\/post"}],"author":[{"embeddable":true,"href":"https:\/\/www.europesays.com\/fr\/wp-json\/wp\/v2\/users\/2"}],"replies":[{"embeddable":true,"href":"https:\/\/www.europesays.com\/fr\/wp-json\/wp\/v2\/comments?post=471047"}],"version-history":[{"count":0,"href":"https:\/\/www.europesays.com\/fr\/wp-json\/wp\/v2\/posts\/471047\/revisions"}],"wp:featuredmedia":[{"embeddable":true,"href":"https:\/\/www.europesays.com\/fr\/wp-json\/wp\/v2\/media\/471048"}],"wp:attachment":[{"href":"https:\/\/www.europesays.com\/fr\/wp-json\/wp\/v2\/media?parent=471047"}],"wp:term":[{"taxonomy":"category","embeddable":true,"href":"https:\/\/www.europesays.com\/fr\/wp-json\/wp\/v2\/categories?post=471047"},{"taxonomy":"post_tag","embeddable":true,"href":"https:\/\/www.europesays.com\/fr\/wp-json\/wp\/v2\/tags?post=471047"}],"curies":[{"name":"wp","href":"https:\/\/api.w.org\/{rel}","templated":true}]}}