{"id":471049,"date":"2025-10-17T22:58:16","date_gmt":"2025-10-17T22:58:16","guid":{"rendered":"https:\/\/www.europesays.com\/fr\/471049\/"},"modified":"2025-10-17T22:58:16","modified_gmt":"2025-10-17T22:58:16","slug":"quatre-centrales-solaires-vont-etre-installees-sur-la-rocade-de-bordeaux","status":"publish","type":"post","link":"https:\/\/www.europesays.com\/fr\/471049\/","title":{"rendered":"quatre centrales solaires vont \u00eatre install\u00e9es sur la rocade de Bordeaux"},"content":{"rendered":"<p>La pr\u00e9fecture de la Gironde a annonc\u00e9, ce vendredi 17 octobre, la construction de quatre centrales solaires le long de la rocade de Bordeaux. Les travaux d\u00e9marreront en 2027.<\/p>\n<p>La <a href=\"https:\/\/www.bfmtv.com\/gironde\/securite-routiere-43-morts-sur-les-routes-de-gironde-depuis-debut-2025-en-baisse-par-rapport-a-l-annee-derniere_AN-202510170578.html\" title=\"S\u00e9curit\u00e9 routi\u00e8re: 43 morts sur les routes de Gironde depuis d\u00e9but 2025, en baisse par rapport \u00e0 l&#039;ann\u00e9e derni\u00e8re\" class=\"internal_link\" rel=\"nofollow noopener\" target=\"_blank\">Gironde<\/a> va accueillir des centrales solaires sur son territoire. La pr\u00e9fecture du d\u00e9partement a annonc\u00e9, ce vendredi 17 octobre, que quatre installations de ce type allaient \u00eatre construites d&rsquo;ici 2027.<\/p>\n<p>Les quatre centrales solaires seront situ\u00e9es le long de la rocade de Bordeaux. Une au niveau de l&rsquo;\u00e9changeur 15 de La Carbette entre la rocade et l&rsquo;A63, une \u00e0 l&rsquo;\u00e9changeur 19 de Villenave d&rsquo;Ornon entre la rocade et l&rsquo;A62. Deux autres seront install\u00e9es sur l&rsquo;\u00e9changeur 22 de Bouliac &#8211; La Souys.<\/p>\n<p>\u00ab\u00a0Avec ces nouvelles centrales solaires, l\u2019\u00c9tat poursuit tr\u00e8s concr\u00e8tement son engagement pour la transition \u00e9nerg\u00e9tique. Nous transformons des espaces routiers inutilis\u00e9s en sources d\u2019\u00e9nergie propre: c\u2019est concret, utile et exemplaire. Ces projets montrent que chaque parcelle du domaine public peut devenir un levier pour un avenir plus durable\u00a0\u00bb, a comment\u00e9 le pr\u00e9fet \u00c9tienne Guyot dans le <a href=\"https:\/\/www.gironde.gouv.fr\/Actualites\/Communiques-de-presse\/Communiques-de-presse-2025\/Octobre-2025\/Installation-de-quatre-centrales-solaires-au-sol-sur-la-rocade-de-Bordeaux\" target=\"_blank\" class=\"external_link\" rel=\"nofollow noopener\">communiqu\u00e9 de la pr\u00e9fecture<\/a>.<\/p>\n<p>33 ans d&rsquo;exploitation<\/p>\n<p>Le projet sera men\u00e9 par l&rsquo;entreprise Technique Solaire, qui a remport\u00e9 l&rsquo;appel d&rsquo;offre de l&rsquo;\u00c9tat. La soci\u00e9t\u00e9 g\u00e8rera la conception, l&rsquo;installation et l&rsquo;exploitation des quatre centrales solaires pendant 33 ans. Ces derni\u00e8res permettront de fournir plus de 4.500 MWh d&rsquo;\u00e9lectricit\u00e9 chaque ann\u00e9e dans le r\u00e9seau du d\u00e9partement, selon les donn\u00e9es publi\u00e9es par la pr\u00e9fecture, soit l&rsquo;\u00e9quivalent de la consommation \u00e9lectrique de 2.000 personnes.<\/p>\n<p>L&rsquo;entreprise doit encore obtenir les autorisations de construction. Les travaux ne d\u00e9marreront pas avant 2027, selon la pr\u00e9fecture. La mise en service compl\u00e8te est estim\u00e9e \u00e0 2028.<\/p>\n<p>Un projet similaire a d\u00e9j\u00e0 \u00e9t\u00e9 valid\u00e9 en 2023 le long de la RN10 en Charente. La soci\u00e9t\u00e9 Solveo avait obtenu le m\u00eame type de contrat que Technique Solaire, avec une exploitation pendant 33 ann\u00e9es. Les travaux ont commenc\u00e9 en septembre 2025 et les centrales devraient \u00eatre op\u00e9rationnelles \u00e0 partir de l&rsquo;\u00e9t\u00e9 2026.<\/p>\n","protected":false},"excerpt":{"rendered":"La pr\u00e9fecture de la Gironde a annonc\u00e9, ce vendredi 17 octobre, la construction de quatre centrales solaires le&hellip;\n","protected":false},"author":2,"featured_media":471050,"comment_status":"","ping_status":"","sticky":false,"template":"","format":"standard","meta":{"footnotes":""},"categories":[2817],"tags":[1111,11,1997,1777,674,1011,27,12,2219,25],"class_list":{"0":"post-471049","1":"post","2":"type-post","3":"status-publish","4":"format-standard","5":"has-post-thumbnail","7":"category-bordeaux","8":"tag-actu","9":"tag-actualites","10":"tag-bordeaux","11":"tag-eu","12":"tag-europe","13":"tag-fr","14":"tag-france","15":"tag-news","16":"tag-nouvelle-aquitaine","17":"tag-republique-francaise"},"share_on_mastodon":{"url":"https:\/\/pubeurope.com\/@fr\/115391988069175980","error":""},"_links":{"self":[{"href":"https:\/\/www.europesays.com\/fr\/wp-json\/wp\/v2\/posts\/471049","targetHints":{"allow":["GET"]}}],"collection":[{"href":"https:\/\/www.europesays.com\/fr\/wp-json\/wp\/v2\/posts"}],"about":[{"href":"https:\/\/www.europesays.com\/fr\/wp-json\/wp\/v2\/types\/post"}],"author":[{"embeddable":true,"href":"https:\/\/www.europesays.com\/fr\/wp-json\/wp\/v2\/users\/2"}],"replies":[{"embeddable":true,"href":"https:\/\/www.europesays.com\/fr\/wp-json\/wp\/v2\/comments?post=471049"}],"version-history":[{"count":0,"href":"https:\/\/www.europesays.com\/fr\/wp-json\/wp\/v2\/posts\/471049\/revisions"}],"wp:featuredmedia":[{"embeddable":true,"href":"https:\/\/www.europesays.com\/fr\/wp-json\/wp\/v2\/media\/471050"}],"wp:attachment":[{"href":"https:\/\/www.europesays.com\/fr\/wp-json\/wp\/v2\/media?parent=471049"}],"wp:term":[{"taxonomy":"category","embeddable":true,"href":"https:\/\/www.europesays.com\/fr\/wp-json\/wp\/v2\/categories?post=471049"},{"taxonomy":"post_tag","embeddable":true,"href":"https:\/\/www.europesays.com\/fr\/wp-json\/wp\/v2\/tags?post=471049"}],"curies":[{"name":"wp","href":"https:\/\/api.w.org\/{rel}","templated":true}]}}