{"id":471053,"date":"2025-10-17T23:00:17","date_gmt":"2025-10-17T23:00:17","guid":{"rendered":"https:\/\/www.europesays.com\/fr\/471053\/"},"modified":"2025-10-17T23:00:17","modified_gmt":"2025-10-17T23:00:17","slug":"top-14-la-compo-de-la-section-paloise-pour-le-choc-de-haut-de-tableau-contre-toulouse","status":"publish","type":"post","link":"https:\/\/www.europesays.com\/fr\/471053\/","title":{"rendered":"Top 14 : la compo de la Section Paloise pour le choc de haut de tableau contre Toulouse"},"content":{"rendered":"<p>La Section Paloise (1er) re\u00e7oit le Stade Toulousain (2e) ce samedi soir au Hameau (21 heures) pour conserver son invincibilit\u00e9 \u00e0 domicile, et garder la t\u00eate du Top 14.<\/p>\n<p>La Section Paloise s&rsquo;appr\u00eate \u00e0 vivre un choc qui ferait saliver n&rsquo;importe lequel de ses supporters. Leaders, invaincus au Hameau, les Palois re\u00e7oivent leur dauphin \u2013 accessoirement champion de France en titre \u2013, Toulouse.\u00a0 L&rsquo;enjeu est donc double\u00a0: <strong>pr\u00e9server cette invincibilit\u00e9 \u00e0 domicile, et rester en t\u00eate du Top 14<\/strong>. La Section Paloise pour \u00e7a va s&rsquo;appuyer sur la ligne de 3\/4 qui a battu Bayonne samedi dernier, et devant, sur un noyau dur renforc\u00e9 par Delhommel, Capelli ou encore Zegueur. <strong>Le hic, il est \u00e0 chercher au poste de demi de m\u00eal\u00e9e<\/strong> o\u00f9 derri\u00e8re Thibault Daubagna, c&rsquo;est Aymeric Luc qui fera office de rempla\u00e7ant en l&rsquo;absence toujours de Dan Robson (fracture du p\u00e9ron\u00e9) et nouvelle de Thomas Souverbie (commotion).<\/p>\n<p>Section Paloise \/ Toulouse, \u00e0\u00a0 vivre sur ICI B\u00e9arn Bigorre d\u00e8s 20 heures pour l&rsquo;avant-match, le match en int\u00e9gralit\u00e9 \u00e0 21 heures, et toutes les r\u00e9actions des joueurs et des supporters au coup de sifflet final <\/p>\n<p>loading<\/p>\n<p>Les \u00e9quipes<\/p>\n<p><strong>Section Paloise\u00a0:<\/strong> 15. Maddocks\u00a0; 14. Arfeuil, 13. Gailleton, 12. Brau-Boirie, 11. Grandidier-Nkanang\u00a0; 10. J. Simmonds, 9. Daubagna\u00a0; 7. Credoz, 8. Gorgadze (cap), 6. Zegueur\u00a0; 5. Capelli, 4. H. Auradou\u00a0; 3. Laclayat, 2. Delhommel, 1. Parrou.<br \/>Rempla\u00e7ants\u00a0: 16. L. Rey, 17. S\u00e9n\u00e9ca, 18. Maximin, 19. L. Whitelock, 20. Isa, 21. Luc, 22. Desperes, 23. Tokolahi.<\/p>\n<p><strong>Toulouse\u00a0:<\/strong> 15.\u00a0Remue\u00a0; 14. Capuozzo, 13. Barassi, 12. Gourgues, 11. Lebel\u00a0; 10. Kinghorn, 9.\u00a0Graou\u00a0; 7. Banos, 8. T. Ntamack, 6. Jelonch (cap) ; 5. Meafou, 4. Elias\u00a0; 3. Aldegheri, 2. J. Marchand, 1. Ainu&rsquo;u.<br \/>Rempla\u00e7ants\u00a0: 16.\u00a0Cramont, 17. Neti, 18. Verg\u00e9, 19. Castro Ferreira, 20. Saito, 21. R. Ntamack, 22. T. Thomas, 23. Colombe.<\/p>\n<p>loading<\/p>\n<p>loading<\/p>\n<p>loading<\/p>\n","protected":false},"excerpt":{"rendered":"La Section Paloise (1er) re\u00e7oit le Stade Toulousain (2e) ce samedi soir au Hameau (21 heures) pour conserver&hellip;\n","protected":false},"author":2,"featured_media":471054,"comment_status":"","ping_status":"","sticky":false,"template":"","format":"standard","meta":{"footnotes":""},"categories":[2816],"tags":[1111,11,1777,674,1011,27,12,2680,25,2312],"class_list":{"0":"post-471053","1":"post","2":"type-post","3":"status-publish","4":"format-standard","5":"has-post-thumbnail","7":"category-toulouse","8":"tag-actu","9":"tag-actualites","10":"tag-eu","11":"tag-europe","12":"tag-fr","13":"tag-france","14":"tag-news","15":"tag-occitanie","16":"tag-republique-francaise","17":"tag-toulouse"},"share_on_mastodon":{"url":"https:\/\/pubeurope.com\/@fr\/115391995772266258","error":""},"_links":{"self":[{"href":"https:\/\/www.europesays.com\/fr\/wp-json\/wp\/v2\/posts\/471053","targetHints":{"allow":["GET"]}}],"collection":[{"href":"https:\/\/www.europesays.com\/fr\/wp-json\/wp\/v2\/posts"}],"about":[{"href":"https:\/\/www.europesays.com\/fr\/wp-json\/wp\/v2\/types\/post"}],"author":[{"embeddable":true,"href":"https:\/\/www.europesays.com\/fr\/wp-json\/wp\/v2\/users\/2"}],"replies":[{"embeddable":true,"href":"https:\/\/www.europesays.com\/fr\/wp-json\/wp\/v2\/comments?post=471053"}],"version-history":[{"count":0,"href":"https:\/\/www.europesays.com\/fr\/wp-json\/wp\/v2\/posts\/471053\/revisions"}],"wp:featuredmedia":[{"embeddable":true,"href":"https:\/\/www.europesays.com\/fr\/wp-json\/wp\/v2\/media\/471054"}],"wp:attachment":[{"href":"https:\/\/www.europesays.com\/fr\/wp-json\/wp\/v2\/media?parent=471053"}],"wp:term":[{"taxonomy":"category","embeddable":true,"href":"https:\/\/www.europesays.com\/fr\/wp-json\/wp\/v2\/categories?post=471053"},{"taxonomy":"post_tag","embeddable":true,"href":"https:\/\/www.europesays.com\/fr\/wp-json\/wp\/v2\/tags?post=471053"}],"curies":[{"name":"wp","href":"https:\/\/api.w.org\/{rel}","templated":true}]}}