{"id":471055,"date":"2025-10-17T23:01:33","date_gmt":"2025-10-17T23:01:33","guid":{"rendered":"https:\/\/www.europesays.com\/fr\/471055\/"},"modified":"2025-10-17T23:01:33","modified_gmt":"2025-10-17T23:01:33","slug":"patrimoine-ruelles-pavees-et-estaminets-typiques","status":"publish","type":"post","link":"https:\/\/www.europesays.com\/fr\/471055\/","title":{"rendered":"patrimoine, ruelles pav\u00e9es et estaminets typiques"},"content":{"rendered":"<p class=\"intro\">Quartier embl\u00e9matique de la capitale des Flandres, le Vieux-Lille est le c\u0153ur battant de la ville. Entre ruelles pav\u00e9es, fa\u00e7ades flamandes, commerces \u00e9l\u00e9gants, galeries d\u2019art et estaminets typiques, ce secteur historique s\u00e9duit autant les visiteurs que les Lillois.\u00a0<\/p>\n<p><a data-lightbox=\"article\" data-title=\"Les ruelles \u00e9troites du Vieux-Lille datent du Moyen \u00c2ge. \u00a9 Office de Tourisme de Lille\" class=\"image detail fullwidth  position-relative d-block\" href=\"https:\/\/www.jds.fr\/medias\/image\/vieux-lille-750155-920-0-F.webp\" title=\"Les ruelles \u00e9troites du Vieux-Lille datent du Moyen \u00c2ge. \u00a9 Office de Tourisme de Lille\" rel=\"nofollow noopener\" target=\"_blank\"><br \/>\n<img decoding=\"async\" loading=\"lazy\" src=\"https:\/\/www.europesays.com\/fr\/wp-content\/uploads\/2025\/10\/vieux-lille-750155-1200-0.webp.webp\"   width=\"685\" alt=\"Les ruelles \u00e9troites du Vieux-Lille datent du Moyen \u00c2ge.\" class=\"border\"\/><br \/>\n\u00a9 Office de Tourisme de Lille<br \/>\nLes ruelles \u00e9troites du Vieux-Lille datent du Moyen \u00c2ge.<br \/>\n<\/a><br \/>\nUn quartier au charme historique<\/p>\n<p>Le <strong>Vieux-Lille<\/strong> concentre l\u2019histoire de la ville. Si ses ruelles \u00e9troites datent du <strong>Moyen \u00c2ge<\/strong>, l\u2019ensemble du quartier a \u00e9t\u00e9 magnifiquement restaur\u00e9 \u00e0 partir des ann\u00e9es 1980. Ses fa\u00e7ades en briques dor\u00e9es et pierres sculpt\u00e9es, souvent surmont\u00e9es de pignons \u00e0 redents, refl\u00e8tent le riche <strong>pass\u00e9 commer\u00e7ant<\/strong> de <a href=\"https:\/\/www.jds.fr\/lille\/\" rel=\"nofollow noopener\" target=\"_blank\">Lille<\/a>.<\/p>\n<p>Parmi les tr\u00e9sors \u00e0 d\u00e9couvrir\u00a0:<\/p>\n<ul>&#13;<\/p>\n<li>La <strong>Cath\u00e9drale Notre-Dame de la Treille<\/strong>, m\u00e9lange audacieux de gothique et de modernit\u00e9.<\/li>\n<p>&#13;<\/p>\n<li>L\u2019<strong>Hospice Comtesse<\/strong>, ancien h\u00f4pital du XIII\u1d49 si\u00e8cle devenu mus\u00e9e.<\/li>\n<p>&#13;<\/p>\n<li>La <a href=\"https:\/\/www.jds.fr\/lille\/patrimoine-historique\/vieille-bourse-15029_L\" rel=\"nofollow noopener\" target=\"_blank\">Vieille Bourse<\/a>, joyau de l\u2019architecture flamande, o\u00f9 se tient chaque jour un march\u00e9 aux livres.<\/li>\n<p>&#13;<\/p>\n<li>La <strong>rue de la Monnaie<\/strong>, art\u00e8re principale du quartier, bord\u00e9e de boutiques et de restaurants typiques.<\/li>\n<p>&#13;\n<\/ul>\n<p>Chaque coin du Vieux-Lille raconte un <strong>fragment d\u2019histoire<\/strong>, tout en restant un lieu vibrant et vivant.<\/p>\n<p>\u00c0 voir et \u00e0 faire dans le Vieux-Lille<\/p>\n<p>Fl\u00e2ner dans le Vieux-Lille est une exp\u00e9rience \u00e0 part enti\u00e8re. Vous y croiserez notamment\u00a0:<\/p>\n<ul>&#13;<\/p>\n<li>Des <strong>boutiques de cr\u00e9ateurs<\/strong> et enseignes haut de gamme (Paul Smith, S\u00e9zane, etc.)<\/li>\n<p>&#13;<\/p>\n<li>Des salons de th\u00e9 et <strong>p\u00e2tisseries<\/strong>, dont la c\u00e9l\u00e8bre Maison M\u00e9ert et ses gaufres fourr\u00e9es \u00e0 la vanille de Madagascar<\/li>\n<p>&#13;<\/p>\n<li>Des <strong>galeries d\u2019art<\/strong>, des friperies branch\u00e9es et des ateliers d\u2019artisans<\/li>\n<p>&#13;<\/p>\n<li>Des <strong>estaminets traditionnels<\/strong> o\u00f9 go\u00fbter les sp\u00e9cialit\u00e9s du Nord\u00a0: carbonade flamande, welsh, potjevleesch, bi\u00e8re locale\u2026<\/li>\n<p>&#13;\n<\/ul>\n<p>Le quartier attire aussi pour son ambiance\u00a0: \u00e9l\u00e9gante, <strong>anim\u00e9e<\/strong> le week-end et toujours chaleureuse.<\/p>\n<p>La vie de quartier dans le Vieux-Lille<\/p>\n<p>Le Vieux-Lille se d\u00e9couvre \u00e0 toute heure de la journ\u00e9e, mais il r\u00e9v\u00e8le son <strong>charme particulier le matin<\/strong>, quand les rues sont encore calmes, et en soir\u00e9e, lorsque les terrasses s\u2019illuminent.<\/p>\n<ul>&#13;<\/p>\n<li><strong>Commerces et galeries<\/strong>\u00a0: g\u00e9n\u00e9ralement ouverts du lundi au samedi, de 10h \u00e0 19h<\/li>\n<p>&#13;<\/p>\n<li><strong>Restaurants et estaminets<\/strong>\u00a0: service continu ou du midi au soir selon les adresses<\/li>\n<p>&#13;<\/p>\n<li><strong>March\u00e9 du Vieux-Lille<\/strong>\u00a0: place du Concert, les mercredis, vendredis et dimanches de 7h \u00e0 14h<\/li>\n<p>&#13;<\/p>\n<li><strong>Mus\u00e9es et monuments<\/strong>\u00a0: horaires variables selon la saison, \u00e0 v\u00e9rifier sur les sites officiels<\/li>\n<p>&#13;\n<\/ul>\n<p>Acc\u00e8s et stationnement<\/p>\n<p>Situ\u00e9 \u00e0 quelques minutes \u00e0 pied du centre-ville, le Vieux-Lille est <strong>facilement accessible<\/strong>, mais ses rues \u00e9troites encouragent \u00e0 privil\u00e9gier la marche ou les transports doux.<\/p>\n<p>\ud83d\ude86 En transports en commun<\/p>\n<ul>&#13;<\/p>\n<li><strong>M\u00e9tro<\/strong>\u00a0: ligne 1, arr\u00eat Rihour ou Gare Lille-Flandres<\/li>\n<p>&#13;<\/p>\n<li><strong>Bus<\/strong>\u00a0: lignes L91, 12, 14, 56 \u2013 arr\u00eat Palais de Justice ou Esplanade<\/li>\n<p>&#13;<\/p>\n<li><strong>V\u2019Lille<\/strong>\u00a0: plusieurs stations autour du quartier (Monnaie, Esquermoise, Place Louise de Bettignies)<\/li>\n<p>&#13;\n<\/ul>\n<p>\ud83d\ude97 En voiture<\/p>\n<ul>&#13;<\/p>\n<li><strong>Parking du Vieux-Lille<\/strong> (avenue du Peuple Belge, 24h\/24)<\/li>\n<p>&#13;<\/p>\n<li><strong>Parking Nouveau Si\u00e8cle<\/strong> (rue de l\u2019H\u00f4pital Militaire)<br \/>Certaines <strong>zones<\/strong> sont <strong>pi\u00e9tonnes<\/strong>\u00a0: mieux vaut stationner en p\u00e9riph\u00e9rie et rejoindre le centre \u00e0 pied.<\/li>\n<p>&#13;\n<\/ul>\n<p>\u267f Accessibilit\u00e9 PMR<\/p>\n<p>La <strong>majorit\u00e9 des axes principaux<\/strong> (rue de la Monnaie, place du Lion d\u2019Or) sont <strong>am\u00e9nag\u00e9s <\/strong>pour les<strong> personnes \u00e0 mobilit\u00e9 r\u00e9duite<\/strong>.<\/p>\n","protected":false},"excerpt":{"rendered":"Quartier embl\u00e9matique de la capitale des Flandres, le Vieux-Lille est le c\u0153ur battant de la ville. Entre ruelles&hellip;\n","protected":false},"author":2,"featured_media":471056,"comment_status":"","ping_status":"","sticky":false,"template":"","format":"standard","meta":{"footnotes":""},"categories":[2815],"tags":[1111,11,1777,674,1011,27,811,1307,12,25],"class_list":{"0":"post-471055","1":"post","2":"type-post","3":"status-publish","4":"format-standard","5":"has-post-thumbnail","7":"category-lille","8":"tag-actu","9":"tag-actualites","10":"tag-eu","11":"tag-europe","12":"tag-fr","13":"tag-france","14":"tag-hauts-de-france","15":"tag-lille","16":"tag-news","17":"tag-republique-francaise"},"share_on_mastodon":{"url":"https:\/\/pubeurope.com\/@fr\/115391999992951734","error":""},"_links":{"self":[{"href":"https:\/\/www.europesays.com\/fr\/wp-json\/wp\/v2\/posts\/471055","targetHints":{"allow":["GET"]}}],"collection":[{"href":"https:\/\/www.europesays.com\/fr\/wp-json\/wp\/v2\/posts"}],"about":[{"href":"https:\/\/www.europesays.com\/fr\/wp-json\/wp\/v2\/types\/post"}],"author":[{"embeddable":true,"href":"https:\/\/www.europesays.com\/fr\/wp-json\/wp\/v2\/users\/2"}],"replies":[{"embeddable":true,"href":"https:\/\/www.europesays.com\/fr\/wp-json\/wp\/v2\/comments?post=471055"}],"version-history":[{"count":0,"href":"https:\/\/www.europesays.com\/fr\/wp-json\/wp\/v2\/posts\/471055\/revisions"}],"wp:featuredmedia":[{"embeddable":true,"href":"https:\/\/www.europesays.com\/fr\/wp-json\/wp\/v2\/media\/471056"}],"wp:attachment":[{"href":"https:\/\/www.europesays.com\/fr\/wp-json\/wp\/v2\/media?parent=471055"}],"wp:term":[{"taxonomy":"category","embeddable":true,"href":"https:\/\/www.europesays.com\/fr\/wp-json\/wp\/v2\/categories?post=471055"},{"taxonomy":"post_tag","embeddable":true,"href":"https:\/\/www.europesays.com\/fr\/wp-json\/wp\/v2\/tags?post=471055"}],"curies":[{"name":"wp","href":"https:\/\/api.w.org\/{rel}","templated":true}]}}