{"id":471057,"date":"2025-10-17T23:02:22","date_gmt":"2025-10-17T23:02:22","guid":{"rendered":"https:\/\/www.europesays.com\/fr\/471057\/"},"modified":"2025-10-17T23:02:22","modified_gmt":"2025-10-17T23:02:22","slug":"la-solive-ouvre-un-campus-a-lille","status":"publish","type":"post","link":"https:\/\/www.europesays.com\/fr\/471057\/","title":{"rendered":"La Solive ouvre un campus \u00e0 Lille"},"content":{"rendered":"<p>\n        Depuis le 6 octobre, un nouveau campus de l\u2019\u00e9cole \u00ab La Solive \u00bb a ouvert \u00e0 Lille. Les personnes en reconversion pourront se former au m\u00e9tier de \u00ab chef de projet en r\u00e9novation \u00e9nerg\u00e9tique \u00bb ou de \u00ab conducteur de travaux \u00bb.\n    <\/p>\n<p>Et de six\u00a0! Apr\u00e8s avoir annonc\u00e9 l\u2019ouverture d\u2019<a href=\"https:\/\/www.batiweb.com\/actualites\/formation\/la-solive-ouvre-un-5eme-campus-a-toulouse-45968\" target=\"_blank\" rel=\"noopener\">un nouveau campus \u00e0 Toulouse en f\u00e9vrier dernier<\/a>, La Solive ouvre une nouvelle antenne \u00e0 Lille, ce qui porte \u00e0 six le nombre de centres de formation de cette \u00e9cole fond\u00e9e en 2021.<\/p>\n<p>Les personnes en <a href=\"https:\/\/www.batiweb.com\/actualites\/vie-des-societes\/les-reconversions-professionnelles-un-vivier-d-emploi-pour-le-btp-42524\" target=\"_blank\" rel=\"noopener\">reconversion professionnelle<\/a> vers les m\u00e9tiers de la r\u00e9novation pourront notamment s\u2019y former pour <strong>devenir \u00ab\u00a0chef de projet en r\u00e9novation \u00e9nerg\u00e9tique\u00a0\u00bb<\/strong> et ainsi acc\u00e9der \u00e0 des m\u00e9tiers tels qu\u2019auditeur \u00e9nerg\u00e9tique, accompagnateur R\u00e9nov\u2019, conseiller, coordinateur ou charg\u00e9 d\u2019affaires en r\u00e9novation \u00e9nerg\u00e9tique, \u00ab\u00a0avec <strong>un salaire d\u2019entr\u00e9e moyen de 3 200 euros brut par mois<\/strong>\u00a0\u00bb, avance <a href=\"https:\/\/www.batiweb.com\/actualites\/vie-des-societes\/la-solive-leve-1-5-me-pour-former-aux-metiers-de-la-renovation-energetique-40936\" target=\"_blank\" rel=\"noopener\">La Solive<\/a>.<\/p>\n<p>Selon Ariane Komorn, co-fondatrice et CEO de l\u2019\u00e9cole, 85 % des anciens \u00e9l\u00e8ves trouveraient un emploi dans les six mois.<\/p>\n<p>\u00a0<\/p>\n<p>R\u00e9pondre \u00e0 des besoins importants en r\u00e9novation \u00e9nerg\u00e9tique<\/p>\n<p>\u00a0<\/p>\n<p>Pour rappel, le secteur de <a href=\"https:\/\/www.batiweb.com\/actualites\/developpement-durable\/la-renovation-energetique-necessitera-200-000-emplois-d-ici-2030-42580\" target=\"_blank\" rel=\"noopener\">la r\u00e9novation \u00e9nerg\u00e9tique\u00a0fait face \u00e0 une p\u00e9nurie de main d\u2019\u0153uvre qualifi\u00e9e<\/a>. Selon les estimations, <strong>600 000 postes seraient \u00e0 pourvoir d\u2019ici 2030<\/strong> pour r\u00e9pondre aux objectifs \u00e9nerg\u00e9tiques que la France s\u2019est fix\u00e9s.<\/p>\n<p>Les besoins sont d\u2019autant plus importants dans la r\u00e9gion Hauts-de-France, qui, selon l\u2019Insee, compte <strong>plus d\u2019un million de logements tr\u00e8s \u00e9nergivores<\/strong> (\u00e9tiquettes E, F et G), soit pr\u00e8s de 42 % des r\u00e9sidences principales, dont de nombreuses passoires \u00e9nerg\u00e9tiques.<\/p>\n<p>\u00c0 noter qu\u2019\u00e0 compter du 17 novembre, une seconde formation d\u00e9butera sur le campus lillois pour <strong>devenir \u00ab\u00a0conducteur de travaux\u00a0\u00bb<\/strong>.<\/p>\n<p>\u00a0<\/p>\n<p>Par Claire Lemonnier<\/p>\n","protected":false},"excerpt":{"rendered":"Depuis le 6 octobre, un nouveau campus de l\u2019\u00e9cole \u00ab La Solive \u00bb a ouvert \u00e0 Lille. Les&hellip;\n","protected":false},"author":2,"featured_media":471058,"comment_status":"","ping_status":"","sticky":false,"template":"","format":"standard","meta":{"footnotes":""},"categories":[2815],"tags":[1111,11,59480,341,1777,674,1119,1011,27,811,59479,1307,12,59481,6046,7099,26016,25],"class_list":{"0":"post-471057","1":"post","2":"type-post","3":"status-publish","4":"format-standard","5":"has-post-thumbnail","7":"category-lille","8":"tag-actu","9":"tag-actualites","10":"tag-conducteur-de-travaux","11":"tag-emploi","12":"tag-eu","13":"tag-europe","14":"tag-formation","15":"tag-fr","16":"tag-france","17":"tag-hauts-de-france","18":"tag-la-solive","19":"tag-lille","20":"tag-news","21":"tag-passoires-energetiques","22":"tag-reconversion","23":"tag-recrutement","24":"tag-renovation-energetique","25":"tag-republique-francaise"},"share_on_mastodon":{"url":"https:\/\/pubeurope.com\/@fr\/115392003680800432","error":""},"_links":{"self":[{"href":"https:\/\/www.europesays.com\/fr\/wp-json\/wp\/v2\/posts\/471057","targetHints":{"allow":["GET"]}}],"collection":[{"href":"https:\/\/www.europesays.com\/fr\/wp-json\/wp\/v2\/posts"}],"about":[{"href":"https:\/\/www.europesays.com\/fr\/wp-json\/wp\/v2\/types\/post"}],"author":[{"embeddable":true,"href":"https:\/\/www.europesays.com\/fr\/wp-json\/wp\/v2\/users\/2"}],"replies":[{"embeddable":true,"href":"https:\/\/www.europesays.com\/fr\/wp-json\/wp\/v2\/comments?post=471057"}],"version-history":[{"count":0,"href":"https:\/\/www.europesays.com\/fr\/wp-json\/wp\/v2\/posts\/471057\/revisions"}],"wp:featuredmedia":[{"embeddable":true,"href":"https:\/\/www.europesays.com\/fr\/wp-json\/wp\/v2\/media\/471058"}],"wp:attachment":[{"href":"https:\/\/www.europesays.com\/fr\/wp-json\/wp\/v2\/media?parent=471057"}],"wp:term":[{"taxonomy":"category","embeddable":true,"href":"https:\/\/www.europesays.com\/fr\/wp-json\/wp\/v2\/categories?post=471057"},{"taxonomy":"post_tag","embeddable":true,"href":"https:\/\/www.europesays.com\/fr\/wp-json\/wp\/v2\/tags?post=471057"}],"curies":[{"name":"wp","href":"https:\/\/api.w.org\/{rel}","templated":true}]}}