{"id":471059,"date":"2025-10-17T23:03:12","date_gmt":"2025-10-17T23:03:12","guid":{"rendered":"https:\/\/www.europesays.com\/fr\/471059\/"},"modified":"2025-10-17T23:03:12","modified_gmt":"2025-10-17T23:03:12","slug":"devant-lhotel-du-departement-a-marseille-les-salaries-de-la-protection-de-lenfance-denonce-un-accompagnement-au-rabais","status":"publish","type":"post","link":"https:\/\/www.europesays.com\/fr\/471059\/","title":{"rendered":"Devant l&rsquo;h\u00f4tel du d\u00e9partement, \u00e0 Marseille les salari\u00e9s de la protection de l&rsquo;enfance d\u00e9nonce \u00ab\u00a0un accompagnement au rabais\u00a0\u00bb"},"content":{"rendered":"<p>Le <a href=\"https:\/\/www.laprovence.com\/article\/societe\/56661096583885\/la-plus-grosse-crise-que-l-on-traverse-les-coupes-budgetaires-menacent-la-survie-des-matins-bleus-a-arles\" target=\"_blank\" rel=\"noopener\">sort des Matins bleus<\/a> avait servi de premi\u00e8re alerte la veille. Ce vendredi 17 octobre, l&rsquo;association du pays d&rsquo;Arles \u00e9tait rejointe par plusieurs structures mandat\u00e9es par le D\u00e9partement pour <a href=\"https:\/\/www.laprovence.com\/article\/faits-divers-justice\/193416408284915\/rapport-accablant-sur-la-protection-de-lenfance-nous-les-enfants-places-on-est-traites-comme-des-dossiers\" target=\"_blank\" rel=\"noopener\">la protection de l&rsquo;enfance<\/a>, afin d&rsquo;exprimer \u00ab\u00a0un ras-le-bol g\u00e9n\u00e9ral face \u00e0 la baisse des budgets\u00a0\u00bb. Rassembl\u00e9s devant l&rsquo;h\u00f4tel du D\u00e9partement, les salari\u00e9s de l&rsquo;Anef Provence ou des Maisons d&rsquo;enfants \u00e0 caract\u00e8re social (Mecs) d\u00e9non\u00e7aient \u00ab\u00a0un accompagnement au rabais, apr\u00e8s la baisse des tarifications \u00e0 la journ\u00e9e\u00a0\u00bb impos\u00e9e par le budget 2025 du Conseil d\u00e9partemental.<\/p>\n<p>\u00a0\u00ab\u00a0Des budgets r\u00e9duits de 40\u00a0%\u00a0\u00bb<\/p>\n<p>\u00ab\u00a0Notre r\u00f4le est de prendre en charge des enfants qui ne sont plus prot\u00e9g\u00e9s au sein de leur structure familiale, d\u00e9crit Maia, \u00e9ducatrice \u00e0 l&rsquo;Anef Provence, association sp\u00e9cialis\u00e9e dans la protection de l&rsquo;enfance et l&rsquo;insertion par le logement. Notre Service d&rsquo;accompagnement vers l&rsquo;autonomie (Sava, d\u00e9di\u00e9 au 16-21 ans) voit son budget coup\u00e9 de 40%, ce qui conduire \u00e0 une r\u00e9duction de l&rsquo;\u00e9quipe, avec seulement deux \u00e9ducateurs pour 20 jeunes, contre cinq aujourd&rsquo;hui. Ces restrictions pour l&rsquo;ann\u00e9e 2025 nous sont annonc\u00e9es en milieu d&rsquo;ann\u00e9e, avec effet r\u00e9troactif ce qui va amener beaucoup de structures, d\u00e9j\u00e0 d\u00e9f&#8230;<\/p>\n","protected":false},"excerpt":{"rendered":"Le sort des Matins bleus avait servi de premi\u00e8re alerte la veille. Ce vendredi 17 octobre, l&rsquo;association du&hellip;\n","protected":false},"author":2,"featured_media":471060,"comment_status":"","ping_status":"","sticky":false,"template":"","format":"standard","meta":{"footnotes":""},"categories":[2814],"tags":[17,1111,11,9968,13413,1777,674,1011,27,12170,151,884,12,4846,882,16,25,7264],"class_list":{"0":"post-471059","1":"post","2":"type-post","3":"status-publish","4":"format-standard","5":"has-post-thumbnail","7":"category-marseille","8":"tag-17","9":"tag-actu","10":"tag-actualites","11":"tag-departement","12":"tag-devant","13":"tag-eu","14":"tag-europe","15":"tag-fr","16":"tag-france","17":"tag-lhotel","18":"tag-les","19":"tag-marseille","20":"tag-news","21":"tag-protection","22":"tag-provence-alpes-cote-dazur","23":"tag-region","24":"tag-republique-francaise","25":"tag-salaries"},"share_on_mastodon":{"url":"https:\/\/pubeurope.com\/@fr\/115392007602797059","error":""},"_links":{"self":[{"href":"https:\/\/www.europesays.com\/fr\/wp-json\/wp\/v2\/posts\/471059","targetHints":{"allow":["GET"]}}],"collection":[{"href":"https:\/\/www.europesays.com\/fr\/wp-json\/wp\/v2\/posts"}],"about":[{"href":"https:\/\/www.europesays.com\/fr\/wp-json\/wp\/v2\/types\/post"}],"author":[{"embeddable":true,"href":"https:\/\/www.europesays.com\/fr\/wp-json\/wp\/v2\/users\/2"}],"replies":[{"embeddable":true,"href":"https:\/\/www.europesays.com\/fr\/wp-json\/wp\/v2\/comments?post=471059"}],"version-history":[{"count":0,"href":"https:\/\/www.europesays.com\/fr\/wp-json\/wp\/v2\/posts\/471059\/revisions"}],"wp:featuredmedia":[{"embeddable":true,"href":"https:\/\/www.europesays.com\/fr\/wp-json\/wp\/v2\/media\/471060"}],"wp:attachment":[{"href":"https:\/\/www.europesays.com\/fr\/wp-json\/wp\/v2\/media?parent=471059"}],"wp:term":[{"taxonomy":"category","embeddable":true,"href":"https:\/\/www.europesays.com\/fr\/wp-json\/wp\/v2\/categories?post=471059"},{"taxonomy":"post_tag","embeddable":true,"href":"https:\/\/www.europesays.com\/fr\/wp-json\/wp\/v2\/tags?post=471059"}],"curies":[{"name":"wp","href":"https:\/\/api.w.org\/{rel}","templated":true}]}}