{"id":47106,"date":"2025-04-23T17:22:14","date_gmt":"2025-04-23T17:22:14","guid":{"rendered":"https:\/\/www.europesays.com\/fr\/47106\/"},"modified":"2025-04-23T17:22:14","modified_gmt":"2025-04-23T17:22:14","slug":"economie-circulaire-seconde-main-en-lorraine-toutes-nos-bonnes-adresses","status":"publish","type":"post","link":"https:\/\/www.europesays.com\/fr\/47106\/","title":{"rendered":"Economie circulaire. Seconde main en Lorraine : toutes nos bonnes adresses"},"content":{"rendered":"<p>Vaisselle, petit mobilier, v\u00eatements, multim\u00e9dia, objets de d\u00e9coration, \u00e9lectrom\u00e9nager\u2026\u200a: le march\u00e9 de la seconde main est tr\u00e8s actif en Lorraine o\u00f9 l\u2019on trouve de nombreuses ressourceries et recycleries.<\/p>\n<p>\u00ab\u00a0\u200aLa perspective de consommer responsable se d\u00e9veloppe ces derni\u00e8res ann\u00e9es. D\u2019une part, elle est li\u00e9e au contexte \u00e9conomique et \u00e0 l\u2019inflation\u200a\u00bb, souligne <a href=\"https:\/\/www.cress-grandest.org\/\" target=\"_blank\" rel=\"noopener\">la coordinatrice territoriale lorraine \u00e0 la Cress<\/a> Grand Est (Chambre r\u00e9gionale de l\u2019\u00e9conomie sociale et solidaire) et r\u00e9f\u00e9rente \u00ab\u200aachats socialement et \u00e9cologiquement responsables\u200a\u00bb. D\u2019autre part, elle est li\u00e9e \u00e0 \u00ab\u200aune prise de conscience \u00e9cologique\u200a\u00bb plus forte.<\/p>\n<p>  Des ressourceries \u00e9quitablement r\u00e9parties<\/p>\n<p>Elles sont \u00e9quitablement r\u00e9parties \u00e0 l\u2019\u00e9chelle de la r\u00e9gion. Autrement dit aucune zone n\u2019est compl\u00e8tement d\u00e9pourvue de boutiques ou d\u2019initiatives locales faisant la part belle \u00e0 la seconde main.<\/p>\n<p>Elles sont aussi bien repr\u00e9sent\u00e9es proportionnellement au nombre d\u2019habitants dans chaque d\u00e9partement. Ainsi la Moselle avec ses plus d\u2019un million d\u2019habitants* et la Meurthe-et-Moselle avec plus de 730\u200a000 habitants* affichent davantage de ressourceries que la Meuse et les Vosges. (lire ci-dessous).<\/p>\n<p class=\"txt\">Il n\u2019y a pas qu\u2019Emma\u00fcs ou Le BonCoin<\/p>\n<p class=\"nom\">Emilie Dolle, designer en architecture d\u2019int\u00e9rieur, fondatrice de la soci\u00e9t\u00e9 Le Seize\u00a0\u00bb \u00e0 Nancy<\/p>\n<p>Et d\u2019embl\u00e9e, <a href=\"https:\/\/leseize-design.fr\/\" target=\"_blank\" rel=\"noopener\">\u00c9milie Dolle, designer en architecture d\u2019int\u00e9rieur sp\u00e9cialis\u00e9e dans le design durable<\/a>, l\u2019annonce\u200a: \u00ab\u200aAujourd\u2019hui, il n\u2019y a pas qu\u2019Emma\u00fcs ou Le BonCoin pour s\u2019approvisionner \u200a! Il y a d\u2019autres fili\u00e8res et d\u2019autres ressourceries dans notre r\u00e9gion \u200a! Il faut \u00e9largir son champ de vision.\u200a\u00bb<\/p>\n<p>La Nanc\u00e9ienne, fondatrice de la soci\u00e9t\u00e9 \u00ab\u200aLe Seize\u200a\u00bb, qui a pr\u00e9sent\u00e9 avec <a href=\"https:\/\/www.facebook.com\/lelevier54\/posts\/pfbid02zSfFiEhFoxEkx5Wb4zY7dkfsPpENbQyHW9qJr3AhV7YjzwY1sVN7r4RfRNeoPwdhl\" target=\"_blank\" rel=\"noopener\">le collectif \u00ab\u200aLe levier\u200a\u00bb<\/a>, un appartement 100\u00a0% am\u00e9nag\u00e9 en \u00e9l\u00e9ments de seconde main au Salon de l\u2019Habitat \u00e0 Nancy fin f\u00e9vrier d\u00e9but mars, pr\u00e9cise que la ressourcerie ne se limite pas aux v\u00eatements, \u00e0 la vaisselle, au petit mobilier.<\/p>\n<p>Equiper de A \u00e0 Z un appartement, une maison<\/p>\n<p>La seconde main peut prendre une autre dimension comme celle d\u2019\u00e9quiper de A \u00e0 Z un appartement, une maison. La designer cite le r\u00e9seau bien connu <a href=\"https:\/\/lorraine.envie.org\/\" target=\"_blank\" rel=\"noopener\">\u00ab\u200a Envie \u200a\u00bb<\/a> pour l\u2019\u00e9lectrom\u00e9nager mais aussi plus localement, en Meurthe-et-Moselle par exemple, <a href=\"https:\/\/www.estrepublicain.fr\/encadres\/2023\/06\/25\/construction-et-renovation-du-materiel-a-petits-prix-a-la-maison-du-reemploi\" target=\"_blank\" rel=\"noopener\">\u00ab\u200a La Maison du r\u00e9emploi\u200a \u00bb<\/a> \u00e0 Nancy o\u00f9 l\u2019on peut trouver du mat\u00e9riel sanitaire (baignoire, WC, lavabo\u2026) chauffage (radiateurs\u2026), \u00e9lectricit\u00e9, sols (parquets\u2026), plafonds, menuiserie (portes, fen\u00eatres\u2026). Ou encore pour le mat\u00e9riel informatique <a href=\"https:\/\/dora.inclusion.beta.gouv.fr\/services\/infosel-ulis-infosel-aci-infosel\" target=\"_blank\" rel=\"noopener\">l\u2019association InfoSel<\/a> \u00e0 Max\u00e9ville, pr\u00e8s de Nancy.<\/p>\n<p>Si ces types de ressourceries sont pour la majeure partie \u00e0 mission d\u2019int\u00e9r\u00eat g\u00e9n\u00e9ral en favorisant la r\u00e9insertion par l\u2019emploi, il existe aussi dans tous nos d\u00e9partements des offres \u00e0 vis\u00e9e lucrative, des boutiques qui ach\u00e8tent et revendent des produits d\u2019occasion. \u00ab\u200a Ce n\u2019est pas un probl\u00e8me \u200a\u00bb, souligne \u00c9milie Dolle car \u00ab\u200a c\u2019est tout de m\u00eame bas\u00e9 sur le principe du r\u00e9emploi\u200a\u00bb. \u00a0<\/p>\n<p>Se questionner avant de se d\u00e9barrasser<\/p>\n<p>Et la designer de vanter aussi le savoir-faire d\u2019artisans locaux qui fabriquent du mobilier neuf \u00e0 partir de mati\u00e8res recycl\u00e9es. C\u2019est neuf, c\u2019est un peu plus cher, mais c&rsquo;est \u00e9co responsable \u200a!<\/p>\n<p class=\"txt\">Une fa\u00e7on de repenser sa consommation face au mobilier et aux objets de d\u00e9coration<\/p>\n<p class=\"nom\">Emilie Dolle, designer en architecture d\u2019int\u00e9rieur, fondatrice de la soci\u00e9t\u00e9 Le Seize\u00a0\u00bb \u00e0 Nancy<\/p>\n<p>Quoi qu\u2019il en soit, la sp\u00e9cialiste du design durable encourage \u00e0 se questionner avant de se d\u00e9barrasser d\u2019un meuble, d\u2019un v\u00eatement, d\u2019un appareil \u00e9lectrom\u00e9nager. Peut-il \u00eatre relook\u00e9, peut-il \u00eatre repris\u00e9, peut-il \u00eatre r\u00e9par\u00e9 \u00a0? Et de prendre l\u2019exemple des meubles de nos grands-m\u00e8res dont souvent nous voulons nous d\u00e9barrasser \u00ab\u200aqui sont en bois massif et de tr\u00e8s bonne qualit\u00e9 comparativement \u00e0 la \u00ab\u200afast d\u00e9co\u200a\u00bb que l\u2019on nous propose aujourd\u2019hui en bois agglom\u00e9r\u00e9 et g\u00e9n\u00e9ralement moins solide et jetable.\u200a\u00bb<\/p>\n<p>\u00ab\u200aC\u2019est toute une approche et une fa\u00e7on de repenser sa consommation face au mobilier et aux objets de d\u00e9coration.\u200a\u00bb<\/p>\n<p class=\"note\">*Source Insee, population en 2021.<\/p>\n","protected":false},"excerpt":{"rendered":"Vaisselle, petit mobilier, v\u00eatements, multim\u00e9dia, objets de d\u00e9coration, \u00e9lectrom\u00e9nager\u2026\u200a: le march\u00e9 de la seconde main est tr\u00e8s actif&hellip;\n","protected":false},"author":2,"featured_media":47107,"comment_status":"","ping_status":"","sticky":false,"template":"","format":"standard","meta":{"footnotes":""},"categories":[9635],"tags":[1111,11,3602,1707,1704,1706,1705,10174,436,1777,674,107,1011,27,775,3457,11209,1702,12,3456,25,104],"class_list":{"0":"post-47106","1":"post","2":"type-post","3":"status-publish","4":"format-standard","5":"has-post-thumbnail","7":"category-nancy","8":"tag-actu","9":"tag-actualites","10":"tag-edition-bar-le-duc","11":"tag-edition-luneville","12":"tag-edition-nancy-et-agglomeration","13":"tag-edition-pont-a-mousson","14":"tag-edition-toul","15":"tag-edition-verdun","16":"tag-environnement","17":"tag-eu","18":"tag-europe","19":"tag-fil-info","20":"tag-fr","21":"tag-france","22":"tag-grand-est","23":"tag-meurthe-et-moselle","24":"tag-meuse","25":"tag-nancy","26":"tag-news","27":"tag-region-lorraine","28":"tag-republique-francaise","29":"tag-societe"},"share_on_mastodon":{"url":"https:\/\/pubeurope.com\/@fr\/114388437858139391","error":""},"_links":{"self":[{"href":"https:\/\/www.europesays.com\/fr\/wp-json\/wp\/v2\/posts\/47106","targetHints":{"allow":["GET"]}}],"collection":[{"href":"https:\/\/www.europesays.com\/fr\/wp-json\/wp\/v2\/posts"}],"about":[{"href":"https:\/\/www.europesays.com\/fr\/wp-json\/wp\/v2\/types\/post"}],"author":[{"embeddable":true,"href":"https:\/\/www.europesays.com\/fr\/wp-json\/wp\/v2\/users\/2"}],"replies":[{"embeddable":true,"href":"https:\/\/www.europesays.com\/fr\/wp-json\/wp\/v2\/comments?post=47106"}],"version-history":[{"count":0,"href":"https:\/\/www.europesays.com\/fr\/wp-json\/wp\/v2\/posts\/47106\/revisions"}],"wp:featuredmedia":[{"embeddable":true,"href":"https:\/\/www.europesays.com\/fr\/wp-json\/wp\/v2\/media\/47107"}],"wp:attachment":[{"href":"https:\/\/www.europesays.com\/fr\/wp-json\/wp\/v2\/media?parent=47106"}],"wp:term":[{"taxonomy":"category","embeddable":true,"href":"https:\/\/www.europesays.com\/fr\/wp-json\/wp\/v2\/categories?post=47106"},{"taxonomy":"post_tag","embeddable":true,"href":"https:\/\/www.europesays.com\/fr\/wp-json\/wp\/v2\/tags?post=47106"}],"curies":[{"name":"wp","href":"https:\/\/api.w.org\/{rel}","templated":true}]}}