{"id":471061,"date":"2025-10-17T23:04:21","date_gmt":"2025-10-17T23:04:21","guid":{"rendered":"https:\/\/www.europesays.com\/fr\/471061\/"},"modified":"2025-10-17T23:04:21","modified_gmt":"2025-10-17T23:04:21","slug":"toulon-et-sete-profitent-aussi-des-greves-a-marseille","status":"publish","type":"post","link":"https:\/\/www.europesays.com\/fr\/471061\/","title":{"rendered":"Toulon et S\u00e8te profitent aussi des gr\u00e8ves \u00e0 Marseille"},"content":{"rendered":"<p>Il n&rsquo;y a pas que les ports italiens et espagnols, \u00e0 commencer par G\u00eanes et Barcelone, qui se frottent les mains en voyant le port de Marseille s&rsquo;enliser dans les mouvements sociaux. Plus discr\u00e8tement, des places comme Toulon et S\u00e8te profitent aussi des perturbations li\u00e9es aux gr\u00e8ves sur les terminaux de Marseille et Fos. La rade de Toulon a, ainsi, vu arriver plusieurs porte-conteneurs de la compagnie Turkon Line, qui se sont amarr\u00e9s au port de Br\u00e9gaillon, \u00e0 La Seyne-sur-Mer. La rade toulonnaise a, \u00e9galement, bien profit\u00e9 des reports d&rsquo;escales marseillais, avec  plusieurs escales, comme celles du Bleu de France ou du Queen Victoria. <br \/>Plus \u00e0 l&rsquo;ouest, c&rsquo;est le port de S\u00e8te qui a, \u00e9galement, r\u00e9cup\u00e9r\u00e9 certains trafics en provenances de la cit\u00e9 phoc\u00e9enne. Ainsi, les terminaux s\u00e9tois ont re\u00e7u des feeders d&rsquo;AMFM, qui desservent la France, l&rsquo;Espagne et l&rsquo;Alg\u00e9rie, o\u00f9 encore un porte-conteneurs affect\u00e9 au Med Caribbean Service de CMA CGM et Marfret.   <\/p>\n","protected":false},"excerpt":{"rendered":"Il n&rsquo;y a pas que les ports italiens et espagnols, \u00e0 commencer par G\u00eanes et Barcelone, qui se&hellip;\n","protected":false},"author":2,"featured_media":471062,"comment_status":"","ping_status":"","sticky":false,"template":"","format":"standard","meta":{"footnotes":""},"categories":[2814],"tags":[1111,11,6130,6141,6131,6138,2380,6135,554,1777,6136,674,1011,27,6139,6134,3135,6128,567,6129,884,6127,12,6132,4838,882,6133,25,6140,6137],"class_list":{"0":"post-471061","1":"post","2":"type-post","3":"status-publish","4":"format-standard","5":"has-post-thumbnail","7":"category-marseille","8":"tag-actu","9":"tag-actualites","10":"tag-chantiers","11":"tag-commando","12":"tag-construction-navale","13":"tag-costa","14":"tag-croisiere","15":"tag-dcns","16":"tag-defense","17":"tag-eu","18":"tag-euronaval","19":"tag-europe","20":"tag-fr","21":"tag-france","22":"tag-fremm","23":"tag-interviews","24":"tag-littoral","25":"tag-marine","26":"tag-marine-nationale","27":"tag-maritime","28":"tag-marseille","29":"tag-mer","30":"tag-news","31":"tag-offshore","32":"tag-peche","33":"tag-provence-alpes-cote-dazur","34":"tag-reportages","35":"tag-republique-francaise","36":"tag-sncm","37":"tag-stx"},"share_on_mastodon":{"url":"https:\/\/pubeurope.com\/@fr\/115392011577524951","error":""},"_links":{"self":[{"href":"https:\/\/www.europesays.com\/fr\/wp-json\/wp\/v2\/posts\/471061","targetHints":{"allow":["GET"]}}],"collection":[{"href":"https:\/\/www.europesays.com\/fr\/wp-json\/wp\/v2\/posts"}],"about":[{"href":"https:\/\/www.europesays.com\/fr\/wp-json\/wp\/v2\/types\/post"}],"author":[{"embeddable":true,"href":"https:\/\/www.europesays.com\/fr\/wp-json\/wp\/v2\/users\/2"}],"replies":[{"embeddable":true,"href":"https:\/\/www.europesays.com\/fr\/wp-json\/wp\/v2\/comments?post=471061"}],"version-history":[{"count":0,"href":"https:\/\/www.europesays.com\/fr\/wp-json\/wp\/v2\/posts\/471061\/revisions"}],"wp:featuredmedia":[{"embeddable":true,"href":"https:\/\/www.europesays.com\/fr\/wp-json\/wp\/v2\/media\/471062"}],"wp:attachment":[{"href":"https:\/\/www.europesays.com\/fr\/wp-json\/wp\/v2\/media?parent=471061"}],"wp:term":[{"taxonomy":"category","embeddable":true,"href":"https:\/\/www.europesays.com\/fr\/wp-json\/wp\/v2\/categories?post=471061"},{"taxonomy":"post_tag","embeddable":true,"href":"https:\/\/www.europesays.com\/fr\/wp-json\/wp\/v2\/tags?post=471061"}],"curies":[{"name":"wp","href":"https:\/\/api.w.org\/{rel}","templated":true}]}}