{"id":471063,"date":"2025-10-17T23:05:13","date_gmt":"2025-10-17T23:05:13","guid":{"rendered":"https:\/\/www.europesays.com\/fr\/471063\/"},"modified":"2025-10-17T23:05:13","modified_gmt":"2025-10-17T23:05:13","slug":"les-essais-dynamiques-lances-avant-la-mise-en-service-en-fevrier-2026","status":"publish","type":"post","link":"https:\/\/www.europesays.com\/fr\/471063\/","title":{"rendered":"les essais dynamiques lanc\u00e9s avant la mise en service en f\u00e9vrier 2026"},"content":{"rendered":"<p itemprop=\"description\"><strong>Le Sytral a annonc\u00e9 le lancement, \u00e0 partir du mercredi 22 octobre, des essais dynamiques sur le prolongement de la ligne de tramway T6.<\/strong><\/p>\n<p>Cette ultime phase, qui s\u2019\u00e9tendra jusqu\u2019\u00e0 mi-janvier 2026, marque la derni\u00e8re \u00e9tape avant la mise en service pr\u00e9vue entre les H\u00f4pitaux-Est de Bron et le campus LyonTech-La Doua \u2013 INSA Lyon esp\u00e9r\u00e9e pour le 14 f\u00e9vrier 2026.<\/p>\n<p>Ces essais, r\u00e9alis\u00e9s en trois phases (ouverture de ligne, tests dynamiques, puis validation), permettront de v\u00e9rifier la conformit\u00e9 des infrastructures et la s\u00e9curit\u00e9 du syst\u00e8me de transport. D\u2019ici l\u00e0, 23 nouveaux conducteurs seront form\u00e9s, aux c\u00f4t\u00e9s de 350 agents TCL, pour ma\u00eetriser les sp\u00e9cificit\u00e9s du trac\u00e9, notamment la circulation sur voie unique rue Billon et en zone pi\u00e9tonne dans le centre de Villeurbanne.<\/p>\n<p>D\u2019un co\u00fbt total de 185 millions d\u2019euros, le prolongement reliera quatre p\u00f4les urbains majeurs : les H\u00f4pitaux-Est, Jules-Grandcl\u00e9ment, les Gratte-Ciel et le campus de la Doua. Avec une fr\u00e9quentation estim\u00e9e \u00e0 55 000 voyages par jour, le T6 deviendra la premi\u00e8re ligne interurbaine en rocade du r\u00e9seau TCL, connect\u00e9e aux lignes fortes existantes (m\u00e9tros A, B, D et tramways T1, T3, T4, Rh\u00f4nexpress).<\/p>\n<p><img loading=\"lazy\" decoding=\"async\" style=\"display: block; margin-left: auto; margin-right: auto;\" src=\"https:\/\/www.europesays.com\/fr\/wp-content\/uploads\/2025\/10\/synoptique-t6nord-mai2025-hd-26810.jpg\" alt=\"\" width=\"500\" height=\"1012\"\/><\/p>\n<p>En parall\u00e8le, le SYTRAL d\u00e9ploie une campagne de pr\u00e9vention \u00e0 destination des riverains et automobilistes, via des courriers, vid\u00e9os p\u00e9dagogiques et m\u00e9diateurs sur le terrain, pour favoriser la cohabitation entre tram, pi\u00e9tons et voitures avant l\u2019ouverture au public.<\/p>\n","protected":false},"excerpt":{"rendered":"Le Sytral a annonc\u00e9 le lancement, \u00e0 partir du mercredi 22 octobre, des essais dynamiques sur le prolongement&hellip;\n","protected":false},"author":2,"featured_media":471064,"comment_status":"","ping_status":"","sticky":false,"template":"","format":"standard","meta":{"footnotes":""},"categories":[1889],"tags":[1111,11,2813,2190,2430,1109,251,1112,2811,1777,674,118,1011,27,1922,1110,1114,2428,2810,12,241,316,25,2812,517,800],"class_list":{"0":"post-471063","1":"post","2":"type-post","3":"status-publish","4":"format-standard","5":"has-post-thumbnail","7":"category-lyon","8":"tag-actu","9":"tag-actualites","10":"tag-article","11":"tag-asvel","12":"tag-auvergne-rhone-alpes","13":"tag-breves","14":"tag-culture","15":"tag-depeches","16":"tag-economique","17":"tag-eu","18":"tag-europe","19":"tag-faits-divers","20":"tag-fr","21":"tag-france","22":"tag-info","23":"tag-informations","24":"tag-infos","25":"tag-lyon","26":"tag-lyonmag","27":"tag-news","28":"tag-ol","29":"tag-politique","30":"tag-republique-francaise","31":"tag-sociale","32":"tag-sport","33":"tag-transports"},"share_on_mastodon":{"url":"https:\/\/pubeurope.com\/@fr\/115392016360600770","error":""},"_links":{"self":[{"href":"https:\/\/www.europesays.com\/fr\/wp-json\/wp\/v2\/posts\/471063","targetHints":{"allow":["GET"]}}],"collection":[{"href":"https:\/\/www.europesays.com\/fr\/wp-json\/wp\/v2\/posts"}],"about":[{"href":"https:\/\/www.europesays.com\/fr\/wp-json\/wp\/v2\/types\/post"}],"author":[{"embeddable":true,"href":"https:\/\/www.europesays.com\/fr\/wp-json\/wp\/v2\/users\/2"}],"replies":[{"embeddable":true,"href":"https:\/\/www.europesays.com\/fr\/wp-json\/wp\/v2\/comments?post=471063"}],"version-history":[{"count":0,"href":"https:\/\/www.europesays.com\/fr\/wp-json\/wp\/v2\/posts\/471063\/revisions"}],"wp:featuredmedia":[{"embeddable":true,"href":"https:\/\/www.europesays.com\/fr\/wp-json\/wp\/v2\/media\/471064"}],"wp:attachment":[{"href":"https:\/\/www.europesays.com\/fr\/wp-json\/wp\/v2\/media?parent=471063"}],"wp:term":[{"taxonomy":"category","embeddable":true,"href":"https:\/\/www.europesays.com\/fr\/wp-json\/wp\/v2\/categories?post=471063"},{"taxonomy":"post_tag","embeddable":true,"href":"https:\/\/www.europesays.com\/fr\/wp-json\/wp\/v2\/tags?post=471063"}],"curies":[{"name":"wp","href":"https:\/\/api.w.org\/{rel}","templated":true}]}}