{"id":471073,"date":"2025-10-17T23:11:35","date_gmt":"2025-10-17T23:11:35","guid":{"rendered":"https:\/\/www.europesays.com\/fr\/471073\/"},"modified":"2025-10-17T23:11:35","modified_gmt":"2025-10-17T23:11:35","slug":"quinte-quinte-du-samedi-18-octobre-a-auteuil-rock-and-roll-monte-en-puissance","status":"publish","type":"post","link":"https:\/\/www.europesays.com\/fr\/471073\/","title":{"rendered":"Quint\u00e9+: Quint\u00e9+ du samedi 18 octobre \u00e0 Auteuil : Rock And Roll monte en puissance"},"content":{"rendered":"<p><strong>Les partants du Quint\u00e9+ de ce samedi 18 octobre.<\/strong><strong style=\"float: left;margin-left: 2%;\">PRIX LE PARISIEN (PRIX DU PRINCE D&rsquo;ECOUEN)<\/strong><strong style=\"float: right;margin-right: 2%;\">SAMEDI 18 OCTOBRE<\/strong><br \/>AUTEUIL &#8211; 3900 METRES &#8211; \u00a0<img decoding=\"async\" alt=\"picto_obstacle\" class=\"img2\" src=\"https:\/\/static.equidia.fr\/equidia\/discipline\/obstacles.svg\"\/>D\u00c9PART : 15H15<\/p>\n<tr class=\"row1\" style=\"border: thin solid #020338; width: 50%; padding: 5px; background-color: #020338; color: #FFFFFF; text-align: left; line-height: 15px;\">N\u00b0\u00a0CHEVAL\u00a0JOCKEYPOIDS\u00a0ENTRA\u00ceNEURVALEURGAINS<\/tr>\n<tr class=\"row2\" style=\"text-align: left; background-color: #FFFFFF; line-height: 15px;\">\n<td class=\"col1\" style=\"text-align: center; width: 65px;font-weight: bold;\">1<\/td>\n<td class=\"col2\"><a href=\"https:\/\/www.equidia.fr\/chevaux\/polyrisk?horse_uuid=1af47961-582f-4998-bdec-54c989fa19ed\" target=\"_blank\" rel=\"noopener\">POLYRISK<\/a><\/td>\n<td class=\"col3\">B.GELHAY<\/td>\n<td class=\"col4\">72.0 kg<\/td>\n<td class=\"col5\">F.ALLONCLE<\/td>\n<td class=\"col6\" style=\"text-align: center;\">62.0<\/td>\n<td class=\"col7\" style=\"text-align: right;\">117750 \u20ac<\/td>\n<\/tr>\n<tr class=\"row3\" style=\"text-align: left; background-color: rgb(218, 218, 226); line-height: 15px;\">\n<td class=\"col1\" style=\"text-align: center; width: 65px;font-weight: bold;\">2<\/td>\n<td class=\"col2\"><a href=\"https:\/\/www.equidia.fr\/chevaux\/lou-fast?horse_uuid=0763968b-ad96-4fe0-967e-6a4f8bfd4eb2\" target=\"_blank\" rel=\"noopener\">LOU FAST<\/a><\/td>\n<td class=\"col3\">L.BRECHET<\/td>\n<td class=\"col4\">71.5 kg<\/td>\n<td class=\"col5\">ROB.COLLET (S)<\/td>\n<td class=\"col6\" style=\"text-align: center;\">61.5<\/td>\n<td class=\"col7\" style=\"text-align: right;\">415870 \u20ac<\/td>\n<\/tr>\n<tr class=\"row2\" style=\"text-align: left; background-color: #FFFFFF; line-height: 15px;\">\n<td class=\"col1\" style=\"text-align: center; width: 65px;font-weight: bold;\">3<\/td>\n<td class=\"col2\"><a href=\"https:\/\/www.equidia.fr\/chevaux\/rock-and-roll-1?horse_uuid=7365745c-bbf9-4c6a-9463-d6c9ba36fedc\" target=\"_blank\" rel=\"noopener\">ROCK AND ROLL<\/a><\/td>\n<td class=\"col3\">B.LE CLERC<\/td>\n<td class=\"col4\">71.0 kg<\/td>\n<td class=\"col5\">M.SEROR (S)<\/td>\n<td class=\"col6\" style=\"text-align: center;\">61.0<\/td>\n<td class=\"col7\" style=\"text-align: right;\">298650 \u20ac<\/td>\n<\/tr>\n<tr class=\"row3\" style=\"text-align: left; background-color: rgb(218, 218, 226); line-height: 15px;\">\n<td class=\"col1\" style=\"text-align: center; width: 65px;font-weight: bold;\">4<\/td>\n<td class=\"col2\"><a href=\"https:\/\/www.equidia.fr\/chevaux\/undeniable-alibi?horse_uuid=03f71969-5263-4391-a07d-4723370266eb\" target=\"_blank\" rel=\"noopener\">UNDENIABLE ALIBI<\/a><\/td>\n<td class=\"col3\">J.REVELEY<\/td>\n<td class=\"col4\">70.0 kg<\/td>\n<td class=\"col5\">N. GEORGE &amp; A. ZETTERHOLM<\/td>\n<td class=\"col6\" style=\"text-align: center;\">60.0<\/td>\n<td class=\"col7\" style=\"text-align: right;\">56814 \u20ac<\/td>\n<\/tr>\n<tr class=\"row2\" style=\"text-align: left; background-color: #FFFFFF; line-height: 15px;\">\n<td class=\"col1\" style=\"text-align: center; width: 65px;font-weight: bold;\">5<\/td>\n<td class=\"col2\"><a href=\"https:\/\/www.equidia.fr\/chevaux\/reve-de-prince?horse_uuid=b9befcac-62bd-418c-8b0c-7408f093a1f7\" target=\"_blank\" rel=\"noopener\">REVE DE PRINCE<\/a><\/td>\n<td class=\"col3\">JB.BRETON<\/td>\n<td class=\"col4\">69.5 kg<\/td>\n<td class=\"col5\">JR.BRETON<\/td>\n<td class=\"col6\" style=\"text-align: center;\">59.5<\/td>\n<td class=\"col7\" style=\"text-align: right;\">294440 \u20ac<\/td>\n<\/tr>\n<tr class=\"row3\" style=\"text-align: left; background-color: rgb(218, 218, 226); line-height: 15px;\">\n<td class=\"col1\" style=\"text-align: center; width: 65px;font-weight: bold;\">6<\/td>\n<td class=\"col2\"><a href=\"https:\/\/www.equidia.fr\/chevaux\/igloo-igloo?horse_uuid=08b18582-dbf1-4329-9068-7c981258fb7b\" target=\"_blank\" rel=\"noopener\">IGLOO IGLOO<\/a><\/td>\n<td class=\"col3\">T.BEAURAIN<\/td>\n<td class=\"col4\">68.0 kg<\/td>\n<td class=\"col5\">JR.BRETON<\/td>\n<td class=\"col6\" style=\"text-align: center;\">58.0<\/td>\n<td class=\"col7\" style=\"text-align: right;\">140460 \u20ac<\/td>\n<\/tr>\n<tr class=\"row2\" style=\"text-align: left; background-color: #FFFFFF; line-height: 15px;\">\n<td class=\"col1\" style=\"text-align: center; width: 65px;font-weight: bold;\">7<\/td>\n<td class=\"col2\"><a href=\"https:\/\/www.equidia.fr\/chevaux\/jackson-ville?horse_uuid=6b048f24-3698-42cc-bbae-b45fae070325\" target=\"_blank\" rel=\"noopener\">JACKSON VILLE<\/a><\/td>\n<td class=\"col3\">C.LEFEBVRE<\/td>\n<td class=\"col4\">68.0 kg<\/td>\n<td class=\"col5\">J.DELAUNAY (S)<\/td>\n<td class=\"col6\" style=\"text-align: center;\">58.0<\/td>\n<td class=\"col7\" style=\"text-align: right;\">94535 \u20ac<\/td>\n<\/tr>\n<tr class=\"row3\" style=\"text-align: left; background-color: rgb(218, 218, 226); line-height: 15px;\">\n<td class=\"col1\" style=\"text-align: center; width: 65px;font-weight: bold;\">8<\/td>\n<td class=\"col2\"><a href=\"https:\/\/www.equidia.fr\/chevaux\/instar-de-reve?horse_uuid=964efc5a-3f8e-490a-8ec0-1968bacdc3a5\" target=\"_blank\" rel=\"noopener\">INSTAR DE REVE<\/a><\/td>\n<td class=\"col3\">Q.SAMARIA<\/td>\n<td class=\"col4\">67.5 kg<\/td>\n<td class=\"col5\">N. GEORGE &amp; A. ZETTERHOLM<\/td>\n<td class=\"col6\" style=\"text-align: center;\">57.5<\/td>\n<td class=\"col7\" style=\"text-align: right;\">193535 \u20ac<\/td>\n<\/tr>\n<tr class=\"row2\" style=\"text-align: left; background-color: #FFFFFF; line-height: 15px;\">\n<td class=\"col1\" style=\"text-align: center; width: 65px;font-weight: bold;\">9<\/td>\n<td class=\"col2\"><a href=\"https:\/\/www.equidia.fr\/chevaux\/jumper-baie?horse_uuid=3d3ff877-e8ff-4d63-b334-bf9bd6a4ef62\" target=\"_blank\" rel=\"noopener\">JUMPER BAIE<\/a><\/td>\n<td class=\"col3\">N.FERREIRA<\/td>\n<td class=\"col4\">65.5 kg<\/td>\n<td class=\"col5\">R.SCHMIDLIN<\/td>\n<td class=\"col6\" style=\"text-align: center;\">55.5<\/td>\n<td class=\"col7\" style=\"text-align: right;\">138575 \u20ac<\/td>\n<\/tr>\n<tr class=\"row3\" style=\"text-align: left; background-color: rgb(218, 218, 226); line-height: 15px;\">\n<td class=\"col1\" style=\"text-align: center; width: 65px;font-weight: bold;\">10<\/td>\n<td class=\"col2\"><a href=\"https:\/\/www.equidia.fr\/chevaux\/blekolina?horse_uuid=b68882d1-02fa-4e0e-8bb7-6ce7765d4241\" target=\"_blank\" rel=\"noopener\">BLEKOLINA<\/a><\/td>\n<td class=\"col3\">A.RENARD<\/td>\n<td class=\"col4\">65.5 kg<\/td>\n<td class=\"col5\">M.PITART<\/td>\n<td class=\"col6\" style=\"text-align: center;\">55.5<\/td>\n<td class=\"col7\" style=\"text-align: right;\">125380 \u20ac<\/td>\n<\/tr>\n<tr class=\"row2\" style=\"text-align: left; background-color: #FFFFFF; line-height: 15px;\">\n<td class=\"col1\" style=\"text-align: center; width: 65px;font-weight: bold;\">11<\/td>\n<td class=\"col2\"><a href=\"https:\/\/www.equidia.fr\/chevaux\/furioso-2?horse_uuid=c32353d5-0937-47fc-b1d1-8131718ec9ce\" target=\"_blank\" rel=\"noopener\">FURIOSO<\/a><\/td>\n<td class=\"col3\">K.NABET<\/td>\n<td class=\"col4\">65.0 kg<\/td>\n<td class=\"col5\">Y.FOUIN (S)<\/td>\n<td class=\"col6\" style=\"text-align: center;\">55.0<\/td>\n<td class=\"col7\" style=\"text-align: right;\">74660 \u20ac<\/td>\n<\/tr>\n<tr class=\"row3\" style=\"text-align: left; background-color: rgb(218, 218, 226); line-height: 15px;\">\n<td class=\"col1\" style=\"text-align: center; width: 65px;font-weight: bold;\">12<\/td>\n<td class=\"col2\"><a href=\"https:\/\/www.equidia.fr\/chevaux\/exupery?horse_uuid=fc694bd3-242f-476e-8c50-d745b6abf39f\" target=\"_blank\" rel=\"noopener\">EXUPERY<\/a><\/td>\n<td class=\"col3\">L.ZULIANI<\/td>\n<td class=\"col4\">63.0 kg<\/td>\n<td class=\"col5\">F.LAGARDE<\/td>\n<td class=\"col6\" style=\"text-align: center;\">53.0<\/td>\n<td class=\"col7\" style=\"text-align: right;\">193302 \u20ac<\/td>\n<\/tr>\n<tr class=\"row2\" style=\"text-align: left; background-color: #FFFFFF; line-height: 15px;\">\n<td class=\"col1\" style=\"text-align: center; width: 65px;font-weight: bold;\">13<\/td>\n<td class=\"col2\"><a href=\"https:\/\/www.equidia.fr\/chevaux\/dinozaure?horse_uuid=c978badf-b651-47d0-8002-ef3950c9a37f\" target=\"_blank\" rel=\"noopener\">DINOZAURE<\/a><\/td>\n<td class=\"col3\">L.PHILIPPERON<\/td>\n<td class=\"col4\">62.0 kg<\/td>\n<td class=\"col5\">M.ROLLAND (S)<\/td>\n<td class=\"col6\" style=\"text-align: center;\">51.5<\/td>\n<td class=\"col7\" style=\"text-align: right;\">139790 \u20ac<\/td>\n<\/tr>\n<tr class=\"row3\" style=\"text-align: left; background-color: rgb(218, 218, 226); line-height: 15px;\">\n<td class=\"col1\" style=\"text-align: center; width: 65px;font-weight: bold;\">14<\/td>\n<td class=\"col2\"><a href=\"https:\/\/www.equidia.fr\/chevaux\/henry-brulard?horse_uuid=6aab904d-07a7-409a-9d55-9a1a759eb41b\" target=\"_blank\" rel=\"noopener\">HENRY BRULARD<\/a><\/td>\n<td class=\"col3\">T.CHEVILLARD<\/td>\n<td class=\"col4\">62.0 kg<\/td>\n<td class=\"col5\">L.POSTIC<\/td>\n<td class=\"col6\" style=\"text-align: center;\">51.5<\/td>\n<td class=\"col7\" style=\"text-align: right;\">439779 \u20ac<\/td>\n<\/tr>\n<p><strong>Les forces en pr\u00e9sence<\/strong><\/p>\n<p style=\"text-align: justify;\">Depuis sa rentr\u00e9e au mois de juin, <a href=\"https:\/\/www.equidia.fr\/chevaux\/rock-and-roll-1?horse_uuid=7365745c-bbf9-4c6a-9463-d6c9ba36fedc\" target=\"_blank\" rel=\"noopener\">ROCK AND ROLL (3)<\/a> \u00e9volue sur la montante et reste sur deux bonnes troisi\u00e8mes places \u00e0 ce niveau. Laur\u00e9at du Prix Jean Bart l&rsquo;an dernier, il semble en mesure de renouer avec la victoire. <a href=\"https:\/\/www.equidia.fr\/chevaux\/lou-fast?horse_uuid=0763968b-ad96-4fe0-967e-6a4f8bfd4eb2\" target=\"_blank\" rel=\"noopener\">LOU FAST (2)<\/a> est, pour sa part, tout simplement irr\u00e9prochable depuis son retour \u00e0 la comp\u00e9tition. Il para\u00eet proche d&rsquo;un nouveau succ\u00e8s et conduira l&rsquo;opposition en compagnie de <a href=\"https:\/\/www.equidia.fr\/chevaux\/polyrisk?horse_uuid=1af47961-582f-4998-bdec-54c989fa19ed\" target=\"_blank\" rel=\"noopener\">POLYRISK (1)<\/a>, plaisant laur\u00e9at du Quint\u00e9+ de r\u00e9f\u00e9rence disput\u00e9 le 27 septembre. <a href=\"https:\/\/www.equidia.fr\/chevaux\/jumper-baie?horse_uuid=3d3ff877-e8ff-4d63-b334-bf9bd6a4ef62\" target=\"_blank\" rel=\"noopener\">JUMPER BAIE (9)<\/a> compte d\u00e9sormais deux parcours dans les jambes et ne devrait plus tarder \u00e0 refaire surface. <a href=\"https:\/\/www.equidia.fr\/chevaux\/undeniable-alibi?horse_uuid=03f71969-5263-4391-a07d-4723370266eb\" target=\"_blank\" rel=\"noopener\">UNDENIABLE ALIBI (4)<\/a>, pr\u00e9sent\u00e9 par le redoutable tandem George-Zetterholm, s&rsquo;est r\u00e9cemment impos\u00e9 sur le parcours qui nous int\u00e9resse. M\u00eame s&rsquo;il doit composer avec six livres de p\u00e9nalisation, il est en mesure de se placer, \u00e0 l&rsquo;instar de <a href=\"https:\/\/www.equidia.fr\/chevaux\/furioso-2?horse_uuid=c32353d5-0937-47fc-b1d1-8131718ec9ce\" target=\"_blank\" rel=\"noopener\">FURIOSO (11)<\/a>, dont la situation au poids s&rsquo;am\u00e9liore, et de <a href=\"https:\/\/www.equidia.fr\/chevaux\/jackson-ville?horse_uuid=6b048f24-3698-42cc-bbae-b45fae070325\" target=\"_blank\" rel=\"noopener\">JACKSON VILLE (7)<\/a>, qui traverse une belle p\u00e9riode de forme. Enfin, <a href=\"https:\/\/www.equidia.fr\/chevaux\/dinozaure?horse_uuid=c978badf-b651-47d0-8002-ef3950c9a37f\" target=\"_blank\" rel=\"noopener\">DINOZAURE (13)<\/a> fait preuve d&rsquo;une belle r\u00e9gularit\u00e9 et ne doit pas \u00eatre oubli\u00e9 au moment du choix.<\/p>\n<p><strong>Le prono de FREDDY BOERSCH<\/strong><\/p>\n<tr cellpadding=\"0\" cellspacing=\"10\" class=\"row5\" style=\"text-align: left; background-color: #FFFFFF; font-size: 130%;\">\n<td style=\"text-align: center;\">3<\/td>\n<td style=\"text-align: center;\">2<\/td>\n<td style=\"text-align: center;\">1<\/td>\n<td style=\"text-align: center;\">9<\/td>\n<td style=\"text-align: center;\">4<\/td>\n<td style=\"text-align: center;\">11<\/td>\n<td style=\"text-align: center;\">7<\/td>\n<td style=\"text-align: center;\">13<\/td>\n<\/tr>\n<tr class=\"row6\" style=\"text-align: center; background-color: #FFFFFF; column-width: 6rem;\">\n<td class=\"col3\"><img decoding=\"async\" alt=\"casaque_ROCK AND ROLL\" class=\"cas\" src=\"https:\/\/www.europesays.com\/fr\/wp-content\/uploads\/2025\/10\/20251018-r1c4p3-png.png\" style=\" width: 70%;\"\/><\/p>\n<p class=\"col10\" style=\"font-size: x-small; line-height: 11px;;\">ROCK AND ROLL<\/p>\n<\/td>\n<td class=\"col2\"><img decoding=\"async\" alt=\"casaque_LOU FAST\" class=\"cas\" src=\"https:\/\/www.europesays.com\/fr\/wp-content\/uploads\/2025\/10\/20251018-r1c4p2-png.png\" style=\" width: 70%;\"\/><\/p>\n<p class=\"col10\" style=\"font-size: x-small; line-height: 11px;;\">LOU FAST<\/p>\n<\/td>\n<td class=\"col1\"><img decoding=\"async\" alt=\"casaque_POLYRISK\" class=\"cas\" src=\"https:\/\/www.europesays.com\/fr\/wp-content\/uploads\/2025\/10\/20251018-r1c4p1-png.png\" style=\" width: 70%;\"\/><\/p>\n<p class=\"col10\" style=\"font-size: x-small; line-height: 11px;;\">POLYRISK<\/p>\n<\/td>\n<td class=\"col9\"><img decoding=\"async\" alt=\"casaque_JUMPER BAIE\" class=\"cas\" src=\"https:\/\/www.europesays.com\/fr\/wp-content\/uploads\/2025\/10\/20251018-r1c4p9-png.png\" style=\" width: 70%;\"\/><\/p>\n<p class=\"col10\" style=\"font-size: x-small; line-height: 11px;;\">JUMPER BAIE<\/p>\n<\/td>\n<td class=\"col4\"><img decoding=\"async\" alt=\"casaque_UNDENIABLE ALIBI\" class=\"cas\" src=\"https:\/\/www.europesays.com\/fr\/wp-content\/uploads\/2025\/10\/20251018-r1c4p4-png.png\" style=\" width: 70%;\"\/><\/p>\n<p class=\"col10\" style=\"font-size: x-small; line-height: 11px;;\">UNDENIABLE ALIBI<\/p>\n<\/td>\n<td class=\"col11\"><img decoding=\"async\" alt=\"casaque_FURIOSO\" class=\"cas\" src=\"https:\/\/www.europesays.com\/fr\/wp-content\/uploads\/2025\/10\/20251018-r1c4p11-png.png\" style=\" width: 70%;\"\/><\/p>\n<p class=\"col10\" style=\"font-size: x-small; line-height: 11px;;\">FURIOSO<\/p>\n<\/td>\n<td class=\"col7\"><img decoding=\"async\" alt=\"casaque_JACKSON VILLE\" class=\"cas\" src=\"https:\/\/www.europesays.com\/fr\/wp-content\/uploads\/2025\/10\/20251018-r1c4p7-png.png\" style=\" width: 70%;\"\/><\/p>\n<p class=\"col10\" style=\"font-size: x-small; line-height: 11px;;\">JACKSON VILLE<\/p>\n<\/td>\n<td class=\"col13\"><img decoding=\"async\" alt=\"casaque_DINOZAURE\" class=\"cas\" src=\"https:\/\/www.europesays.com\/fr\/wp-content\/uploads\/2025\/10\/20251018-r1c4p13-png.png\" style=\" width: 70%;\"\/><\/p>\n<p class=\"col10\" style=\"font-size: x-small; line-height: 11px;;\">DINOZAURE<\/p>\n<\/td>\n<\/tr>\n<p><a href=\"https:\/\/servedby.revive-adserver.net\/ck.php?n=a3265498&amp;cb=1234\" target=\"_blank\" rel=\"noopener\"><img decoding=\"async\" alt=\"\" border=\"0\" src=\"https:\/\/www.europesays.com\/fr\/wp-content\/uploads\/2025\/10\/1760742681_701_avw\"\/><\/a><\/p>\n<p><strong>Les partants en d\u00e9tail (par F. BOERSCH) et l&rsquo;avis des pros (par M. BERTELLA)<\/strong><\/p>\n<p id=\"ch_POLYRISK\" style=\"margin-bottom: 1%;\"><a href=\"https:\/\/www.equidia.fr\/chevaux\/polyrisk?horse_uuid=1af47961-582f-4998-bdec-54c989fa19ed\" target=\"_blank\" rel=\"noopener\">1 &#8211; \u00a0<img decoding=\"async\" alt=\"casaque_POLYRISK\" src=\"https:\/\/www.europesays.com\/fr\/wp-content\/uploads\/2025\/10\/1760742681_468_20251018-r1c4p1-png.png\" style=\"width: 4.5%; margin :0; vertical-align : middle;\"\/>\u00a0\u00a0POLYRISK<\/a><\/p>\n<p style=\"text-align: justify;\">Auteur d&rsquo;une belle rentr\u00e9e dans le Prix Jean Bart, ce prot\u00e9g\u00e9 de Francis Alloncle s&rsquo;est depuis impos\u00e9 tr\u00e8s plaisamment dans le Quint\u00e9+ du 27 septembre, sur le parcours qui nous int\u00e9resse. Il devra certes composer avec sept livres de surcharge, mais il avait triomph\u00e9 avec de la marge dans la course de r\u00e9f\u00e9rence. Sur sa lanc\u00e9e.<\/p>\n<p><strong>Francis Alloncle, entra\u00eeneur : <\/strong><\/p>\n<p style=\"text-align: justify;\">\u00ab Polyrisk (1) a b\u00e9n\u00e9fici\u00e9 d&rsquo;un parcours sur mesure en dernier lieu, ce qui lui a permis de remporter son Quint\u00e9+. Le cheval est bien rentr\u00e9 et semble \u00eatre rest\u00e9 en bel \u00e9tat physique puisqu&rsquo;il a conserv\u00e9 son poids de forme. Certes, le lot para\u00eet un peu moins relev\u00e9 cette fois-ci, mais il devra confirmer en portant une lourde charge, ce qui n&rsquo;est jamais une t\u00e2che facile. Il va encore tr\u00e8s bien courir, mais je ne pense pas qu&rsquo;il ait une grande marge de man\u0153uvre. Tout va d\u00e9pendre du d\u00e9roulement de course ! \u00bb<\/p>\n<p id=\"ch_LOU FAST\" style=\"margin-bottom: 1%;\"><a href=\"https:\/\/www.equidia.fr\/chevaux\/lou-fast?horse_uuid=0763968b-ad96-4fe0-967e-6a4f8bfd4eb2\" target=\"_blank\" rel=\"noopener\">2 &#8211; \u00a0<img decoding=\"async\" alt=\"casaque_LOU FAST\" src=\"https:\/\/www.europesays.com\/fr\/wp-content\/uploads\/2025\/10\/1760742682_824_20251018-r1c4p2-png.png\" style=\"width: 4.5%; margin :0; vertical-align : middle;\"\/>\u00a0\u00a0LOU FAST<\/a><\/p>\n<p style=\"text-align: justify;\">Ce pensionnaire de Robert Collet est irr\u00e9prochable depuis son retour \u00e0 la comp\u00e9tition, au mois de septembre. Deuxi\u00e8me du Quint\u00e9+ remport\u00e9 par POLYRISK (1), il a depuis confirm\u00e9 dans le Prix Claude Le Lorrain (2e) la semaine derni\u00e8re. Il aurait certainement pr\u00e9f\u00e9r\u00e9 une piste plus profonde, mais il a tout de m\u00eame prouv\u00e9 \u00e0 plusieurs reprises qu&rsquo;il \u00e9tait comp\u00e9titif \u00e0 ce niveau.<\/p>\n<p><strong>L&rsquo;avis du reporter : <\/strong><\/p>\n<p style=\"text-align: justify;\">\u00ab Auteur d&rsquo;une bonne rentr\u00e9e, Lou Fast (2) a confirm\u00e9 ses bonnes dispositions en se classant deuxi\u00e8me du Quint\u00e9+ qui s&rsquo;est disput\u00e9 le 27 septembre sur ce parcours. Il est au top depuis son retour en comp\u00e9tition et sa derni\u00e8re sortie, dans un lot nettement plus relev\u00e9, n&rsquo;est pas pass\u00e9 inaper\u00e7ue. Sa place est logiquement sur le podium. \u00bb<\/p>\n<p id=\"ch_ROCK AND ROLL\" style=\"margin-bottom: 1%;\"><a href=\"https:\/\/www.equidia.fr\/chevaux\/rock-and-roll-1?horse_uuid=7365745c-bbf9-4c6a-9463-d6c9ba36fedc\" target=\"_blank\" rel=\"noopener\">3 &#8211; \u00a0<img decoding=\"async\" alt=\"casaque_ROCK AND ROLL\" src=\"https:\/\/www.europesays.com\/fr\/wp-content\/uploads\/2025\/10\/1760742682_689_20251018-r1c4p3-png.png\" style=\"width: 4.5%; margin :0; vertical-align : middle;\"\/>\u00a0\u00a0ROCK AND ROLL<\/a><\/p>\n<p style=\"text-align: justify;\">Plaisant vainqueur du Prix Jean Bart l&rsquo;an pass\u00e9, ce concurrent de Jacques Anxo a ensuite \u00e9t\u00e9 longuement arr\u00eat\u00e9. Depuis sa discr\u00e8te rentr\u00e9e en juin, il ne cesse de progresser, comme en t\u00e9moignent ses deux r\u00e9centes troisi\u00e8mes places \u00e0 ce niveau. Comp\u00e9titif en valeur 61, il devrait, une nouvelle fois, prendre une part active \u00e0 l&rsquo;arriv\u00e9e.<\/p>\n<p><strong>Micka\u00ebl Seror, entra\u00eeneur : <\/strong><\/p>\n<p style=\"text-align: justify;\">\u00ab Rock and Roll (3) aborde ce Quint\u00e9+ en excellente forme. Il se montre performant et r\u00e9gulier dans cette cat\u00e9gorie. Ses derni\u00e8res sorties \u00e0 Auteuil sont bonnes et rien n&rsquo;est \u00e0 signaler avant le coup. Tous les feux sont au vert ! \u00bb<\/p>\n<p id=\"ch_UNDENIABLE ALIBI\" style=\"margin-bottom: 1%;\"><a href=\"https:\/\/www.equidia.fr\/chevaux\/undeniable-alibi?horse_uuid=03f71969-5263-4391-a07d-4723370266eb\" target=\"_blank\" rel=\"noopener\">4 &#8211; \u00a0<img decoding=\"async\" alt=\"casaque_UNDENIABLE ALIBI\" src=\"https:\/\/www.europesays.com\/fr\/wp-content\/uploads\/2025\/10\/1760742683_585_20251018-r1c4p4-png.png\" style=\"width: 4.5%; margin :0; vertical-align : middle;\"\/>\u00a0\u00a0UNDENIABLE ALIBI<\/a><\/p>\n<p style=\"text-align: justify;\">Auteur d&rsquo;une rentr\u00e9e honorable dans une course remport\u00e9e par JACKSON VILLE (7), ce pensionnaire du redoutable duo George-Zetterholm s&rsquo;est impos\u00e9 tr\u00e8s plaisamment le 27 septembre dans un handicap sur ce parcours. M\u00eame s&rsquo;il devra toutefois composer avec six livres de surcharge et qu&rsquo;il monte de cat\u00e9gorie, il garde son mot \u00e0 dire pour les accessits.<\/p>\n<p><strong>Noel George, entra\u00eeneur : <\/strong><\/p>\n<p style=\"text-align: justify;\">\u00ab Undeniable Alibi (4) a tr\u00e8s bien gagn\u00e9 la derni\u00e8re fois sur ce parcours, et je pense qu&rsquo;il a encore progress\u00e9. Avant le coup, je consid\u00e8re qu&rsquo;il a une premi\u00e8re chance \u00e0 d\u00e9fendre. \u00bb<\/p>\n<p id=\"ch_REVE DE PRINCE\" style=\"margin-bottom: 1%;\"><a href=\"https:\/\/www.equidia.fr\/chevaux\/reve-de-prince?horse_uuid=b9befcac-62bd-418c-8b0c-7408f093a1f7\" target=\"_blank\" rel=\"noopener\">5 &#8211; \u00a0<img decoding=\"async\" alt=\"casaque_REVE DE PRINCE\" src=\"https:\/\/www.europesays.com\/fr\/wp-content\/uploads\/2025\/10\/20251018-r1c4p5-png.png\" style=\"width: 4.5%; margin :0; vertical-align : middle;\"\/>\u00a0\u00a0REVE DE PRINCE<\/a><\/p>\n<p style=\"text-align: justify;\">Vainqueur d&rsquo;un Quint\u00e9+ au mois de mars, ce repr\u00e9sentant de Jean-Raymond Breton a cependant vu sa marge de man\u0153uvre se r\u00e9duire en valeur 59,5. Absent depuis le mois de mai, il aura certainement besoin de cette \u00e9preuve pour retrouver le rythme de la comp\u00e9tition. Plus \u00e0 l&rsquo;aise sur les terrains profonds, il viendra dans un second choix.<\/p>\n<p><strong>Jean-Raymond Breton, entra\u00eeneur : <\/strong><\/p>\n<p style=\"text-align: justify;\">\u00ab Reve de Prince (5) \u00e9tait en excellente forme avant sa rentr\u00e9e, mais juste apr\u00e8s son dernier travail, il a fait une petite myosite. Rien de grave, mais nous avons pr\u00e9f\u00e9r\u00e9 ne pas courir par pr\u00e9caution. Mentalement et physiquement, il me para\u00eet bien. C&rsquo;est vrai qu&rsquo;il s&rsquo;est d\u00e9j\u00e0 illustr\u00e9 avec de la fra\u00eecheur, mais il aura sans doute besoin de cette course pour retrouver le rythme. \u00c0 l&rsquo;image d&rsquo;Igloo Igloo (6), il a montr\u00e9 qu&rsquo;il n&rsquo;avait pas de marge au poids et que ses chances se limitaient aux places. \u00bb<\/p>\n<p id=\"ch_IGLOO IGLOO\" style=\"margin-bottom: 1%;\"><a href=\"https:\/\/www.equidia.fr\/chevaux\/igloo-igloo?horse_uuid=08b18582-dbf1-4329-9068-7c981258fb7b\" target=\"_blank\" rel=\"noopener\">6 &#8211; \u00a0<img decoding=\"async\" alt=\"casaque_IGLOO IGLOO\" src=\"https:\/\/www.europesays.com\/fr\/wp-content\/uploads\/2025\/10\/20251018-r1c4p6-png.png\" style=\"width: 4.5%; margin :0; vertical-align : middle;\"\/>\u00a0\u00a0IGLOO IGLOO<\/a><\/p>\n<p style=\"text-align: justify;\">Lors de sa rentr\u00e9e, dans une course de r\u00e9f\u00e9rence remport\u00e9e par POLYRISK (1), cet autre pensionnaire de Jean-Raymond Breton a \u00e9t\u00e9 nettement domin\u00e9 et n&rsquo;a pu conclure son parcours. Il semble pris un peu haut en valeur et pr\u00e9pare certainement le meeting de Cagnes-sur-Mer, o\u00f9 il conna\u00eet une vraie r\u00e9ussite. \u00c0 revoir.<\/p>\n<p><strong>Jean-Raymond Breton, entra\u00eeneur : <\/strong><\/p>\n<p style=\"text-align: justify;\">\u00ab Igloo Igloo (6) a effectu\u00e9 une mauvaise rentr\u00e9e \u00e0 Auteuil, mais je pense que c&rsquo;\u00e9tait en partie de notre faute. Le cheval n&rsquo;avait pas assez travaill\u00e9 le matin et a manqu\u00e9 de rythme pour entrer dans la course. Il \u00e9tait battu d\u00e8s le premier tour. Nous avons fait des analyses et tout \u00e9tait normal. Il n&rsquo;a eu aucun souci, donc la seule explication est qu&rsquo;il n&rsquo;\u00e9tait pas suffisamment aff\u00fbt\u00e9. Sachez toutefois qu&rsquo;il n&rsquo;a pas de marge au poids. C&rsquo;est un cheval tr\u00e8s g\u00e9n\u00e9reux, qui donne tout ce qu&rsquo;il peut \u00e0 chaque fois, mais il devra se contenter des petites places. \u00bb<\/p>\n<p id=\"ch_JACKSON VILLE\" style=\"margin-bottom: 1%;\"><a href=\"https:\/\/www.equidia.fr\/chevaux\/jackson-ville?horse_uuid=6b048f24-3698-42cc-bbae-b45fae070325\" target=\"_blank\" rel=\"noopener\">7 &#8211; \u00a0<img decoding=\"async\" alt=\"casaque_JACKSON VILLE\" src=\"https:\/\/www.europesays.com\/fr\/wp-content\/uploads\/2025\/10\/1760742685_285_20251018-r1c4p7-png.png\" style=\"width: 4.5%; margin :0; vertical-align : middle;\"\/>\u00a0\u00a0JACKSON VILLE<\/a><\/p>\n<p style=\"text-align: justify;\">Apr\u00e8s avoir ouvert son palmar\u00e8s sur les \u00ab balais \u00bb au mois d&rsquo;ao\u00fbt \u00e0 Ch\u00e2teaubriant, ce prot\u00e9g\u00e9 de J\u00e9r\u00f4me Delaunay a confirm\u00e9 en enlevant une deuxi\u00e8me \u00e9preuve sur cette piste. Il a ensuite profit\u00e9 de sa forme pour se classer quatri\u00e8me du Quint\u00e9+ remport\u00e9 par POLYRISK (1). Bien qu&rsquo;il n&rsquo;ait plus beaucoup de marge de man\u0153uvre, il garde son mot \u00e0 dire pour les places.<\/p>\n<p><strong>J\u00e9r\u00f4me Delaunay, entra\u00eeneur : <\/strong><\/p>\n<p style=\"text-align: justify;\">\u00ab Apr\u00e8s deux succ\u00e8s cons\u00e9cutifs dans les handicaps, Jackson Ville (7) a prouv\u00e9 sa comp\u00e9titivit\u00e9 \u00e0 ce niveau en se classant quatri\u00e8me du Quint\u00e9+ qui s&rsquo;est disput\u00e9 le 27 septembre sur ce parcours. L&rsquo;allongement de la distance derni\u00e8rement et l&rsquo;assouplissement du terrain \u00e9taient des atouts et il a confirm\u00e9 ce que je pensais de lui. Le cheval est rest\u00e9 en excellente forme et, normalement, il doit \u00eatre capable de r\u00e9p\u00e9ter cette performance. \u00bb<\/p>\n<p id=\"ch_INSTAR DE REVE\" style=\"margin-bottom: 1%;\"><a href=\"https:\/\/www.equidia.fr\/chevaux\/instar-de-reve?horse_uuid=964efc5a-3f8e-490a-8ec0-1968bacdc3a5\" target=\"_blank\" rel=\"noopener\">8 &#8211; \u00a0<img decoding=\"async\" alt=\"casaque_INSTAR DE REVE\" src=\"https:\/\/www.europesays.com\/fr\/wp-content\/uploads\/2025\/10\/20251018-r1c4p8-png.png\" style=\"width: 4.5%; margin :0; vertical-align : middle;\"\/>\u00a0\u00a0INSTAR DE REVE<\/a><\/p>\n<p style=\"text-align: justify;\">Lors de sa derni\u00e8re tentative sur les \u00ab balais \u00bb, ce repr\u00e9sentant de l&rsquo;\u00e9curie High Heels Racing n&rsquo;a pu faire mieux que troisi\u00e8me d&rsquo;une modeste course \u00e0 r\u00e9clamer. Il a depuis couru en steeple-chase, en vain. Il retrouve certes les handicaps en haies avec cinq kilos de moins, mais doit avant tout rassurer.<\/p>\n<p><strong>Noel George, entra\u00eeneur : <\/strong><\/p>\n<p style=\"text-align: justify;\">\u00ab Je n&rsquo;ai pas trop le choix des engagements avec Instar de Reve (8). Je le pr\u00e9sente dans ce Quint\u00e9+, car il est en forme, mais je ne suis pas s\u00fbr qu&rsquo;il soit bien plac\u00e9 dans les handicaps avec cette valeur. Cela risque d&rsquo;\u00eatre compliqu\u00e9 ! \u00bb<\/p>\n<p id=\"ch_JUMPER BAIE\" style=\"margin-bottom: 1%;\"><a href=\"https:\/\/www.equidia.fr\/chevaux\/jumper-baie?horse_uuid=3d3ff877-e8ff-4d63-b334-bf9bd6a4ef62\" target=\"_blank\" rel=\"noopener\">9 &#8211; \u00a0<img decoding=\"async\" alt=\"casaque_JUMPER BAIE\" src=\"https:\/\/www.europesays.com\/fr\/wp-content\/uploads\/2025\/10\/1760742686_938_20251018-r1c4p9-png.png\" style=\"width: 4.5%; margin :0; vertical-align : middle;\"\/>\u00a0\u00a0JUMPER BAIE<\/a><\/p>\n<p style=\"text-align: justify;\">Auteur d&rsquo;un premier semestre int\u00e9ressant avec plusieurs podiums sur cette piste, ce prot\u00e9g\u00e9 de R\u00e9gis Schmidlin a ensuite b\u00e9n\u00e9fici\u00e9 d&rsquo;un break entre mai et septembre. Ses deux sorties le mois dernier n&rsquo;ont pas \u00e9t\u00e9 convaincantes (arr\u00eat\u00e9 et 13e). Il a perdu une livre et va certainement progresser au fil des courses. \u00c0 reprendre imp\u00e9rativement !<\/p>\n<p><strong>R\u00e9gis Schmidlin, entra\u00eeneur : <\/strong><\/p>\n<p style=\"text-align: justify;\">\u00ab Jumper Baie (9) avait rencontr\u00e9 un probl\u00e8me d&rsquo;harnachement lors de sa rentr\u00e9e, ce qui avait contraint son jockey \u00e0 l&rsquo;arr\u00eater. Sans cela, il aurait sans doute pu finir cinqui\u00e8me ou sixi\u00e8me. Derni\u00e8rement, il a \u00e9t\u00e9 d\u00e9cevant. Nous avons fait des analyses apr\u00e8s la course, tout est correct. Le cheval semble mieux, donc on retente. Jug\u00e9 sur ses performances du d\u00e9but d&rsquo;ann\u00e9e, il a une chance de prendre l&rsquo;une des cinq premi\u00e8res places, mais il doit nous rassurer. \u00bb<\/p>\n<p id=\"ch_BLEKOLINA\" style=\"margin-bottom: 1%;\"><a href=\"https:\/\/www.equidia.fr\/chevaux\/blekolina?horse_uuid=b68882d1-02fa-4e0e-8bb7-6ce7765d4241\" target=\"_blank\" rel=\"noopener\">10 &#8211; \u00a0<img decoding=\"async\" alt=\"casaque_BLEKOLINA\" src=\"https:\/\/www.europesays.com\/fr\/wp-content\/uploads\/2025\/10\/20251018-r1c4p10-png.png\" style=\"width: 4.5%; margin :0; vertical-align : middle;\"\/>\u00a0\u00a0BLEKOLINA<\/a><\/p>\n<p style=\"text-align: justify;\">Cette pensionnaire de Mathieu Pitart est absente de la comp\u00e9tition depuis sa victoire \u00e0 Toulouse, dans une \u00e9preuve en steeple-chase, au mois d&rsquo;avril. Ses derniers handicaps sur les haies s&rsquo;\u00e9taient sold\u00e9s par une douzi\u00e8me et une neuvi\u00e8me place. Pour sa rentr\u00e9e, elle affronte une opposition de taille. Sans nous.<\/p>\n<p><strong>Mathieu Pitart, entra\u00eeneur : <\/strong><\/p>\n<p style=\"text-align: justify;\">\u00ab Blekolina (10) effectue son retour \u00e0 la comp\u00e9tition. Elle n&rsquo;est pas encore pr\u00eate et aura besoin de courir pour retrouver le rythme. Cette \u00e9preuve va lui permettre de monter en condition. Nous allons la monter patiemment pour qu&rsquo;elle puisse finir correctement et progresser au fil des sorties. \u00bb<\/p>\n<p id=\"ch_FURIOSO\" style=\"margin-bottom: 1%;\"><a href=\"https:\/\/www.equidia.fr\/chevaux\/furioso-2?horse_uuid=c32353d5-0937-47fc-b1d1-8131718ec9ce\" target=\"_blank\" rel=\"noopener\">11 &#8211; \u00a0<img decoding=\"async\" alt=\"casaque_FURIOSO\" src=\"https:\/\/www.europesays.com\/fr\/wp-content\/uploads\/2025\/10\/1760742688_269_20251018-r1c4p11-png.png\" style=\"width: 4.5%; margin :0; vertical-align : middle;\"\/>\u00a0\u00a0FURIOSO<\/a><\/p>\n<p style=\"text-align: justify;\">Pour son retour sur les haies, ce prot\u00e9g\u00e9 de Yannick-Alain Briand a pris une honorable septi\u00e8me place dans une course remport\u00e9e par UNDENIABLE ALIBI (4). Abaiss\u00e9 d&rsquo;un kilo apr\u00e8s cette sortie, il pourrait bien en profiter pour se mettre en \u00e9vidence.<\/p>\n<p><strong>Yannick Fouin, entra\u00eeneur : <\/strong><\/p>\n<p style=\"text-align: justify;\">\u00ab Je pense que Furioso (11) est un peu juste pour \u00eatre comp\u00e9titif dans les Quint\u00e9+, d&rsquo;autant qu&rsquo;il affronte des chevaux un peu meilleurs que lui avant le coup. Pour moi, il sera mieux dans une deuxi\u00e8me \u00e9preuve. En plus, la distance peut s&rsquo;av\u00e9rer un peu longue pour lui. Les conditions ne sont donc pas optimales pour qu&rsquo;il puisse performer. \u00bb<\/p>\n<p id=\"ch_EXUPERY\" style=\"margin-bottom: 1%;\"><a href=\"https:\/\/www.equidia.fr\/chevaux\/exupery?horse_uuid=fc694bd3-242f-476e-8c50-d745b6abf39f\" target=\"_blank\" rel=\"noopener\">12 &#8211; \u00a0<img decoding=\"async\" alt=\"casaque_EXUPERY\" src=\"https:\/\/www.europesays.com\/fr\/wp-content\/uploads\/2025\/10\/20251018-r1c4p12-png.png\" style=\"width: 4.5%; margin :0; vertical-align : middle;\"\/>\u00a0\u00a0EXUPERY<\/a><\/p>\n<p style=\"text-align: justify;\">Longtemps \u00e9cart\u00e9 de la comp\u00e9tition entre 2023 et f\u00e9vrier 2025, ce pensionnaire de Fabien Lagarde s&rsquo;est honorablement comport\u00e9 sur le steeple-chase au premier semestre. Il est toutefois absent depuis plusieurs mois et effectue ici sa rentr\u00e9e. Il aurait certainement \u00e9t\u00e9 plus \u00e0 l&rsquo;aise sur les gros obstacles. Difficile \u00e0 recommander !<\/p>\n<p><strong>Fabien Lagarde, entra\u00eeneur : <\/strong><\/p>\n<p style=\"text-align: justify;\">\u00ab Je n&rsquo;ai pas encore assez de recul sur Exupery (12), que j&rsquo;ai re\u00e7u il y a quelques mois. C&rsquo;est un cheval plus \u00e0 l&rsquo;aise en steeple-chase, mais faute d&rsquo;engagement, je le pr\u00e9sente sur les haies pour sa rentr\u00e9e. Il est apte et suffisamment pr\u00eat pour bien courir, mais il va certainement manquer de rythme. Il b\u00e9n\u00e9ficiera toutefois d&rsquo;un petit poids. Il a r\u00e9alis\u00e9 de belles valeurs par le pass\u00e9, mais je ne suis pas s\u00fbr qu&rsquo;il soit comp\u00e9titif d&rsquo;entr\u00e9e de jeu. Nous ferons le point apr\u00e8s la course pour la suite de son programme. \u00bb<\/p>\n<p id=\"ch_DINOZAURE\" style=\"margin-bottom: 1%;\"><a href=\"https:\/\/www.equidia.fr\/chevaux\/dinozaure?horse_uuid=c978badf-b651-47d0-8002-ef3950c9a37f\" target=\"_blank\" rel=\"noopener\">13 &#8211; \u00a0<img decoding=\"async\" alt=\"casaque_DINOZAURE\" src=\"https:\/\/www.europesays.com\/fr\/wp-content\/uploads\/2025\/10\/1760742689_403_20251018-r1c4p13-png.png\" style=\"width: 4.5%; margin :0; vertical-align : middle;\"\/>\u00a0\u00a0DINOZAURE<\/a><\/p>\n<p style=\"text-align: justify;\">Ce prot\u00e9g\u00e9 d&rsquo;Antoine Gilibert fait preuve d&rsquo;une certaine r\u00e9gularit\u00e9 \u00e0 ce niveau. Il vient de se classer quatri\u00e8me d&rsquo;un Quint\u00e9+, toutefois moins relev\u00e9. Confirm\u00e9 sur ce parcours, et m\u00eame s&rsquo;il n&rsquo;a pas une grande marge de man\u0153uvre, il semble en mesure de se placer.<\/p>\n<p><strong>Marcel Rolland, entra\u00eeneur : <\/strong><\/p>\n<p style=\"text-align: justify;\">\u00ab J&rsquo;\u00e9tais satisfait de la derni\u00e8re sortie de Dinozaure (13). Le lot est peut-\u00eatre un peu meilleur cette fois, mais l&rsquo;allongement de la distance va servir ses int\u00e9r\u00eats, car il est souvent un peu d\u00e9bord\u00e9 sur 3 600 m\u00e8tres. Il d\u00e9tient une bonne chance pour les places, m\u00eame s&rsquo;il manque parfois de courage. Il portera de nouveau des \u0153ill\u00e8res pour l&rsquo;aider dans sa t\u00e2che. \u00bb<\/p>\n<p id=\"ch_HENRY BRULARD\" style=\"margin-bottom: 1%;\"><a href=\"https:\/\/www.equidia.fr\/chevaux\/henry-brulard?horse_uuid=6aab904d-07a7-409a-9d55-9a1a759eb41b\" target=\"_blank\" rel=\"noopener\">14 &#8211; \u00a0<img decoding=\"async\" alt=\"casaque_HENRY BRULARD\" src=\"https:\/\/www.europesays.com\/fr\/wp-content\/uploads\/2025\/10\/20251018-r1c4p14-png.png\" style=\"width: 4.5%; margin :0; vertical-align : middle;\"\/>\u00a0\u00a0HENRY BRULARD<\/a><\/p>\n<p style=\"text-align: justify;\">En dernier lieu, dans une \u00e9preuve remport\u00e9e par UNDENIABLE ALIBI (4), cet \u00e9l\u00e8ve de Laurent Postic a conclu honorablement \u00e0 la sixi\u00e8me place. \u00c2g\u00e9 de dix ans, il fait face \u00e0 des t\u00e2ches peu \u00e9videntes. Si tout se passe bien, ce cheval attachant peut prendre une place, mais d&rsquo;autres candidatures semblent pr\u00e9f\u00e9rables avant le coup.<\/p>\n<p><strong>Th\u00e9o Chevillard, jockey : <\/strong><\/p>\n<p style=\"text-align: justify;\">\u00ab Henry Brulard (14) conna\u00eet mieux l&rsquo;hippodrome d&rsquo;Auteuil que moi ! J&rsquo;esp\u00e8re que le terrain ne va pas trop s\u00e9cher et que le rythme ne sera pas trop soutenu pour lui. En revanche, il est bien plac\u00e9 au poids et, s&rsquo;il fournit sa meilleure valeur, il peut terminer dans le Quint\u00e9+. C&rsquo;est un bon finisseur, mais il devra b\u00e9n\u00e9ficier d&rsquo;un parcours favorable. En classe pure, ce n&rsquo;est pas une premi\u00e8re chance, mais le poids jouera en sa faveur. \u00bb<\/p>\n<p><strong>Les favoris de la presse<\/strong><\/p>\n<p class=\"synthese\"><strong>SYNTH\u00c8SE \u00a0\u00a0\u00a0\u00a02\u00a0\u00a0&#8211;\u00a0\u00a03\u00a0\u00a0&#8211;\u00a0\u00a07\u00a0\u00a0&#8211;\u00a0\u00a04\u00a0\u00a0&#8211;\u00a0\u00a01\u00a0\u00a0&#8211;\u00a0\u00a05\u00a0\u00a0&#8211;\u00a0\u00a09\u00a0\u00a0&#8211;\u00a0\u00a013<\/strong><\/p>\n<p><a href=\"https:\/\/servedby.revive-adserver.net\/ck.php?n=aa10a822&amp;cb=1234\" target=\"_blank\" rel=\"noopener\"><img decoding=\"async\" alt=\"\" border=\"0\" src=\"https:\/\/www.europesays.com\/fr\/wp-content\/uploads\/2025\/10\/1760742691_5_avw\"\/><\/a><\/p>\n<p><strong>Les stats du jour<\/strong><\/p>\n<p><img decoding=\"async\" src=\"https:\/\/www.europesays.com\/fr\/wp-content\/uploads\/2025\/10\/1018_stats-web_2025-jpg\"\/><\/p>\n<p><strong>Nos \u00e9missions de pronos<\/strong><a href=\"https:\/\/www.equidia.fr\/emissions\/3-mn-q-2023\" target=\"_blank\" rel=\"noopener\"><img decoding=\"async\" alt=\"3min-pronos\" class=\"img_prono\" src=\"https:\/\/www.europesays.com\/fr\/wp-content\/uploads\/2025\/04\/vignette-article-3min-pronos-jpg-1.jpeg\"\/><\/a>3 mn PRONOS du 18\/10<br \/>(Disponible vendredi 17 octobre 2025, \u00e0 partir de 20h25)<a href=\"https:\/\/www.equidia.fr\/emissions\/ticket-gagnant-2023\" target=\"_blank\" rel=\"noopener\"><img decoding=\"async\" alt=\"ticket-gagnant\" class=\"img_prono\" src=\"https:\/\/www.europesays.com\/fr\/wp-content\/uploads\/2025\/04\/vignette-article-ticket-gagnant-jpg-1.jpeg\"\/><\/a>TICKET GAGNANT du 18\/10<br \/>(Disponible vendredi 17 octobre 2025, \u00e0 partir de 20h30)<\/p>\n","protected":false},"excerpt":{"rendered":"Les partants du Quint\u00e9+ de ce samedi 18 octobre.PRIX LE PARISIEN (PRIX DU PRINCE D&rsquo;ECOUEN)SAMEDI 18 OCTOBREAUTEUIL &#8211;&hellip;\n","protected":false},"author":2,"featured_media":471074,"comment_status":"","ping_status":"","sticky":false,"template":"","format":"standard","meta":{"footnotes":""},"categories":[1888],"tags":[11,1777,674,1011,27,3014,10339,12,626,1821,3015,25],"class_list":{"0":"post-471073","1":"post","2":"type-post","3":"status-publish","4":"format-standard","5":"has-post-thumbnail","7":"category-paris","8":"tag-actualites","9":"tag-eu","10":"tag-europe","11":"tag-fr","12":"tag-france","13":"tag-galop","14":"tag-haies","15":"tag-news","16":"tag-paris","17":"tag-pronostics","18":"tag-qrcode","19":"tag-republique-francaise"},"share_on_mastodon":{"url":"https:\/\/pubeurope.com\/@fr\/115392040452071181","error":""},"_links":{"self":[{"href":"https:\/\/www.europesays.com\/fr\/wp-json\/wp\/v2\/posts\/471073","targetHints":{"allow":["GET"]}}],"collection":[{"href":"https:\/\/www.europesays.com\/fr\/wp-json\/wp\/v2\/posts"}],"about":[{"href":"https:\/\/www.europesays.com\/fr\/wp-json\/wp\/v2\/types\/post"}],"author":[{"embeddable":true,"href":"https:\/\/www.europesays.com\/fr\/wp-json\/wp\/v2\/users\/2"}],"replies":[{"embeddable":true,"href":"https:\/\/www.europesays.com\/fr\/wp-json\/wp\/v2\/comments?post=471073"}],"version-history":[{"count":0,"href":"https:\/\/www.europesays.com\/fr\/wp-json\/wp\/v2\/posts\/471073\/revisions"}],"wp:featuredmedia":[{"embeddable":true,"href":"https:\/\/www.europesays.com\/fr\/wp-json\/wp\/v2\/media\/471074"}],"wp:attachment":[{"href":"https:\/\/www.europesays.com\/fr\/wp-json\/wp\/v2\/media?parent=471073"}],"wp:term":[{"taxonomy":"category","embeddable":true,"href":"https:\/\/www.europesays.com\/fr\/wp-json\/wp\/v2\/categories?post=471073"},{"taxonomy":"post_tag","embeddable":true,"href":"https:\/\/www.europesays.com\/fr\/wp-json\/wp\/v2\/tags?post=471073"}],"curies":[{"name":"wp","href":"https:\/\/api.w.org\/{rel}","templated":true}]}}