{"id":471077,"date":"2025-10-17T23:13:10","date_gmt":"2025-10-17T23:13:10","guid":{"rendered":"https:\/\/www.europesays.com\/fr\/471077\/"},"modified":"2025-10-17T23:13:10","modified_gmt":"2025-10-17T23:13:10","slug":"la-reaction-de-donald-trump-a-lidee-russe-dun-tunnel-reliant-la-russie-a-lalaska","status":"publish","type":"post","link":"https:\/\/www.europesays.com\/fr\/471077\/","title":{"rendered":"la r\u00e9action de Donald Trump \u00e0 l&rsquo;id\u00e9e russe d&rsquo;un tunnel reliant la Russie \u00e0 l&rsquo;Alaska"},"content":{"rendered":"<p>\n    Jeudi, l\u2019\u00e9missaire du pr\u00e9sident russe Vladimir Poutine charg\u00e9 des questions \u00e9conomiques \u00e0 l\u2019international a \u00e9voqu\u00e9 un projet de \u00abpont de la paix\u00bb entre l\u2019Alaska et la Russie.<\/p>\n<p class=\"fig-paragraph\"><a href=\"https:\/\/www.lefigaro.fr\/tag\/donald-trump\" target=\"_blank\" rel=\"sponsored noopener nofollow\" data-gtm-custom-categorie=\"navigation\" data-gtm-custom-action=\"crossclick\" data-gtm-custom-label=\"Contextuel\" data-gtm-event=\"customEventSPE\">Donald Trump<\/a>\u00a0a jug\u00e9 \u00abint\u00e9ressante\u00bb vendredi l&rsquo;id\u00e9e d&rsquo;un tunnel sous-marin reliant la Russie \u00e0 l&rsquo;Alaska, sugg\u00e9r\u00e9e la veille par un haut responsable russe au multimilliardaire\u00a0<a href=\"https:\/\/www.lefigaro.fr\/tag\/elon-musk\" target=\"_blank\" rel=\"sponsored noopener nofollow\" data-gtm-custom-categorie=\"navigation\" data-gtm-custom-action=\"crossclick\" data-gtm-custom-label=\"Contextuel\" data-gtm-event=\"customEventSPE\">Elon Musk<\/a>. \u00abC&rsquo;est int\u00e9ressant\u00bb, a dit le pr\u00e9sident am\u00e9ricain, indiquant qu&rsquo;il venait \u00e0 peine d&rsquo;en entendre parler. \u00abVous aimez cette id\u00e9e?\u00bb a-t-il ensuite demand\u00e9 \u00e0 son homologue ukrainien Volodymyr Zelensky, qu&rsquo;il recevait pour un d\u00e9jeuner de travail. \u00abJe n&rsquo;en suis pas ravi\u00bb, a lanc\u00e9 ce dernier, ce qui a fait rire Donald Trump.<\/p>\n<p class=\"fig-paragraph\">Jeudi, Kirill Dmitriev, l&rsquo;\u00e9missaire du pr\u00e9sident russe Vladimir Poutine charg\u00e9 des questions \u00e9conomiques \u00e0 l&rsquo;international, a \u00e9voqu\u00e9 sur le r\u00e9seau X un projet de \u00abpont de la paix\u00bb entre l&rsquo;Alaska, \u00c9tat am\u00e9ricain du nord-ouest, et la Russie, remontant \u00e0 la Guerre froide. \u00abAvec la technologie moderne de Boring Company cela peut devenir un tunnel Poutine-Trump\u00bb sous le d\u00e9troit de B\u00e9ring, a-t-il \u00e9crit sur cette plateforme appartenant d&rsquo;ailleurs \u00e0 Elon Musk.<\/p>\n<p class=\"fig-body-link\">\n            \u00c0 lire aussi<br \/>\n        <a class=\"fig-body-link__link fig-premium-mark\" href=\"http:\/\/www.lefigaro.fr\/international\/un-tunnel-poutine-trump-sous-le-detroit-de-bering-entre-la-russie-et-l-alaska-20251017\" target=\"_blank\" data-fig-type=\"Article\" rel=\"noopener nofollow\" data-gtm-custom-categorie=\"navigation\" data-gtm-custom-action=\"crossclick\" data-gtm-custom-label=\"Contextuel\" data-gtm-event=\"customEventSPE\" data-fig-domain=\"LEFIGARO\">Un tunnel \u00abPoutine Trump\u00bb sous le d\u00e9troit de B\u00e9ring, entre la Russie et l\u2019Alaska\u00a0?<br \/>\n    <\/a>\n<\/p>\n<p>                                    <a class=\"fig-a11y-skip a11y-hidden\" href=\"#fig-a11y-skip-main-inarticle\"><br \/>\n        Passer la publicit\u00e9<br \/>\n    <\/a><\/p>\n<p class=\"fig-paragraph\">Boring Company est une autre entreprise du patron de Tesla et SpaceX, qui entend r\u00e9volutionner les transports urbains avec des tunnels. Kirill Dmitriev, qui dirige le fonds souverain russe, a explicitement invit\u00e9 Elon Musk \u00e0 construire cette infrastructure comme \u00absymbole d&rsquo;unit\u00e9\u00bb, avec des sch\u00e9mas \u00e0 l&rsquo;appui. Il a estim\u00e9 le co\u00fbt d&rsquo;un tel tunnel d&rsquo;une centaine de kilom\u00e8tres \u00e0 8 milliards de dollars.<\/p>\n<p>Musk-Trump, une relation en dents de scie<\/p>\n<p class=\"fig-paragraph\">Elon Musk avait tr\u00e8s g\u00e9n\u00e9reusement financ\u00e9 la campagne de Donald Trump en 2024. Une fois l&rsquo;\u00e9lection remport\u00e9e, le r\u00e9publicain lui a donn\u00e9 pour mission de mener de grandes coupes dans le budget de l&rsquo;\u00c9tat f\u00e9d\u00e9ral, ce qu&rsquo;il a tent\u00e9 de faire avec une commission d\u00e9di\u00e9e nomm\u00e9e Doge.<\/p>\n<p class=\"fig-paragraph\">Les deux hommes ont \u00e9t\u00e9 tr\u00e8s proches jusqu&rsquo;\u00e0 ce qu&rsquo;Elon Musk ne quitte fin mai sa mission aupr\u00e8s du gouvernement. Mais ils se sont d\u00e9chir\u00e9s publiquement d\u00e9but juin dans des registres tant professionnels que personnels. L&rsquo;homme d&rsquo;affaires a attaqu\u00e9 de mani\u00e8re virulente les choix budg\u00e9taires de Donald Trump.<\/p>\n<p class=\"fig-paragraph\">Elon Musk et Donald Trump sont toutefois apparus c\u00f4te \u00e0 c\u00f4te le 21 septembre pendant une c\u00e9r\u00e9monie d&rsquo;hommage \u00e0 l&rsquo;influenceur ultraconservateur Charlie Kirk, assassin\u00e9 une dizaine de jours plus t\u00f4t.<\/p>\n","protected":false},"excerpt":{"rendered":"Jeudi, l\u2019\u00e9missaire du pr\u00e9sident russe Vladimir Poutine charg\u00e9 des questions \u00e9conomiques \u00e0 l\u2019international a \u00e9voqu\u00e9 un projet de&hellip;\n","protected":false},"author":2,"featured_media":471078,"comment_status":"","ping_status":"","sticky":false,"template":"","format":"standard","meta":{"footnotes":""},"categories":[1591],"tags":[11,75,1887,12,1885,1886,132],"class_list":{"0":"post-471077","1":"post","2":"type-post","3":"status-publish","4":"format-standard","5":"has-post-thumbnail","7":"category-russie","8":"tag-actualites","9":"tag-donald-trump","10":"tag-federation-de-russie","11":"tag-news","12":"tag-russia","13":"tag-russian-federation","14":"tag-russie"},"share_on_mastodon":{"url":"https:\/\/pubeurope.com\/@fr\/115392046936188019","error":""},"_links":{"self":[{"href":"https:\/\/www.europesays.com\/fr\/wp-json\/wp\/v2\/posts\/471077","targetHints":{"allow":["GET"]}}],"collection":[{"href":"https:\/\/www.europesays.com\/fr\/wp-json\/wp\/v2\/posts"}],"about":[{"href":"https:\/\/www.europesays.com\/fr\/wp-json\/wp\/v2\/types\/post"}],"author":[{"embeddable":true,"href":"https:\/\/www.europesays.com\/fr\/wp-json\/wp\/v2\/users\/2"}],"replies":[{"embeddable":true,"href":"https:\/\/www.europesays.com\/fr\/wp-json\/wp\/v2\/comments?post=471077"}],"version-history":[{"count":0,"href":"https:\/\/www.europesays.com\/fr\/wp-json\/wp\/v2\/posts\/471077\/revisions"}],"wp:featuredmedia":[{"embeddable":true,"href":"https:\/\/www.europesays.com\/fr\/wp-json\/wp\/v2\/media\/471078"}],"wp:attachment":[{"href":"https:\/\/www.europesays.com\/fr\/wp-json\/wp\/v2\/media?parent=471077"}],"wp:term":[{"taxonomy":"category","embeddable":true,"href":"https:\/\/www.europesays.com\/fr\/wp-json\/wp\/v2\/categories?post=471077"},{"taxonomy":"post_tag","embeddable":true,"href":"https:\/\/www.europesays.com\/fr\/wp-json\/wp\/v2\/tags?post=471077"}],"curies":[{"name":"wp","href":"https:\/\/api.w.org\/{rel}","templated":true}]}}