{"id":471087,"date":"2025-10-17T23:18:11","date_gmt":"2025-10-17T23:18:11","guid":{"rendered":"https:\/\/www.europesays.com\/fr\/471087\/"},"modified":"2025-10-17T23:18:11","modified_gmt":"2025-10-17T23:18:11","slug":"que-pensent-les-europeens-de-la-responsabilite-des-entreprises-dans-laction-climatique","status":"publish","type":"post","link":"https:\/\/www.europesays.com\/fr\/471087\/","title":{"rendered":"Que pensent les Europ\u00e9ens de la responsabilit\u00e9 des entreprises dans l&rsquo;action climatique ?"},"content":{"rendered":"<p class=\"mb-4 text-lg md:leading-8 break-words\">Selon <a href=\"https:\/\/gw.hacdn.io\/media\/documents\/CSDDD%5FIpsos%5FPolling%5FResults%5FOverview%5F20251001.pdf\" rel=\"nofollow noopener\" target=\"_blank\" data-ylk=\"slk:un nouveau sondage Ipsos;elm:context_link;itc:0;sec:content-canvas\" class=\"link \"><strong>un nouveau sondage Ipsos<\/strong><\/a>, pr\u00e8s de trois quarts des adultes dans dix pays de l&rsquo;Union europ\u00e9enne estiment que les grandes entreprises &#8211; employant 250 personnes ou plus &#8211; devraient \u00eatre tenues responsables des atteintes aux droits de l&rsquo;Homme et \u00e0 l&rsquo;environnement dans leurs cha\u00eenes d&rsquo;approvisionnement.<\/p>\n<p class=\"mb-4 text-lg md:leading-8 break-words\">L&rsquo;enqu\u00eate, command\u00e9e par Global Witness et Amnesty International et r\u00e9alis\u00e9e par Ipsos, a interrog\u00e9 10 861 personnes au Danemark, en France, en Allemagne, en Italie, en Lituanie, aux Pays-Bas, en Pologne, en Roumanie, en Espagne et en Su\u00e8de.<\/p>\n<p class=\"mb-4 text-lg md:leading-8 break-words\">Elle fait suite aux n\u00e9gociations visant \u00e0 r\u00e9viser la directive sur le d\u00e9veloppement durable et le devoir de diligence des entreprises (DDD), un projet de loi europ\u00e9en qui oblige les entreprises \u00e0 rendre compte des violations des droits de l&rsquo;Homme et des dommages caus\u00e9s \u00e0 l&rsquo;environnement dans leurs cha\u00eenes d&rsquo;approvisionnement.<\/p>\n<p class=\"mb-4 text-lg md:leading-8 break-words\">Le 13 octobre, les d\u00e9put\u00e9s europ\u00e9ens ont vot\u00e9 en faveur d&rsquo;une modification de la directive afin qu&rsquo;elle s&rsquo;applique aux entreprises employant 1 000 personnes et r\u00e9alisant un chiffre d&rsquo;affaires annuel de 450 millions d&rsquo;euros, ainsi qu&rsquo;aux entreprises employant plus de 5 000 personnes et ayant un chiffre d&rsquo;affaires de 1,5 milliard d&rsquo;euros.<\/p>\n<p class=\"mb-4 text-lg md:leading-8 break-words\">Apr\u00e8s le vote de lundi au Parlement, les l\u00e9gislateurs devront ratifier la d\u00e9cision lors d&rsquo;une session pl\u00e9ni\u00e8re \u00e0 Strasbourg, qui devrait avoir lieu le 20 octobre. Une fois que l&rsquo;ensemble des d\u00e9put\u00e9s aura vot\u00e9, les n\u00e9gociations entre le Parlement, le Conseil europ\u00e9en et la Commission europ\u00e9enne commenceront.<\/p>\n<p>Comment l&rsquo;UE devrait-elle faire appliquer sa l\u00e9gislation \u00e9cologique ?<\/p>\n<p class=\"mb-4 text-lg md:leading-8 break-words\">Trois personnes sur quatre estiment qu&rsquo;il est important que l&rsquo;UE fasse respecter sa l\u00e9gislation environnementale dans ses \u00c9tats membres, les r\u00e9pondants italiens (85 %), lituaniens (82 %) et danois (80 %) \u00e9tant les plus nombreux \u00e0 partager cet avis.<\/p>\n<p class=\"mb-4 text-lg md:leading-8 break-words\">Plus de 60 % des citoyens de l&rsquo;Union estiment par ailleurs que les grandes entreprises devraient \u00eatre l\u00e9galement tenues de r\u00e9duire leurs \u00e9missions de gaz \u00e0 effet de serre. Cette position est fortement soutenue en Italie (69 %), en France (68 %) et en Su\u00e8de (67 %).<\/p>\n<p class=\"mb-4 text-lg md:leading-8 break-words\">Les personnes interrog\u00e9es pensent que poursuivre les grandes entreprises en justice et les obliger \u00e0 verser des dommages et int\u00e9r\u00eats pour les pertes ou les souffrances subies est le moyen le plus appropri\u00e9 de les tenir pour responsables des violations des droits de l&rsquo;Homme.<\/p>\n<p class=\"mb-4 text-lg md:leading-8 break-words\">Par ailleurs, 45 % des personnes interrog\u00e9es estiment que la divulgation publique de toute atteinte \u00e0 l&rsquo;environnement est le meilleur moyen de responsabiliser les grandes entreprises.<\/p>\n<p class=\"mb-4 text-lg md:leading-8 break-words\">Pourtant, seulement 23 % des personnes interrog\u00e9es ont d\u00e9clar\u00e9 avoir entendu ou lu des discussions sur la modification de la l\u00e9gislation environnementale et climatique de l&rsquo;Union europ\u00e9enne au cours des 12 derniers mois.<\/p>\n<p class=\"mb-4 text-lg md:leading-8 break-words\"><b class=\"c-widget-related__title__text\">Related<\/b><\/p>\n<p class=\"mb-4 text-lg md:leading-8 break-words\">Enfin, plus de la moiti\u00e9 des personnes interrog\u00e9es estiment qu&rsquo;il est d\u00e9sormais plus important pour l&rsquo;UE de faire respecter ses propres lois environnementales, depuis que l&rsquo;administration am\u00e9ricaine a r\u00e9duit ses propres protections en la mati\u00e8re.<\/p>\n<p class=\"mb-4 text-lg md:leading-8 break-words\">Le pr\u00e9sident am\u00e9ricain Donald Trump s&rsquo;est engag\u00e9 \u00e0 stimuler la production am\u00e9ricaine de combustibles fossiles et a critiqu\u00e9 les initiatives en mati\u00e8re d&rsquo;\u00e9nergie verte. Depuis son retour \u00e0 la Maison Blanche, il a \u00e9galement d\u00e9mantel\u00e9 de nombreuses politiques de l&rsquo;ancien pr\u00e9sident Joe Biden en mati\u00e8re de protection du climat.<\/p>\n","protected":false},"excerpt":{"rendered":"Selon un nouveau sondage Ipsos, pr\u00e8s de trois quarts des adultes dans dix pays de l&rsquo;Union europ\u00e9enne estiment&hellip;\n","protected":false},"author":2,"featured_media":471088,"comment_status":"","ping_status":"","sticky":false,"template":"","format":"standard","meta":{"footnotes":""},"categories":[1586],"tags":[11,4946,6492,1777,674,1011,27,54998,12,49711,25,59482],"class_list":{"0":"post-471087","1":"post","2":"type-post","3":"status-publish","4":"format-standard","5":"has-post-thumbnail","7":"category-europe","8":"tag-actualites","9":"tag-amnesty-international","10":"tag-droits-de-lhomme","11":"tag-eu","12":"tag-europe","13":"tag-fr","14":"tag-france","15":"tag-l39environnement","16":"tag-news","17":"tag-pays-de-lunion-europeenne-2","18":"tag-republique-francaise","19":"tag-violations-des-droits-de-lhomme-2"},"share_on_mastodon":{"url":"https:\/\/pubeurope.com\/@fr\/115392066669003874","error":""},"_links":{"self":[{"href":"https:\/\/www.europesays.com\/fr\/wp-json\/wp\/v2\/posts\/471087","targetHints":{"allow":["GET"]}}],"collection":[{"href":"https:\/\/www.europesays.com\/fr\/wp-json\/wp\/v2\/posts"}],"about":[{"href":"https:\/\/www.europesays.com\/fr\/wp-json\/wp\/v2\/types\/post"}],"author":[{"embeddable":true,"href":"https:\/\/www.europesays.com\/fr\/wp-json\/wp\/v2\/users\/2"}],"replies":[{"embeddable":true,"href":"https:\/\/www.europesays.com\/fr\/wp-json\/wp\/v2\/comments?post=471087"}],"version-history":[{"count":0,"href":"https:\/\/www.europesays.com\/fr\/wp-json\/wp\/v2\/posts\/471087\/revisions"}],"wp:featuredmedia":[{"embeddable":true,"href":"https:\/\/www.europesays.com\/fr\/wp-json\/wp\/v2\/media\/471088"}],"wp:attachment":[{"href":"https:\/\/www.europesays.com\/fr\/wp-json\/wp\/v2\/media?parent=471087"}],"wp:term":[{"taxonomy":"category","embeddable":true,"href":"https:\/\/www.europesays.com\/fr\/wp-json\/wp\/v2\/categories?post=471087"},{"taxonomy":"post_tag","embeddable":true,"href":"https:\/\/www.europesays.com\/fr\/wp-json\/wp\/v2\/tags?post=471087"}],"curies":[{"name":"wp","href":"https:\/\/api.w.org\/{rel}","templated":true}]}}