{"id":471089,"date":"2025-10-17T23:19:15","date_gmt":"2025-10-17T23:19:15","guid":{"rendered":"https:\/\/www.europesays.com\/fr\/471089\/"},"modified":"2025-10-17T23:19:15","modified_gmt":"2025-10-17T23:19:15","slug":"la-commission-europeenne-accueille-avec-prudence-la-rencontre-trump-poutine-a-budapest","status":"publish","type":"post","link":"https:\/\/www.europesays.com\/fr\/471089\/","title":{"rendered":"La Commission europ\u00e9enne accueille avec prudence la rencontre Trump-Poutine \u00e0 Budapest"},"content":{"rendered":"<p class=\"mb-4 text-lg md:leading-8 break-words\">La Commission europ\u00e9enne a accueilli avec prudence <a href=\"https:\/\/fr.news.yahoo.com\/trump-annonce-quil-rencontrera-poutine-182732643.html\" data-ylk=\"slk:l&#039;annonce d&#039;une prochaine rencontre;elm:context_link;itc:0;sec:content-canvas;outcm:mb_qualified_link;_E:mb_qualified_link;ct:story;\" class=\"link  yahoo-link\" target=\"_blank\" rel=\"noopener\"><strong>l&rsquo;annonce d&rsquo;une prochaine rencontre<\/strong><\/a> entre le pr\u00e9sident am\u00e9ricain Donald Trump et son homologue russe Vladimir Poutine \u00e0 Budapest, afin de faire progresser les n\u00e9gociations de paix en Ukraine.<\/p>\n<p class=\"mb-4 text-lg md:leading-8 break-words\">\u00ab\u00a0Toute r\u00e9union qui fait avancer une paix juste et durable en Ukraine est la bienvenue\u00a0\u00bb, a d\u00e9clar\u00e9 le porte-parole de la Commission, Olof Gill, tout en ajoutant que l&rsquo;UE restait d\u00e9termin\u00e9e \u00e0 soutenir l&rsquo;Ukraine face \u00e0 l&rsquo;agression russe.<\/p>\n<p class=\"mb-4 text-lg md:leading-8 break-words\">\u00ab\u00a0Il est grand temps que la Russie mette fin \u00e0 son agression insens\u00e9e et ill\u00e9gale contre l&rsquo;Ukraine. Du c\u00f4t\u00e9 de l&rsquo;UE, nous faisons tout pour soutenir l&rsquo;Ukraine et affaiblir la capacit\u00e9 de la Russie \u00e0 mener sa guerre\u00a0\u00bb, a-t-il d\u00e9clar\u00e9.<\/p>\n<p>Division au sein des eurod\u00e9put\u00e9s<\/p>\n<p class=\"mb-4 text-lg md:leading-8 break-words\">Si la Commission s&rsquo;est f\u00e9licit\u00e9e de cette annonce, ailleurs \u00e0 Bruxelles, l&rsquo;ambiance est plus sceptique, compte tenu des relations \u00e9troites entre Viktor Orb\u00e1n et Vladimir Poutine.<\/p>\n<p class=\"mb-4 text-lg md:leading-8 break-words\">Lors d&rsquo;un point presse au Parlement europ\u00e9en avec les porte-paroles des diff\u00e9rents partis, le Parti populaire europ\u00e9en et les groupes politiques de Renew Europe ont exprim\u00e9 leur scepticisme \u00e0 propos du sommet.<\/p>\n<p class=\"mb-4 text-lg md:leading-8 break-words\">Les Socialistes et D\u00e9mocrates du Parlement europ\u00e9en, Renew et les Conservateurs et R\u00e9formistes europ\u00e9ens ont \u00e9galement soulign\u00e9 la n\u00e9cessit\u00e9 de repr\u00e9senter les int\u00e9r\u00eats de l&rsquo;Ukraine \u00e0 la table des n\u00e9gociations.<\/p>\n<p><img alt=\"Les eurod\u00e9put\u00e9s assistent \u00e0 une session au Parlement europ\u00e9en \u00e0 Strasbourg, le 8 octobre 2025 \" loading=\"lazy\" width=\"808\" height=\"539\" decoding=\"async\" data-nimg=\"1\" class=\"rounded-lg\" style=\"color:transparent\" src=\"https:\/\/www.europesays.com\/fr\/wp-content\/uploads\/2025\/10\/7bb963284409e3c1ea24023026488a35.jpeg\"\/><\/p>\n<p> Les eurod\u00e9put\u00e9s assistent \u00e0 une session au Parlement europ\u00e9en \u00e0 Strasbourg, le 8 octobre 2025   &#8211; AP Photo <\/p>\n<p class=\"mb-4 text-lg md:leading-8 break-words\">Le porte-parole des Verts\/ALE et de la gauche a rappel\u00e9 que Vladimir Poutine &#8211; qui fait l&rsquo;objet d&rsquo;un mandat d&rsquo;arr\u00eat de la Cour p\u00e9nale internationale &#8211; devrait \u00eatre arr\u00eat\u00e9 sur le sol europ\u00e9en pour crimes de guerre en Ukraine.<\/p>\n<p class=\"mb-4 text-lg md:leading-8 break-words\">Du c\u00f4t\u00e9 de l&rsquo;extr\u00eame droite, l&rsquo;Europe des nations souveraines et les Patriotes pour l&rsquo;Europe ont en revanche salu\u00e9 l&rsquo;annonce.<\/p>\n<p class=\"mb-4 text-lg md:leading-8 break-words\">\u00ab\u00a0Budapest envoie un message clair : la logique de guerre peut \u00eatre surmont\u00e9e. La paix se construit par le dialogue et non par les sanctions\u00a0\u00bb, a d\u00e9clar\u00e9 \u00c1gnes Kar\u00e1ndi, porte-parole des Patriotes.<\/p>\n<p><strong>Les analystes politiques europ\u00e9ens restent sceptiques<\/strong><\/p>\n<p class=\"mb-4 text-lg md:leading-8 break-words\">La perspective d&rsquo;une rencontre entre Trump et Poutine a \u00e9galement \u00e9t\u00e9 accueillie avec doute par d&rsquo;\u00e9minents experts politiques de Bruxelles, qui craignent que la r\u00e9union ne cr\u00e9e des tensions au sein de l&rsquo;UE.<\/p>\n<blockquote class=\"mb-4 border-l-2 pl-5 italic text-tertiary\">\n<p class=\"mb-4 text-lg md:leading-8 break-words\">Cette r\u00e9union risque de donner \u00e0 Viktor Orb\u00e1n l&rsquo;autorit\u00e9 de parler au nom de l&rsquo;UE, alors que sa position personnelle sur l&rsquo;Ukraine est contraire \u00e0 l&rsquo;Union<\/p>\n<\/blockquote>\n<p class=\"mb-4 text-lg md:leading-8 break-words\">D\u00e1niel Heged\u0171s, le directeur r\u00e9gional du German Marshall Fund of the US, a d\u00e9clar\u00e9 \u00e0 Euronews que la possibilit\u00e9 du sommet de Budapest est un \u00e9norme succ\u00e8s pour le gouvernement Orb\u00e1n et un d\u00e9fi \u00e0 l&rsquo;unit\u00e9 de l&rsquo;UE et \u00e0 sa politique \u00e9trang\u00e8re et de s\u00e9curit\u00e9.<\/p>\n<p class=\"mb-4 text-lg md:leading-8 break-words\">L&rsquo;expert d\u00e9nonce \u00ab\u00a0un cadeau symbolique au gouvernement le plus illib\u00e9ral de l&rsquo;Union europ\u00e9enne, qui a \u00e9t\u00e9 une aberration dans sa politique \u00e9trang\u00e8re li\u00e9e \u00e0 la Russie et \u00e0 l&rsquo;Ukraine, pratiquement depuis le d\u00e9clenchement de la guerre \u00e0 grande \u00e9chelle en Ukraine\u00a0\u00bb.<\/p>\n<p class=\"mb-4 text-lg md:leading-8 break-words\">\u00ab\u00a0Il s&rsquo;agit d&rsquo;une tentative d\u00e9lib\u00e9r\u00e9e de la part de l&rsquo;administration am\u00e9ricaine d&rsquo;affaiblir l&rsquo;unit\u00e9 de l&rsquo;UE et de saper la position actuelle de l&rsquo;Union europ\u00e9enne concernant le soutien \u00e0 l&rsquo;Ukraine et sa politique de sanctions \u00e0 l&rsquo;\u00e9gard de la Russie\u00a0\u00bb, ajoute-t-il.<\/p>\n<p class=\"mb-4 text-lg md:leading-8 break-words\">Pour D\u00e1niel Heged\u0171s, il ne fait aucun doute que Donald Trump pr\u00e9f\u00e8re une Europe fragment\u00e9e plut\u00f4t qu&rsquo;une Europe unifi\u00e9e, capable et pr\u00eate \u00e0 agir dans son propre int\u00e9r\u00eat.<\/p>\n<p><img alt=\"Donald Trump et Vladimir Poutine arrivent pour une conf\u00e9rence de presse \u00e0 la base commune d'Elmendorf-Richardson en Alaska, le 15 ao\u00fbt 2025\" loading=\"lazy\" width=\"808\" height=\"539\" decoding=\"async\" data-nimg=\"1\" class=\"rounded-lg\" style=\"color:transparent\" src=\"https:\/\/www.europesays.com\/fr\/wp-content\/uploads\/2025\/10\/48d14d09b0b4a78a1dcd35d096be94dd.jpeg\"\/><\/p>\n<p> Donald Trump et Vladimir Poutine arrivent pour une conf\u00e9rence de presse \u00e0 la base commune d&rsquo;Elmendorf-Richardson en Alaska, le 15 ao\u00fbt 2025   &#8211; AP Photo <\/p>\n<p class=\"mb-4 text-lg md:leading-8 break-words\">Alberto Alemanno, professeur de droit europ\u00e9en Jean Monnet \u00e0 HEC Paris, est d&rsquo;accord.<\/p>\n<p class=\"mb-4 text-lg md:leading-8 break-words\">\u00ab\u00a0C&rsquo;est une nouvelle preuve que Viktor Orb\u00e1n est plus loyal envers la Russie et les int\u00e9r\u00eats am\u00e9ricains qu&rsquo;envers l&rsquo;Union \u00e0 laquelle son pays appartient\u00a0\u00bb, a-t-il d\u00e9clar\u00e9.<\/p>\n<p class=\"mb-4 text-lg md:leading-8 break-words\">Le professeur estime que le dirigeant hongrois agit d\u00e9sormais comme un cheval de Troie au sein de l&rsquo;UE, en boycottant constamment l&rsquo;int\u00e9r\u00eat g\u00e9n\u00e9ral de l&rsquo;Union.<\/p>\n<p class=\"mb-4 text-lg md:leading-8 break-words\">\u00ab\u00a0Cette r\u00e9union risque de donner \u00e0 Viktor Orb\u00e1n l&rsquo;autorit\u00e9 de parler au nom de l&rsquo;UE, alors que sa position personnelle sur l&rsquo;Ukraine est contraire \u00e0 l&rsquo;Union. L&rsquo;optique sera favorable \u00e0 lui, \u00e0 l&rsquo;ombre de Kallas, et \u00e0 l&rsquo;UE26, de la m\u00eame mani\u00e8re qu&rsquo;il l&rsquo;a fait lorsqu&rsquo;il occupait la pr\u00e9sidence tournante\u00a0\u00bb, a d\u00e9clar\u00e9 Alberto Alemanno.<\/p>\n<p><strong>Viktor Orb\u00e1n oppos\u00e9 \u00e0 l&rsquo;adh\u00e9sion de l&rsquo;Ukraine \u00e0 l&rsquo;UE<\/strong><\/p>\n<p class=\"mb-4 text-lg md:leading-8 break-words\">Au cours de la pr\u00e9sidence hongroise du Conseil l&rsquo;ann\u00e9e derni\u00e8re, Viktor Orb\u00e1n a lanc\u00e9 ce qu&rsquo;il a appel\u00e9 une mission de paix sans coordination avec l&rsquo;UE, et s&rsquo;est rendu en Ukraine et en Russie pour s&rsquo;entretenir avec les dirigeants des deux pays.<\/p>\n<p class=\"mb-4 text-lg md:leading-8 break-words\">Lors de la r\u00e9union de la Communaut\u00e9 politique europ\u00e9enne \u00e0 Copenhague au d\u00e9but du mois, le Premier ministre populiste a rejet\u00e9 l&rsquo;id\u00e9e de modifier les r\u00e8gles d&rsquo;\u00e9largissement de l&rsquo;UE pour faciliter les n\u00e9gociations d&rsquo;adh\u00e9sion de l&rsquo;Ukraine.<\/p>\n<p><img alt=\"Le pr\u00e9sident russe Vladimir Poutine et le Premier ministre hongrois Viktor Orb\u00e1n arrivent pour faire des d\u00e9clarations \u00e0 la presse, \u00e0 Moscou, le 5 juillet 2024\" loading=\"lazy\" width=\"808\" height=\"539\" decoding=\"async\" data-nimg=\"1\" class=\"rounded-lg\" style=\"color:transparent\" src=\"https:\/\/www.europesays.com\/fr\/wp-content\/uploads\/2025\/10\/f6d7ae8315b5ba0f04176216758e42e4.jpeg\"\/><\/p>\n<p> Le pr\u00e9sident russe Vladimir Poutine et le Premier ministre hongrois Viktor Orb\u00e1n arrivent pour faire des d\u00e9clarations \u00e0 la presse, \u00e0 Moscou, le 5 juillet 2024   &#8211; AP Photo <\/p>\n<p class=\"mb-4 text-lg md:leading-8 break-words\">Le \u00ab\u00a0plan Costa\u00a0\u00bb &#8211; du nom du pr\u00e9sident du Conseil europ\u00e9en, Ant\u00f3nio Costa &#8211; proposait de lever l&rsquo;unanimit\u00e9 requise pour l&rsquo;ouverture de chaque chapitre de n\u00e9gociation.<\/p>\n<p class=\"mb-4 text-lg md:leading-8 break-words\">La modification des r\u00e8gles requiert \u00e9galement l&rsquo;unanimit\u00e9, et la Hongrie opposera son veto \u00e0 l&rsquo;adh\u00e9sion de l&rsquo;Ukraine \u00e0 l&rsquo;UE, a affirm\u00e9 Viktor Orb\u00e1n.<\/p>\n<p class=\"mb-4 text-lg md:leading-8 break-words\">\u00ab\u00a0Je leur ai dit que je n&rsquo;\u00e9tais pas d&rsquo;accord et que ce plan \u00e9tait donc mort\u00a0\u00bb, a-t-il d\u00e9clar\u00e9, tout en accusant une fois de plus les dirigeants de l&rsquo;UE de chercher la confrontation avec la Russie.<\/p>\n","protected":false},"excerpt":{"rendered":"La Commission europ\u00e9enne a accueilli avec prudence l&rsquo;annonce d&rsquo;une prochaine rencontre entre le pr\u00e9sident am\u00e9ricain Donald Trump et&hellip;\n","protected":false},"author":2,"featured_media":471090,"comment_status":"","ping_status":"","sticky":false,"template":"","format":"standard","meta":{"footnotes":""},"categories":[1586],"tags":[11,75,1777,674,1779,1011,27,5493,12,8552,25,1778,364,7247,135],"class_list":{"0":"post-471089","1":"post","2":"type-post","3":"status-publish","4":"format-standard","5":"has-post-thumbnail","7":"category-europe","8":"tag-actualites","9":"tag-donald-trump","10":"tag-eu","11":"tag-europe","12":"tag-european-union","13":"tag-fr","14":"tag-france","15":"tag-lukraine","16":"tag-news","17":"tag-parlement-europeen","18":"tag-republique-francaise","19":"tag-ue","20":"tag-union-europeenne","21":"tag-viktor-orban","22":"tag-vladimir-poutine"},"share_on_mastodon":{"url":"https:\/\/pubeurope.com\/@fr\/115392072223182687","error":""},"_links":{"self":[{"href":"https:\/\/www.europesays.com\/fr\/wp-json\/wp\/v2\/posts\/471089","targetHints":{"allow":["GET"]}}],"collection":[{"href":"https:\/\/www.europesays.com\/fr\/wp-json\/wp\/v2\/posts"}],"about":[{"href":"https:\/\/www.europesays.com\/fr\/wp-json\/wp\/v2\/types\/post"}],"author":[{"embeddable":true,"href":"https:\/\/www.europesays.com\/fr\/wp-json\/wp\/v2\/users\/2"}],"replies":[{"embeddable":true,"href":"https:\/\/www.europesays.com\/fr\/wp-json\/wp\/v2\/comments?post=471089"}],"version-history":[{"count":0,"href":"https:\/\/www.europesays.com\/fr\/wp-json\/wp\/v2\/posts\/471089\/revisions"}],"wp:featuredmedia":[{"embeddable":true,"href":"https:\/\/www.europesays.com\/fr\/wp-json\/wp\/v2\/media\/471090"}],"wp:attachment":[{"href":"https:\/\/www.europesays.com\/fr\/wp-json\/wp\/v2\/media?parent=471089"}],"wp:term":[{"taxonomy":"category","embeddable":true,"href":"https:\/\/www.europesays.com\/fr\/wp-json\/wp\/v2\/categories?post=471089"},{"taxonomy":"post_tag","embeddable":true,"href":"https:\/\/www.europesays.com\/fr\/wp-json\/wp\/v2\/tags?post=471089"}],"curies":[{"name":"wp","href":"https:\/\/api.w.org\/{rel}","templated":true}]}}