{"id":471093,"date":"2025-10-17T23:22:13","date_gmt":"2025-10-17T23:22:13","guid":{"rendered":"https:\/\/www.europesays.com\/fr\/471093\/"},"modified":"2025-10-17T23:22:13","modified_gmt":"2025-10-17T23:22:13","slug":"ces-photos-et-videos-projetees-a-laudience-qui-racontent-le-drame","status":"publish","type":"post","link":"https:\/\/www.europesays.com\/fr\/471093\/","title":{"rendered":"Ces photos et vid\u00e9os projet\u00e9es \u00e0 l\u2019audience qui racontent le drame"},"content":{"rendered":"<p>A la cour d\u2019assises de Paris,<\/p>\n<p>Le pr\u00e9sident de la cour d\u2019assises <a href=\"https:\/\/www.20minutes.fr\/justice\/4179931-20251017-meurtre-lola-horrible-fait-regrette-declare-dahbia-benkired\" class=\"c-link c-link--is-underlined\" target=\"_blank\" rel=\"noopener\">pr\u00e9vient les proches de Lola<\/a>. Des photos du corps d\u00e9nud\u00e9 de la fillette de 12 ans, retrouv\u00e9e <a href=\"https:\/\/www.20minutes.fr\/faits_divers\/4005537-20221015-corps-adolescente-decouvert-malle-enquete-ouverte\" class=\"c-link c-link--is-underlined\" target=\"_blank\" rel=\"noopener\">ligot\u00e9e avec du ruban adh\u00e9sif dans une malle<\/a>, vont \u00eatre projet\u00e9es dans la salle d\u2019audience. \u00ab\u00a0Ce peut \u00eatre utile pour que la cour et les jur\u00e9s puissent voir et savoir <a href=\"https:\/\/www.20minutes.fr\/faits_divers\/faits-divers-paris\/4110296-20240916-meurtre-lola-meurtre-viol-parquet-demande-proces-dahbia-b\" class=\"c-link c-link--is-underlined\" target=\"_blank\" rel=\"noopener\">ce que l\u2019on juge exactement<\/a>\u00a0\u00bb, explique le magistrat qui propose aux membres de la famille de la victime de sortir un instant. Delphine, la <a href=\"https:\/\/www.20minutes.fr\/societe\/4120943-20241112-meurtre-lola-arrete-respirer-toute-seule-peur-deux-ans-apres-mere-petite-fille-temoigne\" class=\"c-link c-link--is-underlined\" target=\"_blank\" rel=\"noopener\">m\u00e8re de la pr\u00e9adolescente<\/a>, et Thibault, son fr\u00e8re, restent assis sur le banc des parties civiles. A la barre, le commissaire Maximilien G., un ancien policier de la brigade criminelle, commente les clich\u00e9s. \u00ab\u00a0La t\u00eate \u00e9tait compl\u00e8tement entour\u00e9e de scotch, il y avait une plaie tr\u00e8s importante au niveau de la m\u00e2choire et une autre au niveau du cou.\u00a0\u00bb C\u2019en est trop pour la maman de la petite victime qui finit par sortir. <a href=\"https:\/\/www.20minutes.fr\/justice\/4179328-20251016-meurtre-lola-ca-fait-ni-chaud-ni-froid-dahbia-benkired-jugee-horrible-geste\" class=\"c-link c-link--is-underlined\" target=\"_blank\" rel=\"noopener\">L\u2019accus\u00e9e, Dahbia Benkired<\/a>, reste impassible.<\/p>\n<\/p>\n<p>A l\u2019\u00e9poque, ce policier exp\u00e9riment\u00e9, cheveux gris courts, costume sombre et cravate bleue, \u00e9tait l\u2019un des directeurs d\u2019enqu\u00eate de la Crim&rsquo; qui a travaill\u00e9 sur cette affaire. Lorsqu&rsquo;ils commencent leurs investigations, les enqu\u00eateurs regardent les images des cam\u00e9ras de surveillance install\u00e9es dans la r\u00e9sidence o\u00f9 vivent Lola et sa famille, rue Manin, dans le 19e\u00a0arrondissement. <a href=\"https:\/\/www.20minutes.fr\/faits_divers\/4078147-20240225-meurtre-lola-johan-daviet-pere-fillette-decede-age-49-ans\" class=\"c-link c-link--is-underlined\" target=\"_blank\" rel=\"noopener\">Son p\u00e8re, Yohan<\/a>, est le gardien de l\u2019immeuble. La jeune fille rentre dans le b\u00e2timent \u00e0 15h11. Dahbia Benkired la suit de pr\u00e8s. \u00ab\u00a0On a l\u2019impression que Lola Daviet n\u2019est pas tr\u00e8s rassur\u00e9e quand elle croise le regard de cette femme\u00a0\u00bb, remarque le commissaire Maximilien G.. A 16h59, l\u2019accus\u00e9e sort de l\u2019immeuble, avec deux valises, une rose et une noire, et une grosse malle, mal ferm\u00e9e. \u00ab\u00a0On voit qu\u2019elle est tr\u00e8s lourde, qu\u2019elle a du mal \u00e0 la tirer\u00a0\u00bb, poursuit le policier. Il constate \u00e9galement que l\u2019accus\u00e9e a chang\u00e9 de v\u00eatements.<\/p>\n<p>Des nuggets et des frites<\/p>\n<p>Apr\u00e8s la d\u00e9couverte du corps, un t\u00e9moin va se manifester aupr\u00e8s des policiers. Il a rencontr\u00e9 <a href=\"https:\/\/www.20minutes.fr\/faits_divers\/4005944-20221018-meurtre-lola-sait-dhabia-b-suspectee-avoir-tue-collegienne-12-ans\" class=\"c-link c-link--is-underlined\" target=\"_blank\" rel=\"noopener\">Dahbia Benkired plus t\u00f4t dans l\u2019apr\u00e8s-midi<\/a>, alors qu\u2019elle sortait de l\u2019immeuble de la rue Manin avec la malle contenant le cadavre de la fillette. Ensemble, ils sont all\u00e9s dans un caf\u00e9, Le Rallye. Selon ce t\u00e9moin, elle lui a <a href=\"https:\/\/www.20minutes.fr\/faits_divers\/4005840-20221017-meurtre-lola-inquietant-profil-dahbia-b-suspectee-avoir-tue-collegienne-paris\" class=\"c-link c-link--is-underlined\" target=\"_blank\" rel=\"noopener\">propos\u00e9 de lui vendre \u00ab\u00a0des reins\u00a0\u00bb<\/a>. Les enqu\u00eateurs vont saisir et examiner les images des cam\u00e9ras de surveillance de l\u2019\u00e9tablissement. On voit le duo s\u2019installer \u00e0 une petite table et avoir une \u00ab\u00a0discussion sur le contenu de la malle\u00a0\u00bb. \u00ab\u00a0Elle est tr\u00e8s d\u00e9tendue quand elle lui parle, observe le commissaire Maximilien G.. Cela contraste r\u00e9ellement avec les faits dont elle sait qu\u2019elle les a commis.\u00a0\u00bb L\u2019homme qui accompagne l\u2019accus\u00e9e soul\u00e8ve le couvercle de la malle et plonge sa main \u00e0 l\u2019int\u00e9rieur. Puis il se l\u00e8ve et quitte les lieux. \u00ab\u00a0Il voulait commander deux caf\u00e9s mais il a renonc\u00e9 parce qu\u2019il ne sentait pas l\u2019affaire\u00a0\u00bb, poursuit le policier.<\/p>\n<p>Dans la soir\u00e9e, elle va d\u00eener avec l\u2019un de ses amis dans un fast-food, les 3 Atlas. \u00ab\u00a0Elle est souriante\u00a0\u00bb lorsqu\u2019elle commande des nuggets et des frites, constate le pr\u00e9sident de la cour en visionnant les images capt\u00e9es par la cam\u00e9ra install\u00e9e dans le restaurant. Elle retourne apr\u00e8s ce repas \u00e0 Paris en VTC pour d\u00e9poser le corps de la victime rue Manin, avant d\u2019aller passer la nuit chez un ami \u00e0 Bois-Colombes.<\/p>\n<p>\u00ab\u00a0On a vu qu\u2019elle avait les yeux bleus\u00a0\u00bb<\/p>\n<p>Le 15 octobre\u00a02022, Dahbia Benkired est interpell\u00e9e au petit matin. Maximilien G. a particip\u00e9 \u00e0 la perquisition de l\u2019appartement de la s\u0153ur de l\u2019accus\u00e9e, situ\u00e9 au 6e \u00e9tage de l\u2019immeuble. \u00ab\u00a0Un petit F1, d\u2019une vingtaine de m\u00e8tres carr\u00e9s\u00a0\u00bb, d\u00e9crit-il en regardant les photos prises ce jour-l\u00e0. \u00ab\u00a0Dans la salle principale, il y a deux clic-clac, deux matelas contre le mur, une kitchenette, de l\u2019eau dans la baignoire avec un petit tabouret dedans\u00a0\u00bb, poursuit-il. A l\u2019int\u00e9rieur, les limiers de la PJ vont utiliser du Bluestar, \u00ab\u00a0un produit qui permet de r\u00e9v\u00e9ler les traces latentes de sang\u00a0\u00bb dans l\u2019obscurit\u00e9. Les clich\u00e9s projet\u00e9s montrent de nombreuses traces de sang dans la salle de bains. Un couteau Ikea, avec une lame longue de 20\u00a0cm, a aussi r\u00e9agi au produit. Les enqu\u00eateurs vont aussi saisir un flacon de vernis \u00e0 ongles rouge \u00ab\u00a0qui a pu servir \u00e0 \u00e9crire les chiffres 0 et 1 sous les pieds de la victime\u00a0\u00bb.<\/p>\n<p>Les policiers ont pris des photos de l\u2019endroit o\u00f9 ont \u00e9t\u00e9 d\u00e9couvertes les deux valises de Dahbia Benkired et la malle contenant le cadavre de la victime. \u00ab\u00a0La malle faisait 70\u00a0cm par 40\u00a0cm\u00a0\u00bb, d\u00e9crit le commissaire de police. Les autres clich\u00e9s projet\u00e9s montrent le corps meurtri de la pr\u00e9adolescente. \u00ab\u00a0Il \u00e9tait enti\u00e8rement nu. C\u2019\u00e9tait le corps d\u2019une jeune fille, de type caucasien, couvert de scotch gris, souffle le policier. Les deux mains \u00e9taient attach\u00e9es ensemble. Le visage et le cou \u00e9taient recouverts de scotch. Il y avait une plaie au niveau du cou qui a presque entra\u00een\u00e9 la d\u00e9capitation. 18 plaies ont \u00e9t\u00e9 constat\u00e9es. On a constat\u00e9 que deux chiffres avaient \u00e9t\u00e9 inscrits sous les pieds, un 0 et 1, avec une esp\u00e8ce de liquide rouge. On a retir\u00e9 le scotch du visage de la victime qui \u00e9tait tr\u00e8s d\u00e9form\u00e9. On ne pouvait pas affirmer que c\u2019\u00e9tait Lola Daviet. On a vu qu\u2019elle avait les yeux bleus.\u00a0\u00bb<\/p>\n<p>Le verdict est attendu le 24\u00a0octobre. L\u2019accus\u00e9e encourt la r\u00e9clusion criminelle \u00e0 perp\u00e9tuit\u00e9.<\/p>\n","protected":false},"excerpt":{"rendered":"A la cour d\u2019assises de Paris, Le pr\u00e9sident de la cour d\u2019assises pr\u00e9vient les proches de Lola. Des&hellip;\n","protected":false},"author":2,"featured_media":471094,"comment_status":"","ping_status":"","sticky":false,"template":"","format":"standard","meta":{"footnotes":""},"categories":[2],"tags":[47,11,20851,1067,1011,27,2683,662,303,777,52922,12,626,2694,25],"class_list":{"0":"post-471093","1":"post","2":"type-post","3":"status-publish","4":"format-standard","5":"has-post-thumbnail","7":"category-actualites","8":"tag-actualite","9":"tag-actualites","10":"tag-cour-dassises","11":"tag-enquete","12":"tag-fr","13":"tag-france","14":"tag-homicide","15":"tag-ile-de-france","16":"tag-justice","17":"tag-meurtre","18":"tag-meurtre-de-lola","19":"tag-news","20":"tag-paris","21":"tag-proces","22":"tag-republique-francaise"},"share_on_mastodon":{"url":"https:\/\/pubeurope.com\/@fr\/115392082367023539","error":""},"_links":{"self":[{"href":"https:\/\/www.europesays.com\/fr\/wp-json\/wp\/v2\/posts\/471093","targetHints":{"allow":["GET"]}}],"collection":[{"href":"https:\/\/www.europesays.com\/fr\/wp-json\/wp\/v2\/posts"}],"about":[{"href":"https:\/\/www.europesays.com\/fr\/wp-json\/wp\/v2\/types\/post"}],"author":[{"embeddable":true,"href":"https:\/\/www.europesays.com\/fr\/wp-json\/wp\/v2\/users\/2"}],"replies":[{"embeddable":true,"href":"https:\/\/www.europesays.com\/fr\/wp-json\/wp\/v2\/comments?post=471093"}],"version-history":[{"count":0,"href":"https:\/\/www.europesays.com\/fr\/wp-json\/wp\/v2\/posts\/471093\/revisions"}],"wp:featuredmedia":[{"embeddable":true,"href":"https:\/\/www.europesays.com\/fr\/wp-json\/wp\/v2\/media\/471094"}],"wp:attachment":[{"href":"https:\/\/www.europesays.com\/fr\/wp-json\/wp\/v2\/media?parent=471093"}],"wp:term":[{"taxonomy":"category","embeddable":true,"href":"https:\/\/www.europesays.com\/fr\/wp-json\/wp\/v2\/categories?post=471093"},{"taxonomy":"post_tag","embeddable":true,"href":"https:\/\/www.europesays.com\/fr\/wp-json\/wp\/v2\/tags?post=471093"}],"curies":[{"name":"wp","href":"https:\/\/api.w.org\/{rel}","templated":true}]}}