{"id":471101,"date":"2025-10-17T23:27:12","date_gmt":"2025-10-17T23:27:12","guid":{"rendered":"https:\/\/www.europesays.com\/fr\/471101\/"},"modified":"2025-10-17T23:27:12","modified_gmt":"2025-10-17T23:27:12","slug":"vienne-cree-la-surprise-avec-son-nouveau-court-un-decor-jamais-vu-sur-le-circuit-atp","status":"publish","type":"post","link":"https:\/\/www.europesays.com\/fr\/471101\/","title":{"rendered":"Vienne cr\u00e9e la surprise avec son nouveau court\u2026 un d\u00e9cor jamais vu sur le circuit ATP !"},"content":{"rendered":"<p>                <img decoding=\"async\" src=\"https:\/\/www.europesays.com\/fr\/wp-content\/uploads\/2025\/10\/tOit.jpg\" fetchpriority=\"high\" alt=\"Vienne cr\u00e9e la surprise avec son nouveau court\u2026 un d\u00e9cor jamais vu sur le circuit ATP !\"\/><\/p>\n<p><strong>\u00c0 la veille du coup d\u2019envoi des qualifications, l\u2019ATP 500 de Vienne a d\u00e9voil\u00e9 son tout nouveau court annexe.<\/strong><\/p>\n<p>Lors des \u00e9ditions pr\u00e9c\u00e9dentes, les joueurs se retrouvaient \u00e0 jouer sous une tente, comme pr\u00e9cis\u00e9 par le compte \u2019Oleg.S\u2019 sur la plateforme X (ex-Twitter).<\/p>\n<p>Pour cette saison, c\u2019est au c\u0153ur de la Marx Halle, un espace utilis\u00e9 pour des \u00e9v\u00e8nements, que les joueurs seront aux prises sur le deuxi\u00e8me court du tournoi. Un changement effectu\u00e9 pour r\u00e9pondre \u00e0 la demande croissante de fans souhaitant assister \u00e0 l\u2019\u00e9preuve.<\/p>\n<p><strong>D\u2019ici 2030, les organisateurs pr\u00e9voient de d\u00e9m\u00e9nager le tournoi dans une nouvelle enceinte omnisports.<\/strong><\/p>\n<p>Cette ann\u00e9e, Vienne accueillera Jannik Sinner, Alexander Zverev, Alex de Minaur, Lorenzo Musetti, Daniil Medvedev ou encore Andrey Rublev.<\/p>\n","protected":false},"excerpt":{"rendered":"\u00c0 la veille du coup d\u2019envoi des qualifications, l\u2019ATP 500 de Vienne a d\u00e9voil\u00e9 son tout nouveau court&hellip;\n","protected":false},"author":2,"featured_media":471102,"comment_status":"","ping_status":"","sticky":false,"template":"","format":"standard","meta":{"footnotes":""},"categories":[1415],"tags":[1011,27,60,1467],"class_list":{"0":"post-471101","1":"post","2":"type-post","3":"status-publish","4":"format-standard","5":"has-post-thumbnail","7":"category-tennis","8":"tag-fr","9":"tag-france","10":"tag-sports","11":"tag-tennis"},"share_on_mastodon":{"url":"https:\/\/pubeurope.com\/@fr\/115392102370515854","error":""},"_links":{"self":[{"href":"https:\/\/www.europesays.com\/fr\/wp-json\/wp\/v2\/posts\/471101","targetHints":{"allow":["GET"]}}],"collection":[{"href":"https:\/\/www.europesays.com\/fr\/wp-json\/wp\/v2\/posts"}],"about":[{"href":"https:\/\/www.europesays.com\/fr\/wp-json\/wp\/v2\/types\/post"}],"author":[{"embeddable":true,"href":"https:\/\/www.europesays.com\/fr\/wp-json\/wp\/v2\/users\/2"}],"replies":[{"embeddable":true,"href":"https:\/\/www.europesays.com\/fr\/wp-json\/wp\/v2\/comments?post=471101"}],"version-history":[{"count":0,"href":"https:\/\/www.europesays.com\/fr\/wp-json\/wp\/v2\/posts\/471101\/revisions"}],"wp:featuredmedia":[{"embeddable":true,"href":"https:\/\/www.europesays.com\/fr\/wp-json\/wp\/v2\/media\/471102"}],"wp:attachment":[{"href":"https:\/\/www.europesays.com\/fr\/wp-json\/wp\/v2\/media?parent=471101"}],"wp:term":[{"taxonomy":"category","embeddable":true,"href":"https:\/\/www.europesays.com\/fr\/wp-json\/wp\/v2\/categories?post=471101"},{"taxonomy":"post_tag","embeddable":true,"href":"https:\/\/www.europesays.com\/fr\/wp-json\/wp\/v2\/tags?post=471101"}],"curies":[{"name":"wp","href":"https:\/\/api.w.org\/{rel}","templated":true}]}}