{"id":471103,"date":"2025-10-17T23:29:10","date_gmt":"2025-10-17T23:29:10","guid":{"rendered":"https:\/\/www.europesays.com\/fr\/471103\/"},"modified":"2025-10-17T23:29:10","modified_gmt":"2025-10-17T23:29:10","slug":"nadia-padovani-la-proprietaire-de-gresini-en-difficulte-avec-alex-marquez","status":"publish","type":"post","link":"https:\/\/www.europesays.com\/fr\/471103\/","title":{"rendered":"Nadia Padovani, la propri\u00e9taire de Gresini, en difficult\u00e9 avec \u00c1lex M\u00e1rquez"},"content":{"rendered":"<p><strong>Au sein de l\u2019\u00e9quipe Gresini Racing, la situation d\u2019\u00c1lex M\u00e1rquez soul\u00e8ve des enjeux majeurs<\/strong>. Bien qu\u2019ils se concentrent sur la fin de saison et visent quelques victoires lors des quatre derniers Grands Prix, l\u2019\u00e9quipe ne peut ignorer la requ\u00eate de son pilote vedette. Celui-ci a exprim\u00e9 le souhait de voir ses performances recompens\u00e9es par une augmentation de son salaire, en reconnaissance de son incroyable saison.<\/p>\n<p>\u00c1lex M\u00e1rquez<\/p>\n<p>Malgr\u00e9 l\u2019ombre de son fr\u00e8re a\u00een\u00e9, Marc M\u00e1rquez, on ne peut minimiser le parcours d\u2019\u00c1lex cette ann\u00e9e. Il a \u00e9t\u00e9 l\u2019un des grands r\u00e9v\u00e9lateurs de la saison, aux c\u00f4t\u00e9s de Marco Bezzecchi, et peu s\u2019attendaient \u00e0 ce qu\u2019il devienne un concurrent s\u00e9rieux pour le championnat de MotoGP. Ses saisons pr\u00e9c\u00e9dentes avaient en effet \u00e9t\u00e9 marqu\u00e9es par une irr\u00e9gularit\u00e9 d\u00e9courageante.<\/p>\n<p>D\u00e8s le d\u00e9but de l\u2019ann\u00e9e, il avait annonc\u00e9 qu\u2019il pourrait remettre en question les autres pilotes. Son travail discret a port\u00e9 ses fruits, avec notamment deux victoires lors des courses dominicales et une autre dans la Tissot Sprint du samedi. Sans compter les nombreuses fois o\u00f9 il a atteint le podium, s\u2019approchant progressivement de la certification de son rang de vice-champion.<\/p>\n<p>Il faudrait un retournement de situation assez dramatique pour que \u00c1lex ne valide pas sa seconde place au classement g\u00e9n\u00e9ral lors des prochains Grands Prix, et ses critiques ont \u00e9t\u00e9 remplac\u00e9es par des \u00e9loges. Ducati a d\u2019ores et d\u00e9j\u00e0 annonc\u00e9 qu\u2019il serait r\u00e9compens\u00e9, puisque d\u00e8s 2026, il disposera d\u2019une moto officielle, la Desmosedici GP 26, identique \u00e0 celles de Francesco Bagnaia et Fabio Di Giannantonio, mais aussi de son fr\u00e8re.<\/p>\n<p>Ferm\u00edn Aldeguer<\/p>\n<p>Initialement, il \u00e9tait convenu que la moto officielle serait attribu\u00e9e \u00e0 Ferm\u00edn Aldeguer, son co\u00e9quipier chez Gresini. Cependant, Davide Tardozzi et Gigi Dall\u2019Igna ont pr\u00e9f\u00e9r\u00e9 opter pour le plus jeune des M\u00e1rquez. Toutefois, cela ne lui suffit pas.<\/p>\n<p><strong>Les revendications salariales d\u2019\u00c1lex envers Nadia Padovani<\/strong><\/p>\n<p>\u00c1lex d\u00e9sire \u00e9galement tirer profit de son impressionnante performance actuelle et de l\u2019int\u00e9r\u00eat manifest\u00e9 par d\u2019autres constructeurs. Il cherche donc \u00e0 convaincre Nadia Padovani, propri\u00e9taire de l\u2019\u00e9quipe Gresini depuis le d\u00e9c\u00e8s de son \u00e9poux, de lui accorder une augmentation de salaire. Actuellement, <strong>il per\u00e7oit moins d\u2019un million d\u2019euros par an, une somme qui ne refl\u00e8te pas la qualit\u00e9 de ses performances en piste<\/strong> et qui le place parmi les pilotes les moins bien r\u00e9mun\u00e9r\u00e9s de MotoGP.<\/p>\n<p>Points \u00e0 retenir<\/p>\n<ul>\n<li>\u00c1lex M\u00e1rquez a connu une saison remarquable, avec deux victoires et plusieurs podiums.<\/li>\n<li>Il s\u2019appr\u00eate \u00e0 recevoir une moto officielle Ducati en 2026, un signe de reconnaissance de ses performances.<\/li>\n<li>Son statut contractuel actuel ne refl\u00e8te pas son niveau de performance, ce qui l\u2019incite \u00e0 demander une hausse de salaire.<\/li>\n<li>La concurrence au sein de l\u2019\u00e9quipe est palpable, notamment avec le cas de Ferm\u00edn Aldeguer.<\/li>\n<\/ul>\n<p>Il est fascinant de voir comment les dynamiques au sein des \u00e9quipes de MotoGP peuvent \u00e9voluer. Personnellement, je suis persuad\u00e9 que la reconnaissance du m\u00e9rite est essentielle dans tout sport. Les pilotes comme \u00c1lex, qui travaillent dur et montrent un potentiel incroyable, m\u00e9ritent d\u2019\u00eatre valoris\u00e9s \u00e0 leur juste titre, tant sur le plan sportif que financier. Cela soul\u00e8ve la question : comment les \u00e9quipes g\u00e8rent-elles l\u2019\u00e9quilibre entre performance et \u00e9conomie ?<\/p>\n<p class=\"has-white-color has-text-color has-background has-link-color\" style=\"background-color:#b2b2b2;font-size:12px\">Cet article a \u00e9t\u00e9 g\u00e9n\u00e9r\u00e9 gr\u00e2ce \u00e0 l&rsquo;intelligence Artificielle. Chez LesNews, nos r\u00e9dacteurs exploitent l&rsquo;IA pour \u00e9laborer des articles innovants \u00e0 partir de <strong>sources fiables.<\/strong> Si vous rep\u00e9rez une image ou un contenu inappropri\u00e9, merci de nous le signaler via le <a href=\"https:\/\/lesnews.ca\/formulaire-dmca\/\" data-wpel-link=\"internal\" target=\"_blank\" rel=\"noopener\">formulaire DMCA <\/a>\u2013 nous agirons rapidement pour le corriger. \/ This article has been generated using Artificial Intelligence. At LesNews, our editors leverage AI to craft innovative articles <strong>sourced<\/strong> from <strong>reliable references<\/strong>. If you come across any image or content that appears inappropriate, please notify us through the <a href=\"https:\/\/lesnews.ca\/formulaire-dmca\/\" data-wpel-link=\"internal\" target=\"_blank\" rel=\"noopener\">DMCA form<\/a> \u2013 we will promptly take action to address it.<\/p>\n<p>  Navigation de l\u2019article<\/p>\n","protected":false},"excerpt":{"rendered":"Au sein de l\u2019\u00e9quipe Gresini Racing, la situation d\u2019\u00c1lex M\u00e1rquez soul\u00e8ve des enjeux majeurs. Bien qu\u2019ils se concentrent&hellip;\n","protected":false},"author":2,"featured_media":470346,"comment_status":"","ping_status":"","sticky":false,"template":"","format":"standard","meta":{"footnotes":""},"categories":[1413],"tags":[1011,27,1457,1456,60],"class_list":{"0":"post-471103","1":"post","2":"type-post","3":"status-publish","4":"format-standard","5":"has-post-thumbnail","7":"category-moto","8":"tag-fr","9":"tag-france","10":"tag-moto","11":"tag-motocycle","12":"tag-sports"},"share_on_mastodon":{"url":"https:\/\/pubeurope.com\/@fr\/115392109870504722","error":""},"_links":{"self":[{"href":"https:\/\/www.europesays.com\/fr\/wp-json\/wp\/v2\/posts\/471103","targetHints":{"allow":["GET"]}}],"collection":[{"href":"https:\/\/www.europesays.com\/fr\/wp-json\/wp\/v2\/posts"}],"about":[{"href":"https:\/\/www.europesays.com\/fr\/wp-json\/wp\/v2\/types\/post"}],"author":[{"embeddable":true,"href":"https:\/\/www.europesays.com\/fr\/wp-json\/wp\/v2\/users\/2"}],"replies":[{"embeddable":true,"href":"https:\/\/www.europesays.com\/fr\/wp-json\/wp\/v2\/comments?post=471103"}],"version-history":[{"count":0,"href":"https:\/\/www.europesays.com\/fr\/wp-json\/wp\/v2\/posts\/471103\/revisions"}],"wp:featuredmedia":[{"embeddable":true,"href":"https:\/\/www.europesays.com\/fr\/wp-json\/wp\/v2\/media\/470346"}],"wp:attachment":[{"href":"https:\/\/www.europesays.com\/fr\/wp-json\/wp\/v2\/media?parent=471103"}],"wp:term":[{"taxonomy":"category","embeddable":true,"href":"https:\/\/www.europesays.com\/fr\/wp-json\/wp\/v2\/categories?post=471103"},{"taxonomy":"post_tag","embeddable":true,"href":"https:\/\/www.europesays.com\/fr\/wp-json\/wp\/v2\/tags?post=471103"}],"curies":[{"name":"wp","href":"https:\/\/api.w.org\/{rel}","templated":true}]}}