{"id":471114,"date":"2025-10-17T23:35:12","date_gmt":"2025-10-17T23:35:12","guid":{"rendered":"https:\/\/www.europesays.com\/fr\/471114\/"},"modified":"2025-10-17T23:35:12","modified_gmt":"2025-10-17T23:35:12","slug":"toulonjac-une-soixantaine-de-livres-arrivent-a-la-bibliotheque","status":"publish","type":"post","link":"https:\/\/www.europesays.com\/fr\/471114\/","title":{"rendered":"Toulonjac. Une soixantaine de livres arrivent \u00e0 la biblioth\u00e8que"},"content":{"rendered":"<p>Situ\u00e9e \u00e0 deux pas de la mairie, la biblioth\u00e8que du village accueille le public dans un espace convivial d\u00e9di\u00e9 \u00e0 la culture, au loisir et \u00e0 la d\u00e9tente. Elle met \u00e0 disposition pr\u00e8s de 10 000 ouvrages : bandes dessin\u00e9es, mangas, romans, enqu\u00eates polici\u00e8res, documentaires, biographies, contes pour enfants, livres en gros caract\u00e8res, en anglais, avec CD-Rom, sans oublier les ouvrages consacr\u00e9s \u00e0 l\u2019Aveyron et les topoguides. La biblioth\u00e8que de Toulonjac a acquis pr\u00e8s de 60 livres et elle est partenaire de la m\u00e9diath\u00e8que d\u00e9partementale de l\u2019Aveyron (MDA), qui a r\u00e9cemment mis \u00e0 sa disposition 544 ouvrages et documents couvrant toutes les cat\u00e9gories, garantissant ainsi un choix particuli\u00e8rement vari\u00e9. De plus, les abonn\u00e9s peuvent, par l\u2019interm\u00e9diaire de la biblioth\u00e8que locale, r\u00e9server et recevoir gratuitement \u00e0 Toulonjac n\u2019importe quel ouvrage du catalogue d\u00e9partemental. Ce partenariat offre \u00e9galement un acc\u00e8s en ligne gratuit \u00e0 des milliers de films, concerts, magazines et documents num\u00e9riques. Et pour guider dans cette riche collection, Les b\u00e9n\u00e9voles accueillent avec plaisir et sont toujours disponibles pour conseiller. Lieu de rencontre et d\u2019\u00e9change, la biblioth\u00e8que vit aussi gr\u00e2ce \u00e0 l\u2019engagement de ses b\u00e9n\u00e9voles. Les catalogues sont constamment mis \u00e0 jour. Contact : <a href=\"https:\/\/www.centrepresseaveyron.fr\/2025\/10\/17\/mailto:biblitoulonjac@gmail.com\" rel=\"nofollow noopener\" target=\"_blank\">biblitoulonjac@gmail.com<\/a> Site : <a href=\"https:\/\/sites.google.com\/view\/biblitoulonjac\/\" target=\"_blank\" rel=\"nofollow noopener\">sites.google.com\/view\/biblitoulonjac\/<\/a> Horaires d\u2019ouverture : mercredi de 14 heures \u00e0 17 heures et samedi de 10 heures \u00e0 12 heures.<\/p>\n","protected":false},"excerpt":{"rendered":"Situ\u00e9e \u00e0 deux pas de la mairie, la biblioth\u00e8que du village accueille le public dans un espace convivial&hellip;\n","protected":false},"author":2,"featured_media":471115,"comment_status":"","ping_status":"","sticky":false,"template":"","format":"standard","meta":{"footnotes":""},"categories":[1357],"tags":[1379,58,59,1011,27,1380],"class_list":{"0":"post-471114","1":"post","2":"type-post","3":"status-publish","4":"format-standard","5":"has-post-thumbnail","7":"category-livres","8":"tag-books","9":"tag-divertissement","10":"tag-entertainment","11":"tag-fr","12":"tag-france","13":"tag-livres"},"share_on_mastodon":{"url":"https:\/\/pubeurope.com\/@fr\/115392133491113682","error":""},"_links":{"self":[{"href":"https:\/\/www.europesays.com\/fr\/wp-json\/wp\/v2\/posts\/471114","targetHints":{"allow":["GET"]}}],"collection":[{"href":"https:\/\/www.europesays.com\/fr\/wp-json\/wp\/v2\/posts"}],"about":[{"href":"https:\/\/www.europesays.com\/fr\/wp-json\/wp\/v2\/types\/post"}],"author":[{"embeddable":true,"href":"https:\/\/www.europesays.com\/fr\/wp-json\/wp\/v2\/users\/2"}],"replies":[{"embeddable":true,"href":"https:\/\/www.europesays.com\/fr\/wp-json\/wp\/v2\/comments?post=471114"}],"version-history":[{"count":0,"href":"https:\/\/www.europesays.com\/fr\/wp-json\/wp\/v2\/posts\/471114\/revisions"}],"wp:featuredmedia":[{"embeddable":true,"href":"https:\/\/www.europesays.com\/fr\/wp-json\/wp\/v2\/media\/471115"}],"wp:attachment":[{"href":"https:\/\/www.europesays.com\/fr\/wp-json\/wp\/v2\/media?parent=471114"}],"wp:term":[{"taxonomy":"category","embeddable":true,"href":"https:\/\/www.europesays.com\/fr\/wp-json\/wp\/v2\/categories?post=471114"},{"taxonomy":"post_tag","embeddable":true,"href":"https:\/\/www.europesays.com\/fr\/wp-json\/wp\/v2\/tags?post=471114"}],"curies":[{"name":"wp","href":"https:\/\/api.w.org\/{rel}","templated":true}]}}