{"id":471118,"date":"2025-10-17T23:37:16","date_gmt":"2025-10-17T23:37:16","guid":{"rendered":"https:\/\/www.europesays.com\/fr\/471118\/"},"modified":"2025-10-17T23:37:16","modified_gmt":"2025-10-17T23:37:16","slug":"dispatch-revele-que-w-korea-a-exclu-park-bo-young-du-photowall-son-agence-sexprime","status":"publish","type":"post","link":"https:\/\/www.europesays.com\/fr\/471118\/","title":{"rendered":"Dispatch r\u00e9v\u00e8le que W Korea a exclu Park Bo Young du photowall, son agence s&rsquo;exprime"},"content":{"rendered":"<p>La prestigieuse soir\u00e9e \u201cLove Your W\u201d, organis\u00e9e chaque ann\u00e9e par W Korea pour sensibiliser au cancer du sein, est de nouveau sous le feu des critiques. L\u2019\u00e9v\u00e9nement de 2024, cens\u00e9 promouvoir une cause noble, aurait pris un tournant controvers\u00e9 apr\u00e8s qu\u2019une actrice a \u00e9t\u00e9 emp\u00each\u00e9e d\u2019acc\u00e9der au tapis rouge et du mur officiel des photos (photowall) pour une raison jug\u00e9e superficielle.<\/p>\n<p>Selon Dispatch, Park Bo Young aurait \u00e9t\u00e9 priv\u00e9e de s\u00e9ance photo officielle car elle ne portait pas les bas fournis par la marque sponsor de la soir\u00e9e, identifi\u00e9e uniquement sous le nom de \u00ab V \u00bb. L\u2019\u00e9v\u00e9nement imposait en effet aux invit\u00e9s de porter la tenue compl\u00e8te du sponsor, accessoires compris.<\/p>\n<p><img loading=\"lazy\" decoding=\"async\" width=\"720\" height=\"1280\" src=\"https:\/\/www.europesays.com\/fr\/wp-content\/uploads\/2025\/10\/Polemique-Park-Bo-Young-Love-Your-W-1.jpeg\" alt=\"Dispatch r\u00e9v\u00e8le que W Korea a exclu Park Bo Young du photowall, son agence s'exprime\" class=\"wp-image-275130 lazyload\" title=\"Dispatch r\u00e9v\u00e8le que W Korea a exclu Park Bo Young du photowall, son agence s'exprime\"\/><\/p>\n<p>D\u2019apr\u00e8s un rapport compl\u00e9mentaire publi\u00e9 par AtStyle, l\u2019actrice avait bien pr\u00e9vu de respecter le dress code impos\u00e9, mais la paire de bas fournie ne correspondait pas \u00e0 sa taille. Elle aurait alors d\u00e9cid\u00e9 d\u2019assister \u00e0 la soir\u00e9e jambes nues. Cependant, \u00e0 son arriv\u00e9e, le personnel de W Korea lui aurait pr\u00e9cis\u00e9 que \u00ab les photos en pied n\u2019\u00e9taient pas autoris\u00e9es sans les bas du sponsor \u00bb, l\u2019emp\u00eachant ainsi de poser sur le photowall officiel.<\/p>\n<p>En cons\u00e9quence, seules des photos recadr\u00e9es du haut du corps de Park Bo Young ont \u00e9t\u00e9 publi\u00e9es sur les comptes officiels du magazine, sans mise en avant individuelle. Ce n\u2019est que gr\u00e2ce \u00e0 une photo publi\u00e9e par Park Hyung Sik, \u00e9galement pr\u00e9sent \u00e0 la soir\u00e9e, que le public a pu d\u00e9couvrir la tenue compl\u00e8te de l\u2019actrice.<\/p>\n<p>Face \u00e0 la controverse, BH Entertainment, l\u2019agence de Park Bo Young, a tenu \u00e0 r\u00e9agir avec prudence :<br \/>\u00ab Cet incident remonte \u00e0 l\u2019ann\u00e9e derni\u00e8re, et nous pensons qu\u2019il risque d\u2019occulter les v\u00e9ritables probl\u00e8mes entourant l\u2019\u00e9v\u00e9nement actuel de W Korea. Plut\u00f4t que de confirmer ou de d\u00e9mentir, il serait pr\u00e9f\u00e9rable que W Korea s\u2019exprime officiellement en premier. \u00bb<\/p>\n<p><img loading=\"lazy\" decoding=\"async\" width=\"1280\" height=\"2229\" src=\"https:\/\/www.europesays.com\/fr\/wp-content\/uploads\/2025\/10\/Polemique-Park-Bo-Young-Love-Your-W-2.jpg\" alt=\"Dispatch r\u00e9v\u00e8le que W Korea a exclu Park Bo Young du photowall, son agence s'exprime\" class=\"wp-image-275131 lazyload\" title=\"Dispatch r\u00e9v\u00e8le que W Korea a exclu Park Bo Young du photowall, son agence s'exprime\"  \/><\/p>\n<p>L\u2019affaire a refait surface \u00e0 l\u2019occasion de l\u2019\u00e9dition 2025 du \u201cLove Your W\u201d, tenue le 15 octobre dernier, qui fait elle aussi l\u2019objet d\u2019une vague de critiques. Des vid\u00e9os diffus\u00e9es sur les r\u00e9seaux sociaux montrent des c\u00e9l\u00e9brit\u00e9s buvant du champagne et faisant la f\u00eate, tandis que Jay Park y a interpr\u00e9t\u00e9 son titre \u201cMOMMAE\u201d, connu pour ses paroles suggestives.<\/p>\n<p>Ces images ont provoqu\u00e9 un v\u00e9ritable toll\u00e9 en ligne. De nombreux internautes ont accus\u00e9 W Korea d\u2019avoir d\u00e9tourn\u00e9 le sens premier de l\u2019\u00e9v\u00e9nement, cens\u00e9 \u00eatre une campagne de sensibilisation au cancer du sein, pour en faire un simple d\u00e9fil\u00e9 mondain centr\u00e9 sur les marques et les c\u00e9l\u00e9brit\u00e9s.<\/p>\n<p>Pour l\u2019heure, W Korea n\u2019a publi\u00e9 aucun communiqu\u00e9 officiel pour r\u00e9pondre \u00e0 la pol\u00e9mique.<\/p>\n","protected":false},"excerpt":{"rendered":"La prestigieuse soir\u00e9e \u201cLove Your W\u201d, organis\u00e9e chaque ann\u00e9e par W Korea pour sensibiliser au cancer du sein,&hellip;\n","protected":false},"author":2,"featured_media":471119,"comment_status":"","ping_status":"","sticky":false,"template":"","format":"standard","meta":{"footnotes":""},"categories":[1355],"tags":[58,59,1011,27,1361,873],"class_list":{"0":"post-471118","1":"post","2":"type-post","3":"status-publish","4":"format-standard","5":"has-post-thumbnail","7":"category-musique","8":"tag-divertissement","9":"tag-entertainment","10":"tag-fr","11":"tag-france","12":"tag-music","13":"tag-musique"},"share_on_mastodon":{"url":"https:\/\/pubeurope.com\/@fr\/115392141520888161","error":""},"_links":{"self":[{"href":"https:\/\/www.europesays.com\/fr\/wp-json\/wp\/v2\/posts\/471118","targetHints":{"allow":["GET"]}}],"collection":[{"href":"https:\/\/www.europesays.com\/fr\/wp-json\/wp\/v2\/posts"}],"about":[{"href":"https:\/\/www.europesays.com\/fr\/wp-json\/wp\/v2\/types\/post"}],"author":[{"embeddable":true,"href":"https:\/\/www.europesays.com\/fr\/wp-json\/wp\/v2\/users\/2"}],"replies":[{"embeddable":true,"href":"https:\/\/www.europesays.com\/fr\/wp-json\/wp\/v2\/comments?post=471118"}],"version-history":[{"count":0,"href":"https:\/\/www.europesays.com\/fr\/wp-json\/wp\/v2\/posts\/471118\/revisions"}],"wp:featuredmedia":[{"embeddable":true,"href":"https:\/\/www.europesays.com\/fr\/wp-json\/wp\/v2\/media\/471119"}],"wp:attachment":[{"href":"https:\/\/www.europesays.com\/fr\/wp-json\/wp\/v2\/media?parent=471118"}],"wp:term":[{"taxonomy":"category","embeddable":true,"href":"https:\/\/www.europesays.com\/fr\/wp-json\/wp\/v2\/categories?post=471118"},{"taxonomy":"post_tag","embeddable":true,"href":"https:\/\/www.europesays.com\/fr\/wp-json\/wp\/v2\/tags?post=471118"}],"curies":[{"name":"wp","href":"https:\/\/api.w.org\/{rel}","templated":true}]}}