{"id":471130,"date":"2025-10-17T23:43:11","date_gmt":"2025-10-17T23:43:11","guid":{"rendered":"https:\/\/www.europesays.com\/fr\/471130\/"},"modified":"2025-10-17T23:43:11","modified_gmt":"2025-10-17T23:43:11","slug":"sp-abaisse-la-note-de-la-france-a-a-incertitude-elevee-sur-les-finances-publiques","status":"publish","type":"post","link":"https:\/\/www.europesays.com\/fr\/471130\/","title":{"rendered":"S&#038;P abaisse la note de la France \u00e0 A+, incertitude \u00ab\u00e9lev\u00e9e\u00bb sur les finances publiques"},"content":{"rendered":"<p>\n    L\u2019agence de notation maintient toutefois une perspective stable, mais estime que le rythme de consolidation pourrait \u00eatre plus lent que pr\u00e9vu, sans mesures prises pour r\u00e9duire le d\u00e9ficit.<\/p>\n<p class=\"fig-paragraph\">L\u2019agence de notation S&amp;P Global Ratings a annonc\u00e9 vendredi soir abaisser d\u2019un cran la note de la France de AA- \u00e0 A+, estimant que \u00abmalgr\u00e9 la pr\u00e9sentation cette semaine du projet de budget 2026, l\u2019incertitude sur les finances publiques fran\u00e7aises demeure \u00e9lev\u00e9e\u00bb.<\/p>\n<p class=\"fig-paragraph\">R\u00e9agissant \u00e0 cette deuxi\u00e8me d\u00e9gradation par S&amp;P (anciennement\u00a0<a href=\"http:\/\/www.lefigaro.fr\/vox\/economie\/l-editorial-de-jacques-olivier-martin-dette-deficit-la-vraie-menace-n-est-pas-standard-poor-s-mais-l-inaction-20250227\" target=\"_blank\" data-fig-type=\"Article\" rel=\"noopener nofollow\" data-gtm-custom-categorie=\"navigation\" data-gtm-custom-action=\"crossclick\" data-gtm-custom-label=\"Contextuel\" data-gtm-event=\"customEventSPE\" data-fig-domain=\"LEFIGARO\">Standard &amp; Poors<\/a>) en un an et demi, le ministre de l\u2019\u00c9conomie\u00a0<a href=\"http:\/\/www.lefigaro.fr\/conjoncture\/roland-lescure-ministre-demissionnaire-depeche-a-luxembourg-pour-rassurer-les-europeens-20251009\" target=\"_blank\" data-fig-type=\"Article\" rel=\"noopener nofollow\" data-gtm-custom-categorie=\"navigation\" data-gtm-custom-action=\"crossclick\" data-gtm-custom-label=\"Contextuel\" data-gtm-event=\"customEventSPE\" data-fig-domain=\"LEFIGARO\">Roland Lescure<\/a>\u00a0a dit \u00ab(prendre) acte\u00bb de cette d\u00e9cision. \u00abLe gouvernement confirme sa d\u00e9termination \u00e0 tenir l\u2019objectif de d\u00e9ficit de 5,4% du PIB pour 2025\u00bb, a ajout\u00e9 son minist\u00e8re dans une d\u00e9claration transmise \u00e0 l\u2019AFP.<\/p>\n<p>                                    <a class=\"fig-a11y-skip a11y-hidden\" href=\"#fig-a11y-skip-main-inarticle\"><br \/>\n        Passer la publicit\u00e9<br \/>\n    <\/a><\/p>\n<p class=\"fig-paragraph\">Selon S&amp;P, si cet \u00abobjectif de d\u00e9ficit public de 5,4% du PIB en 2025 sera atteint\u00bb, \u00aben l\u2019absence de mesures suppl\u00e9mentaires significatives de r\u00e9duction du d\u00e9ficit budg\u00e9taire, l\u2019assainissement budg\u00e9taire sur (son) horizon de pr\u00e9vision sera plus lent que pr\u00e9vu\u00bb. L\u2019agence pr\u00e9voit que \u00abla dette publique brute atteindra 121% du PIB en 2028, contre 112% du PIB \u00e0 la fin de l\u2019ann\u00e9e derni\u00e8re\u00bb, a-t-elle poursuivi dans un communiqu\u00e9. \u00abEn cons\u00e9quence, nous avons abaiss\u00e9 nos notes souveraines non sollicit\u00e9es de la France de AA-\/A-1+ \u00e0 A+\/A-1\u00bb, \u00e9crit-elle. Les perspectives sont stables.<\/p>\n<p>Objectif\u00a0: un \u00abd\u00e9ficit public sous 3% du PIB en 2029\u00bb<\/p>\n<p class=\"fig-paragraph\">\u00abPour 2026, le gouvernement a d\u00e9pos\u00e9 ce mardi 14 octobre un projet de budget qui vise \u00e0 acc\u00e9l\u00e9rer la r\u00e9duction du d\u00e9ficit public \u00e0 4,7% du PIB tout en pr\u00e9servant la croissance\u00bb, a r\u00e9pondu le minist\u00e8re de l\u2019\u00c9conomie. \u00abIl s\u2019agit d\u2019une \u00e9tape clef qui nous permettra de respecter l\u2019engagement de la France \u00e0 ramener le d\u00e9ficit public sous 3% du PIB en 2029\u00bb, a ajout\u00e9 Bercy. \u00abIl est d\u00e9sormais de la responsabilit\u00e9 collective du gouvernement et du Parlement de parvenir \u00e0 l\u2019adoption d\u2019un budget qui s\u2019inscrit dans ce cadre, avant la fin de l\u2019ann\u00e9e 2025\u00bb, selon la m\u00eame source.<\/p>\n<p class=\"fig-paragraph\">Cette nouvelle d\u00e9gradation de la note de la France intervient alors que la d\u00e9cision de l\u2019agence Moody\u2019s est attendue le 24 octobre. Elle a lieu un mois apr\u00e8s que l\u2019agence de notation Fitch a abaiss\u00e9 la note souveraine de la France, \u00e0 A+, sanctionnant le pays pour son instabilit\u00e9 politique persistante et les incertitudes budg\u00e9taires.<\/p>\n<p class=\"fig-paragraph\">Les agences comme Fitch, Moody\u2019s et S&amp;P Global Ratings classent la qualit\u00e9 de cr\u00e9dit des \u00c9tats &#8211; soit leur capacit\u00e9 \u00e0 rembourser leur dette -, de AAA (la meilleure note) \u00e0 D (d\u00e9faut de paiement). Les d\u00e9gradations de note par les agences sont redout\u00e9es par les pays car elles peuvent se traduire par un alourdissement de leurs int\u00e9r\u00eats. Ceux pay\u00e9s par la France pour rembourser sa dette sont estim\u00e9s \u00e0 environ 55 milliards d\u2019euros en 2025, alors que depuis la dissolution de l\u2019Assembl\u00e9e nationale en juin 2024, la dette fran\u00e7aise se n\u00e9gocie d\u00e9j\u00e0 \u00e0 un taux bien plus co\u00fbteux que la dette allemande. En tombant en A+ chez S&amp;P, la France se retrouve au niveau de l\u2019Espagne, du Japon, du Portugal et de la Chine.<\/p>\n","protected":false},"excerpt":{"rendered":"L\u2019agence de notation maintient toutefois une perspective stable, mais estime que le rythme de consolidation pourrait \u00eatre plus&hellip;\n","protected":false},"author":2,"featured_media":471131,"comment_status":"","ping_status":"","sticky":false,"template":"","format":"standard","meta":{"footnotes":""},"categories":[6],"tags":[35,6327,33,34,1011,27],"class_list":{"0":"post-471130","1":"post","2":"type-post","3":"status-publish","4":"format-standard","5":"has-post-thumbnail","7":"category-economie","8":"tag-business","9":"tag-dette","10":"tag-economie","11":"tag-economy","12":"tag-fr","13":"tag-france"},"share_on_mastodon":{"url":"https:\/\/pubeurope.com\/@fr\/115392164984787959","error":""},"_links":{"self":[{"href":"https:\/\/www.europesays.com\/fr\/wp-json\/wp\/v2\/posts\/471130","targetHints":{"allow":["GET"]}}],"collection":[{"href":"https:\/\/www.europesays.com\/fr\/wp-json\/wp\/v2\/posts"}],"about":[{"href":"https:\/\/www.europesays.com\/fr\/wp-json\/wp\/v2\/types\/post"}],"author":[{"embeddable":true,"href":"https:\/\/www.europesays.com\/fr\/wp-json\/wp\/v2\/users\/2"}],"replies":[{"embeddable":true,"href":"https:\/\/www.europesays.com\/fr\/wp-json\/wp\/v2\/comments?post=471130"}],"version-history":[{"count":0,"href":"https:\/\/www.europesays.com\/fr\/wp-json\/wp\/v2\/posts\/471130\/revisions"}],"wp:featuredmedia":[{"embeddable":true,"href":"https:\/\/www.europesays.com\/fr\/wp-json\/wp\/v2\/media\/471131"}],"wp:attachment":[{"href":"https:\/\/www.europesays.com\/fr\/wp-json\/wp\/v2\/media?parent=471130"}],"wp:term":[{"taxonomy":"category","embeddable":true,"href":"https:\/\/www.europesays.com\/fr\/wp-json\/wp\/v2\/categories?post=471130"},{"taxonomy":"post_tag","embeddable":true,"href":"https:\/\/www.europesays.com\/fr\/wp-json\/wp\/v2\/tags?post=471130"}],"curies":[{"name":"wp","href":"https:\/\/api.w.org\/{rel}","templated":true}]}}