{"id":471137,"date":"2025-10-17T23:47:11","date_gmt":"2025-10-17T23:47:11","guid":{"rendered":"https:\/\/www.europesays.com\/fr\/471137\/"},"modified":"2025-10-17T23:47:11","modified_gmt":"2025-10-17T23:47:11","slug":"aspirateurs-poeles-casseroles-une-grande-braderie-organisee-a-saint-etienne","status":"publish","type":"post","link":"https:\/\/www.europesays.com\/fr\/471137\/","title":{"rendered":"Aspirateurs, po\u00eales, casseroles : une grande braderie organis\u00e9e \u00e0 Saint-\u00c9tienne\u00a0"},"content":{"rendered":"<p>\u00c0 partir de ce vendredi 17 et jusqu&rsquo;au dimanche 19 octobre, le groupe SEB organise une grande braderie au Parc des Expositions \u00e0 Saint-\u00c9tienne. L&rsquo;occasion d&rsquo;aller d\u00e9nicher du petit \u00e9lectrom\u00e9nager pour la maison et la cuisine \u00e0 prix cass\u00e9s.<\/p>\n<p>C&rsquo;est le moment de faire de bonnes affaires \u00e0 <b>Saint-\u00c9tienne<\/b>. Entre ce vendredi 17 et le dimanche 19 octobre, le Parc des Expositions accueille <b>la grande braderie du groupe SEB<\/b>.<\/p>\n<p>Des centaines d&rsquo;articles culinaires et de petit \u00e9lectrom\u00e9nager des plus grandes marques du groupe SEB : Moulinex, Tefal, Krups, Rowenta, Calor, Lagostina, WMF, Krampouz\u2026<\/p>\n<p>Avec des produits embl\u00e9matiques \u00e0 prix brad\u00e9s <b>jusqu&rsquo;\u00e0 -50 %<\/b>, tel que des machines \u00e0 caf\u00e9 broyeur \u00e0 grains, des aspirateurs balais, des po\u00eales et des casseroles et plein d&rsquo;autres encore.<\/p>\n<p>Dates et horaires : vendredi 17 et samedi 18 octobre, de 10h \u00e0 19h, et dimanche 19 octobre, de 10h \u00e0 17h. Entr\u00e9e gratuite.<img loading=\"lazy\" decoding=\"async\" src=\"https:\/\/www.europesays.com\/fr\/wp-content\/uploads\/2025\/10\/1760744831_203_img\" width=\"350\" height=\"200\" border=\"0\" title=\"Les salari\u00c3\u00a9s de Roche M\u00c3\u00a9ca Tech ont d\u00c3\u00a9bray\u00c3\u00a9, jeudi 16 octobre, \u00c3\u00a0 Roche-la-Moli\u00c3\u00a8re\"\/><\/p>\n<p>\u25baSoci\u00e9t\u00e9<\/p>\n<p style=\"font-size: 22px;\"><b>Des salari\u00e9s non pay\u00e9s, un site menac\u00e9 : quel avenir pour Roche M\u00e9ca Tech ?<\/b><\/p>\n<p>Priv\u00e9s de salaire depuis plus d&rsquo;un mois, les employ\u00e9s&#8230;<\/p>\n<p><\/p>\n","protected":false},"excerpt":{"rendered":"\u00c0 partir de ce vendredi 17 et jusqu&rsquo;au dimanche 19 octobre, le groupe SEB organise une grande braderie&hellip;\n","protected":false},"author":2,"featured_media":471138,"comment_status":"","ping_status":"","sticky":false,"template":"","format":"standard","meta":{"footnotes":""},"categories":[9653],"tags":[1111,11,2430,1777,674,1011,27,30193,59483,12,7054,59484,25,9920,4001],"class_list":{"0":"post-471137","1":"post","2":"type-post","3":"status-publish","4":"format-standard","5":"has-post-thumbnail","7":"category-saint-etienne","8":"tag-actu","9":"tag-actualites","10":"tag-auvergne-rhone-alpes","11":"tag-eu","12":"tag-europe","13":"tag-fr","14":"tag-france","15":"tag-grande-braderie","16":"tag-groupe-seb","17":"tag-news","18":"tag-parc-des-expositions","19":"tag-petit-lectromnager","20":"tag-republique-francaise","21":"tag-saint-tienne","22":"tag-saint-etienne"},"share_on_mastodon":{"url":"https:\/\/pubeurope.com\/@fr\/115392181125790218","error":""},"_links":{"self":[{"href":"https:\/\/www.europesays.com\/fr\/wp-json\/wp\/v2\/posts\/471137","targetHints":{"allow":["GET"]}}],"collection":[{"href":"https:\/\/www.europesays.com\/fr\/wp-json\/wp\/v2\/posts"}],"about":[{"href":"https:\/\/www.europesays.com\/fr\/wp-json\/wp\/v2\/types\/post"}],"author":[{"embeddable":true,"href":"https:\/\/www.europesays.com\/fr\/wp-json\/wp\/v2\/users\/2"}],"replies":[{"embeddable":true,"href":"https:\/\/www.europesays.com\/fr\/wp-json\/wp\/v2\/comments?post=471137"}],"version-history":[{"count":0,"href":"https:\/\/www.europesays.com\/fr\/wp-json\/wp\/v2\/posts\/471137\/revisions"}],"wp:featuredmedia":[{"embeddable":true,"href":"https:\/\/www.europesays.com\/fr\/wp-json\/wp\/v2\/media\/471138"}],"wp:attachment":[{"href":"https:\/\/www.europesays.com\/fr\/wp-json\/wp\/v2\/media?parent=471137"}],"wp:term":[{"taxonomy":"category","embeddable":true,"href":"https:\/\/www.europesays.com\/fr\/wp-json\/wp\/v2\/categories?post=471137"},{"taxonomy":"post_tag","embeddable":true,"href":"https:\/\/www.europesays.com\/fr\/wp-json\/wp\/v2\/tags?post=471137"}],"curies":[{"name":"wp","href":"https:\/\/api.w.org\/{rel}","templated":true}]}}