{"id":471139,"date":"2025-10-17T23:48:19","date_gmt":"2025-10-17T23:48:19","guid":{"rendered":"https:\/\/www.europesays.com\/fr\/471139\/"},"modified":"2025-10-17T23:48:19","modified_gmt":"2025-10-17T23:48:19","slug":"un-devoir-de-confirmation-pour-le-gfca-face-a-saint-etienne","status":"publish","type":"post","link":"https:\/\/www.europesays.com\/fr\/471139\/","title":{"rendered":"un devoir de confirmation pour le GFCA\u00a0 face \u00e0 Saint-Etienne"},"content":{"rendered":"<p>La confiance revient au fur et \u00e0 mesure.\u00a0\u00bb Au d\u00e9tour de la conversation, la remarque de l&rsquo;entra\u00eeneur Christophe Spincer n&rsquo;\u00e9tait certainement pas anodine cette semaine. Le beau succ\u00e8s sign\u00e9 par son collectif il y a deux semaines face \u00e0 Rodez lui a redonn\u00e9 le sourire, mais \u00e9galement permis de rassurer l&rsquo;entourage d&rsquo;un club o\u00f9, sans s&rsquo;affoler, on esp\u00e9rait \u00e0 l&rsquo;image de la saison pr\u00e9c\u00e9dente, r\u00e9ussir \u00e0 faire tourner la roue dans le bon sens, lors de la quatri\u00e8me journ\u00e9e. Avec de l&rsquo;intensit\u00e9, de la conviction et une vraie force collective, le groupe a par cons\u00e9quent atteint le premier objectif qui consistait \u00e0 se lib\u00e9rer et d\u00e9montrer que le potentiel qu&rsquo;on lui pr\u00eatait, \u00e9tait en mesure de s&rsquo;exprimer.<\/p>\n<p>L&#8217;embarras du choix<\/p>\n<p>\u00a0\u00bb C&rsquo;\u00e9tait une premi\u00e8re \u00e9tape. Ils n&rsquo;ont pas rel\u00e2ch\u00e9 les efforts et ont \u00e9t\u00e9 logiquement r\u00e9compens\u00e9s. Maintenant, il va s&rsquo;agir de confirmer et le fait de recevoir \u00e0 nouveau, nous place encore plus devant cette responsabilit\u00e9. Cela dit, se d\u00e9faire de Saint-Etienne une \u00e9quipe accrocheuse qui vient de dominer la r\u00e9serve de Saint-Rapha\u00ebl (37-30) apr\u00e8s avoir c\u00e9d\u00e9 de peu face \u00e0 celle de N\u00eemes (33-31) ne sera pas chose ais\u00e9e. Ce n&rsquo;est qu&rsquo;en mettant les m\u00eames ingr\u00e9dients que face \u00e0 Rod&#8230;<\/p>\n","protected":false},"excerpt":{"rendered":"La confiance revient au fur et \u00e0 mesure.\u00a0\u00bb Au d\u00e9tour de la conversation, la remarque de l&rsquo;entra\u00eeneur Christophe&hellip;\n","protected":false},"author":2,"featured_media":471140,"comment_status":"","ping_status":"","sticky":false,"template":"","format":"standard","meta":{"footnotes":""},"categories":[9653],"tags":[17,1111,11,2430,57857,24238,1777,674,2823,1011,27,6392,1792,12,471,25,4001,60],"class_list":{"0":"post-471139","1":"post","2":"type-post","3":"status-publish","4":"format-standard","5":"has-post-thumbnail","7":"category-saint-etienne","8":"tag-17","9":"tag-actu","10":"tag-actualites","11":"tag-auvergne-rhone-alpes","12":"tag-confirmation","13":"tag-devoir","14":"tag-eu","15":"tag-europe","16":"tag-face","17":"tag-fr","18":"tag-france","19":"tag-gfca","20":"tag-handball","21":"tag-news","22":"tag-pour","23":"tag-republique-francaise","24":"tag-saint-etienne","25":"tag-sports"},"share_on_mastodon":{"url":"https:\/\/pubeurope.com\/@fr\/115392184552702128","error":""},"_links":{"self":[{"href":"https:\/\/www.europesays.com\/fr\/wp-json\/wp\/v2\/posts\/471139","targetHints":{"allow":["GET"]}}],"collection":[{"href":"https:\/\/www.europesays.com\/fr\/wp-json\/wp\/v2\/posts"}],"about":[{"href":"https:\/\/www.europesays.com\/fr\/wp-json\/wp\/v2\/types\/post"}],"author":[{"embeddable":true,"href":"https:\/\/www.europesays.com\/fr\/wp-json\/wp\/v2\/users\/2"}],"replies":[{"embeddable":true,"href":"https:\/\/www.europesays.com\/fr\/wp-json\/wp\/v2\/comments?post=471139"}],"version-history":[{"count":0,"href":"https:\/\/www.europesays.com\/fr\/wp-json\/wp\/v2\/posts\/471139\/revisions"}],"wp:featuredmedia":[{"embeddable":true,"href":"https:\/\/www.europesays.com\/fr\/wp-json\/wp\/v2\/media\/471140"}],"wp:attachment":[{"href":"https:\/\/www.europesays.com\/fr\/wp-json\/wp\/v2\/media?parent=471139"}],"wp:term":[{"taxonomy":"category","embeddable":true,"href":"https:\/\/www.europesays.com\/fr\/wp-json\/wp\/v2\/categories?post=471139"},{"taxonomy":"post_tag","embeddable":true,"href":"https:\/\/www.europesays.com\/fr\/wp-json\/wp\/v2\/tags?post=471139"}],"curies":[{"name":"wp","href":"https:\/\/api.w.org\/{rel}","templated":true}]}}