{"id":471141,"date":"2025-10-17T23:49:15","date_gmt":"2025-10-17T23:49:15","guid":{"rendered":"https:\/\/www.europesays.com\/fr\/471141\/"},"modified":"2025-10-17T23:49:15","modified_gmt":"2025-10-17T23:49:15","slug":"voici-le-nom-de-lenseigne-qui-va-sy-installer","status":"publish","type":"post","link":"https:\/\/www.europesays.com\/fr\/471141\/","title":{"rendered":"voici le nom de l&rsquo;enseigne qui va s&rsquo;y installer"},"content":{"rendered":"<p>            Par<br \/>\n        <strong><br \/>\n            <a href=\"https:\/\/actu.fr\/auteur\/pierre-emile-bouchy-actu-fr\" title=\"Consulter tous les articles de Paul-Emile Bouchy\" target=\"_blank\" rel=\"noopener\">Paul-Emile Bouchy<\/a><br \/>\n        <\/strong><\/p>\n<p>        Publi\u00e9 le<\/p>\n<p>            17 oct. 2025 \u00e0 15h55        <\/p>\n<p>Cellule commerciale embl\u00e9matique du centre-ville de <a href=\"https:\/\/actu.fr\/grand-est\/nancy_54395\" target=\"_blank\" rel=\"noopener\">Nancy<\/a>, mais\u00a0vide depuis d\u00e9cembre\u00a02022, <a href=\"https:\/\/actu.fr\/grand-est\/nancy_54395\/cette-pharmacie-historique-de-nancy-va-connaitre-une-seconde-vie-voici-ce-qu-elle-va-devenir_63297224.html\" target=\"_blank\" rel=\"noopener\">l\u2019ancienne pharmacie du Point Central va conna\u00eetre une seconde vie<\/a>.<\/p>\n<p class=\" wall-content\">Alors qu\u2019on savait qu\u2019une <strong>enseigne nationale de boulangerie, viennoiserie et snacking allait s\u2019y installer<\/strong>, on conna\u00eet dor\u00e9navant<strong> l\u2019identit\u00e9 de ce futur commerce<\/strong>.<\/p>\n<p>La Mie C\u00e2line d\u00e9barque dans le centre-ville de Nancy<\/p>\n<p class=\" wall-content\">Contact\u00e9 par Lorraine Actu, le service presse de l\u2019enseigne <strong>La Mie C\u00e2line confirme qu\u2019elle va ouvrir un magasin<\/strong> dans cette pharmacie historique de la cit\u00e9 ducale, situ\u00e9e \u00e0 l\u2019angle de la <a href=\"https:\/\/actu.fr\/grand-est\/nancy_54395\/la-ville-de-nancy-veut-interdire-les-voitures-dans-cette-rue-tres-frequentee-on-vous-explique-pourquoi_62942369.html\" target=\"_blank\" rel=\"noopener\">rue Saint-Dizier<\/a> et de la rue Saint-Georges.<\/p>\n<p class=\" wall-content\">Apr\u00e8s \u00c9pinal (Vosges), Thionville (Moselle) et Verdun (Meuse), il s\u2019agit du <strong>quatri\u00e8me magasin de la marque en Lorraine<\/strong>.<\/p>\n<p class=\" wall-content\">Comme l\u2019avait indiqu\u00e9 pr\u00e9c\u00e9demment Dorian Manzoli, agent immobilier en charge du dossier, <strong>la fa\u00e7ade historique art d\u00e9co sera conserv\u00e9e et ses mosa\u00efques seront r\u00e9nov\u00e9es<\/strong>.<\/p>\n<p>Une ouverture pr\u00e9vue en 2026<\/p>\n<p class=\" wall-content\">Dans ce futur magasin, les clients retrouveront <strong>la gamme de produits habituels de La Mie C\u00e2line<\/strong>\u2009: des sandwichs, des salades, du pain, des viennoiseries ou encore des croque-monsieur.<\/p>\n<p>Votre r\u00e9gion, votre actu !<\/p>\n<p>Recevez chaque jour les infos qui comptent pour vous.<\/p>\n<p>\t<a href=\"https:\/\/actu.fr\/newsletter\" class=\"ac-btn ac-btn--corner ac-btn--medium ac-btn--blue800\" target=\"_blank\" rel=\"noopener\">S&rsquo;incrire<\/a><\/p>\n<p class=\" wall-content\">La date d\u2019ouverture pourrait avoir lieu en <strong>mars\u00a02026\u00a0<\/strong>selon l\u2019avanc\u00e9e des travaux.<\/p>\n<p class=\" wall-content\">Personnalisez votre actualit\u00e9 en ajoutant vos villes et m\u00e9dias en favori avec <a href=\"https:\/\/moncompte.actu.fr\" title=\"D\u00e9couvez Mon Actu\" rel=\"nofollow noopener\" data-trk=\"{&quot;cta&quot;:{&quot;action&quot;:&quot;https:\\\/\\\/moncompte.actu.fr&quot;,&quot;category&quot;:&quot;mon compte&quot;,&quot;from&quot;:&quot;article footer&quot;,&quot;name&quot;:&quot;Mon actu&quot;,&quot;type&quot;:&quot;cta&quot;}}\" target=\"_blank\">Mon Actu<\/a>.<\/p>\n","protected":false},"excerpt":{"rendered":"Par Paul-Emile Bouchy Publi\u00e9 le 17 oct. 2025 \u00e0 15h55 Cellule commerciale embl\u00e9matique du centre-ville de Nancy, mais\u00a0vide&hellip;\n","protected":false},"author":2,"featured_media":462415,"comment_status":"","ping_status":"","sticky":false,"template":"","format":"standard","meta":{"footnotes":""},"categories":[9635],"tags":[1111,11,215,1777,674,1011,27,775,1702,12,3147,25,104],"class_list":{"0":"post-471141","1":"post","2":"type-post","3":"status-publish","4":"format-standard","5":"has-post-thumbnail","7":"category-nancy","8":"tag-actu","9":"tag-actualites","10":"tag-commerce","11":"tag-eu","12":"tag-europe","13":"tag-fr","14":"tag-france","15":"tag-grand-est","16":"tag-nancy","17":"tag-news","18":"tag-nouveaux-commerces","19":"tag-republique-francaise","20":"tag-societe"},"share_on_mastodon":{"url":"https:\/\/pubeurope.com\/@fr\/115392188455504461","error":""},"_links":{"self":[{"href":"https:\/\/www.europesays.com\/fr\/wp-json\/wp\/v2\/posts\/471141","targetHints":{"allow":["GET"]}}],"collection":[{"href":"https:\/\/www.europesays.com\/fr\/wp-json\/wp\/v2\/posts"}],"about":[{"href":"https:\/\/www.europesays.com\/fr\/wp-json\/wp\/v2\/types\/post"}],"author":[{"embeddable":true,"href":"https:\/\/www.europesays.com\/fr\/wp-json\/wp\/v2\/users\/2"}],"replies":[{"embeddable":true,"href":"https:\/\/www.europesays.com\/fr\/wp-json\/wp\/v2\/comments?post=471141"}],"version-history":[{"count":0,"href":"https:\/\/www.europesays.com\/fr\/wp-json\/wp\/v2\/posts\/471141\/revisions"}],"wp:featuredmedia":[{"embeddable":true,"href":"https:\/\/www.europesays.com\/fr\/wp-json\/wp\/v2\/media\/462415"}],"wp:attachment":[{"href":"https:\/\/www.europesays.com\/fr\/wp-json\/wp\/v2\/media?parent=471141"}],"wp:term":[{"taxonomy":"category","embeddable":true,"href":"https:\/\/www.europesays.com\/fr\/wp-json\/wp\/v2\/categories?post=471141"},{"taxonomy":"post_tag","embeddable":true,"href":"https:\/\/www.europesays.com\/fr\/wp-json\/wp\/v2\/tags?post=471141"}],"curies":[{"name":"wp","href":"https:\/\/api.w.org\/{rel}","templated":true}]}}