{"id":471145,"date":"2025-10-17T23:53:11","date_gmt":"2025-10-17T23:53:11","guid":{"rendered":"https:\/\/www.europesays.com\/fr\/471145\/"},"modified":"2025-10-17T23:53:11","modified_gmt":"2025-10-17T23:53:11","slug":"basket-elite-2-lelan-bearnais-sen-sort-a-lenergie-face-a-hyeres-toulon-87-78","status":"publish","type":"post","link":"https:\/\/www.europesays.com\/fr\/471145\/","title":{"rendered":"Basket \u2013 \u00c9lite 2 : l&rsquo;\u00c9lan B\u00e9arnais s&rsquo;en sort \u00e0 l&rsquo;\u00e9nergie face \u00e0 Hy\u00e8res-Toulon (87-78)"},"content":{"rendered":"<p>Apr\u00e8s sa d\u00e9faite \u00e0 Champagne Basket, l&rsquo;\u00c9lan B\u00e9arnais s&rsquo;est remis sur de bons rails en venant \u00e0 bout de Hy\u00e8res-Toulon au Palais des Sports (87-78) ce vendredi soir, la faute \u00e0 un 3e quart-temps manqu\u00e9 dans les grandes largeurs.<\/p>\n<p>Cet\u00a0\u00c9lan B\u00e9arnais a du r\u00e9pondant. Non seulement parce que sa r\u00e9action \u00e9tait attendue apr\u00e8s la premi\u00e8re d\u00e9faite de la saison ramen\u00e9e de Champagne Basket la semaine derni\u00e8re, mais aussi parce qu&rsquo;<strong>il ne s&rsquo;est pas rendu la tache facile sur le parquet du Palais des Sports, face \u00e0 Hy\u00e8res-Toulon (87-78)<\/strong> ce vendredi soir. Devants \u00e0 la pause sur le plus petit des \u00e9carts, les basketteurs palois ont perdu tout intensit\u00e9 lors d&rsquo;un 3e quart-temps manqu\u00e9 (16-26) et qui aurait pu leur co\u00fbter bien plus cher. Mais <strong>lors des dix derni\u00e8res minutes l&rsquo;\u00c9lan a retrouv\u00e9 une vraie rigueur d\u00e9fensive<\/strong>\u00a0(seulement 13 points encaiss\u00e9s) pour \u00e9teindre le HTV dans le sillage de Thomas Cornely (17 points, 8 passes d\u00e9cisives) et Bryce Nze (14 points, 12 rebonds) en mode patrons. Les B\u00e9arnais restent co-leaders d&rsquo;\u00c9lite 2 avant le prochain match, dans une semaine, \u00e0 Evreux.<\/p>\n","protected":false},"excerpt":{"rendered":"Apr\u00e8s sa d\u00e9faite \u00e0 Champagne Basket, l&rsquo;\u00c9lan B\u00e9arnais s&rsquo;est remis sur de bons rails en venant \u00e0 bout&hellip;\n","protected":false},"author":2,"featured_media":471146,"comment_status":"","ping_status":"","sticky":false,"template":"","format":"standard","meta":{"footnotes":""},"categories":[9619],"tags":[1111,11,1777,674,1011,27,12,882,25,2310],"class_list":{"0":"post-471145","1":"post","2":"type-post","3":"status-publish","4":"format-standard","5":"has-post-thumbnail","7":"category-toulon","8":"tag-actu","9":"tag-actualites","10":"tag-eu","11":"tag-europe","12":"tag-fr","13":"tag-france","14":"tag-news","15":"tag-provence-alpes-cote-dazur","16":"tag-republique-francaise","17":"tag-toulon"},"share_on_mastodon":{"url":"https:\/\/pubeurope.com\/@fr\/115392204246000911","error":""},"_links":{"self":[{"href":"https:\/\/www.europesays.com\/fr\/wp-json\/wp\/v2\/posts\/471145","targetHints":{"allow":["GET"]}}],"collection":[{"href":"https:\/\/www.europesays.com\/fr\/wp-json\/wp\/v2\/posts"}],"about":[{"href":"https:\/\/www.europesays.com\/fr\/wp-json\/wp\/v2\/types\/post"}],"author":[{"embeddable":true,"href":"https:\/\/www.europesays.com\/fr\/wp-json\/wp\/v2\/users\/2"}],"replies":[{"embeddable":true,"href":"https:\/\/www.europesays.com\/fr\/wp-json\/wp\/v2\/comments?post=471145"}],"version-history":[{"count":0,"href":"https:\/\/www.europesays.com\/fr\/wp-json\/wp\/v2\/posts\/471145\/revisions"}],"wp:featuredmedia":[{"embeddable":true,"href":"https:\/\/www.europesays.com\/fr\/wp-json\/wp\/v2\/media\/471146"}],"wp:attachment":[{"href":"https:\/\/www.europesays.com\/fr\/wp-json\/wp\/v2\/media?parent=471145"}],"wp:term":[{"taxonomy":"category","embeddable":true,"href":"https:\/\/www.europesays.com\/fr\/wp-json\/wp\/v2\/categories?post=471145"},{"taxonomy":"post_tag","embeddable":true,"href":"https:\/\/www.europesays.com\/fr\/wp-json\/wp\/v2\/tags?post=471145"}],"curies":[{"name":"wp","href":"https:\/\/api.w.org\/{rel}","templated":true}]}}