{"id":471149,"date":"2025-10-17T23:55:15","date_gmt":"2025-10-17T23:55:15","guid":{"rendered":"https:\/\/www.europesays.com\/fr\/471149\/"},"modified":"2025-10-17T23:55:15","modified_gmt":"2025-10-17T23:55:15","slug":"previsions-du-samedi-18-octobre-2025-2","status":"publish","type":"post","link":"https:\/\/www.europesays.com\/fr\/471149\/","title":{"rendered":"pr\u00e9visions du samedi 18 octobre 2025"},"content":{"rendered":"<p class=\"mb-4 text-lg md:leading-8 break-words\"><strong>M\u00e9t\u00e9o &#8211; La journ\u00e9e qui s&rsquo;annonce, promet d&rsquo;\u00eatre belle et ensoleill\u00e9e ! Les temp\u00e9ratures seront de 16\u00b0C la matin\u00e9e et de 19\u00b0C l&rsquo;apr\u00e8s-midi&#8230;<\/strong><\/p>\n<p class=\"mb-4 text-lg md:leading-8 break-words\">C&rsquo;est un soleil radieux qui va se montrer aujourd&rsquo;hui sur Montpellier. Les temp\u00e9ratures seront de 16\u00b0C. Un l\u00e9ger vent de nord-est soufflera au cours de la matin\u00e9e. Les maximales pourront atteindre 20\u00b0C dans l&rsquo;apr\u00e8s-midi alors que les minimales seront de 16\u00b0C. La ville aura quelques \u00e9claircies le soir. On anticipe des temp\u00e9ratures d&rsquo;environ 15\u00b0C. On pr\u00e9voit une nuit avec un ciel plut\u00f4t clair.<\/p>\n<p class=\"mb-4 text-lg md:leading-8 break-words\">\u00c0 Montpellier les valeurs afficheront entre 13 et 19\u00b0C demain. Un vent de sud-est rafra\u00eechira un peu l&rsquo;atmosph\u00e8re. Le matin, des nuages ne voudront pas faire place au soleil. Le temps sera ponctu\u00e9 par des pluies \u00e9parses. Des averses sont attendues demain apr\u00e8s-midi. La ville se retrouvera de temps \u00e0 autre sous la pluie. Les temp\u00e9ratures seront comprises entre 18 et 19\u00b0C. Il y a un risque d&rsquo;averses demain soir.<\/p>\n<p class=\"mb-4 text-lg md:leading-8 break-words\">La m\u00e9t\u00e9o sera ensoleill\u00e9e lundi mais elle conna\u00eetra une d\u00e9gradation mardi.<\/p>\n<p class=\"mb-4 text-lg md:leading-8 break-words\"><a href=\"https:\/\/www.20minutes.fr\/planete\/previsions-meteo\/4180100-20251018-meteo-montpellier-previsions-samedi-18-octobre-2025?at_medium=RSS%20feed&amp;at_campaign=ynews&amp;utm_source=yahoo&amp;utm_medium=rss&amp;utm_campaign=news_feed&amp;utm_content=read_more_link&quot;\" rel=\"nofollow noopener\" target=\"_blank\" data-ylk=\"slk:Lire la suite sur 20minutes;elm:context_link;itc:0;sec:content-canvas\" class=\"link \">Lire la suite sur 20minutes<\/a><\/p>\n","protected":false},"excerpt":{"rendered":"M\u00e9t\u00e9o &#8211; La journ\u00e9e qui s&rsquo;annonce, promet d&rsquo;\u00eatre belle et ensoleill\u00e9e ! Les temp\u00e9ratures seront de 16\u00b0C la&hellip;\n","protected":false},"author":2,"featured_media":471150,"comment_status":"","ping_status":"","sticky":false,"template":"","format":"standard","meta":{"footnotes":""},"categories":[9599],"tags":[1111,11,1777,674,1011,27,51394,2487,2208,12,2680,25,56804],"class_list":{"0":"post-471149","1":"post","2":"type-post","3":"status-publish","4":"format-standard","5":"has-post-thumbnail","7":"category-montpellier","8":"tag-actu","9":"tag-actualites","10":"tag-eu","11":"tag-europe","12":"tag-fr","13":"tag-france","14":"tag-la-matinee","15":"tag-meteo","16":"tag-montpellier","17":"tag-news","18":"tag-occitanie","19":"tag-republique-francaise","20":"tag-soleil-radieux"},"share_on_mastodon":{"url":"https:\/\/pubeurope.com\/@fr\/115392212350129359","error":""},"_links":{"self":[{"href":"https:\/\/www.europesays.com\/fr\/wp-json\/wp\/v2\/posts\/471149","targetHints":{"allow":["GET"]}}],"collection":[{"href":"https:\/\/www.europesays.com\/fr\/wp-json\/wp\/v2\/posts"}],"about":[{"href":"https:\/\/www.europesays.com\/fr\/wp-json\/wp\/v2\/types\/post"}],"author":[{"embeddable":true,"href":"https:\/\/www.europesays.com\/fr\/wp-json\/wp\/v2\/users\/2"}],"replies":[{"embeddable":true,"href":"https:\/\/www.europesays.com\/fr\/wp-json\/wp\/v2\/comments?post=471149"}],"version-history":[{"count":0,"href":"https:\/\/www.europesays.com\/fr\/wp-json\/wp\/v2\/posts\/471149\/revisions"}],"wp:featuredmedia":[{"embeddable":true,"href":"https:\/\/www.europesays.com\/fr\/wp-json\/wp\/v2\/media\/471150"}],"wp:attachment":[{"href":"https:\/\/www.europesays.com\/fr\/wp-json\/wp\/v2\/media?parent=471149"}],"wp:term":[{"taxonomy":"category","embeddable":true,"href":"https:\/\/www.europesays.com\/fr\/wp-json\/wp\/v2\/categories?post=471149"},{"taxonomy":"post_tag","embeddable":true,"href":"https:\/\/www.europesays.com\/fr\/wp-json\/wp\/v2\/tags?post=471149"}],"curies":[{"name":"wp","href":"https:\/\/api.w.org\/{rel}","templated":true}]}}