{"id":471156,"date":"2025-10-17T23:59:10","date_gmt":"2025-10-17T23:59:10","guid":{"rendered":"https:\/\/www.europesays.com\/fr\/471156\/"},"modified":"2025-10-17T23:59:10","modified_gmt":"2025-10-17T23:59:10","slug":"rugby-pro-d-2-le-stade-montois-simpose-face-a-grenoble","status":"publish","type":"post","link":"https:\/\/www.europesays.com\/fr\/471156\/","title":{"rendered":"Rugby, Pro D 2, le Stade Montois s&rsquo;impose face \u00e0 Grenoble"},"content":{"rendered":"<p>Et c\u2019est reparti. 7\u00e8 journ\u00e9e du championnat de France de rugby de Pro D 2. La premi\u00e8re du deuxi\u00e8me bloc qui en comptera cinq.<br \/>\nCe vendredi soir le Stade Montois, avant dernier, recevait Grenoble, 9\u00e8. Pr\u00e9cieuse victoire des jaune et noir 32-18 <\/p>\n<p><strong>Chaud patate.<\/strong> Mont-de-Marsan s\u2019engage dans une deuxi\u00e8me session aussi compliqu\u00e9e que la premi\u00e8re mais sans l\u2019illusion de la d\u00e9couverte. Le deux club est dans le tr\u00e8s dur. Dans le doute. Les montois qui re\u00e7oivent Grenoble ont eu quelques certes vell\u00e9it\u00e9s \u00e0 Valence lors de la derni\u00e8re rencontre du premier bloc de matchs. Ils ont\u00a0 donn\u00e9 dans l&rsquo;engagement face \u00e0 Vannes. mais pour le reste, capitulation et capilotade. Les arri\u00e8res ray\u00e9s, beaux cavaleurs,\u00a0 ont pourtant qualit\u00e9s fortes par Mass\u00e9, Millot Harris, Escurra, Dupont, Bento, Dawai, et la rentr\u00e9e de Pe\u00efo Sayerse fait du bien. Mais devant c\u2019est toujours la mouise, surtout sur le banc. Les lancers en touche sont nuls. Et la d\u00e9fense a \u00e9t\u00e9 \u00e0 bannir. A Valence,\u00a0 14 points en sept minutes. Un\u00a0 22-0 apr\u00e8s la pause. Et quinze touches perdues.\u00a0 Plus jusqu&rsquo;\u00e0 dix sept p\u00e9nalit\u00e9s\u00a0! C\u2019est la Cr\u00e9cy, Azincourt et Waterloo r\u00e9unis. Mont-de-Marsan est en souffrance, gri\u00e8vement affect\u00e9. Grenoble vient de c\u00e9der d\u2019un point sur son terrain face \u00e0 Provence. Il est \u00e0 envisager une r\u00e9action des dauphinois ce vendredi soir dans Boniface. H\u00e9las.<\/p>\n<p>**Antienne ancienne d\u2019ovalie &#8230;**Le rugby commence toujours devant. CQFD. Pour avoir enfin retrouv\u00e9 la vertu de ses rucks, de ses m\u00eal\u00e9es et de ses touches\u2026 enfin!&#8230; de ses touches\u00a0qui \u00e9taient devenue un cauchemar, une pathologie chronique, de sa d\u00e9fense en ligne, aussi, les montois se sont impos\u00e9s dans un match qui sentait la poudre. Humili\u00e9s sur leur pr\u00e9 les dauphinois voulaient se refaire dans Boniface. Sous les yeux de leur nouvel entraineur principal l\u2019ancien dacquois Jeff Dubois dont c\u2019\u00e9tait la premi\u00e8re \u00e0 la barre du kayak is\u00e9rois. Les bruleurs de loup se sont fait d\u00e9border par des gascons en grande verve d\u00e9fensive comme offensive. Dans un match enlev\u00e9, engag\u00e9. La saine agressivit\u00e9 montoise, la densit\u00e9 de l\u2019ouvrage et la coh\u00e9sion du groupe tout entier ont construit une victoire qui peut \u00eatre un d\u00e9but d\u2019esp\u00e9rance. Incisifs, toujours, les montois ont su r\u00e9sister et faire la diff\u00e9rence aux moments cruciaux. Notamment et surtout en deuxi\u00e8me p\u00e9riode quand les grenoblois ont tent\u00e9 de revenir. 9-6 \u00e0 la pause, on aurait pu craindre. Mais il semblait que rien ne puisse enrayer la m\u00e9canique landaise. Mont-de-Marsan a tordu le cou au chat noir. Au moins pour un soir.<\/p>\n<p><strong>Au classement les montois restent avant derniers. Sept points devant Dax la lanterne rouge.<\/strong><br \/><strong>A \u00e9galit\u00e9 avec Angoul\u00eame.<\/strong><br \/><strong>Deux longueurs derri\u00e8re Biarritz que les\u00a0montois visiteront vendredi prochain pour la 8\u00e8 journ\u00e9e de championnat.<\/strong><\/p>\n<p>loading<\/p>\n","protected":false},"excerpt":{"rendered":"Et c\u2019est reparti. 7\u00e8 journ\u00e9e du championnat de France de rugby de Pro D 2. La premi\u00e8re du&hellip;\n","protected":false},"author":2,"featured_media":471157,"comment_status":"","ping_status":"","sticky":false,"template":"","format":"standard","meta":{"footnotes":""},"categories":[9566],"tags":[1111,11,2430,1777,674,1011,27,2731,12,25],"class_list":{"0":"post-471156","1":"post","2":"type-post","3":"status-publish","4":"format-standard","5":"has-post-thumbnail","7":"category-grenoble","8":"tag-actu","9":"tag-actualites","10":"tag-auvergne-rhone-alpes","11":"tag-eu","12":"tag-europe","13":"tag-fr","14":"tag-france","15":"tag-grenoble","16":"tag-news","17":"tag-republique-francaise"},"share_on_mastodon":{"url":"https:\/\/pubeurope.com\/@fr\/115392227924738468","error":""},"_links":{"self":[{"href":"https:\/\/www.europesays.com\/fr\/wp-json\/wp\/v2\/posts\/471156","targetHints":{"allow":["GET"]}}],"collection":[{"href":"https:\/\/www.europesays.com\/fr\/wp-json\/wp\/v2\/posts"}],"about":[{"href":"https:\/\/www.europesays.com\/fr\/wp-json\/wp\/v2\/types\/post"}],"author":[{"embeddable":true,"href":"https:\/\/www.europesays.com\/fr\/wp-json\/wp\/v2\/users\/2"}],"replies":[{"embeddable":true,"href":"https:\/\/www.europesays.com\/fr\/wp-json\/wp\/v2\/comments?post=471156"}],"version-history":[{"count":0,"href":"https:\/\/www.europesays.com\/fr\/wp-json\/wp\/v2\/posts\/471156\/revisions"}],"wp:featuredmedia":[{"embeddable":true,"href":"https:\/\/www.europesays.com\/fr\/wp-json\/wp\/v2\/media\/471157"}],"wp:attachment":[{"href":"https:\/\/www.europesays.com\/fr\/wp-json\/wp\/v2\/media?parent=471156"}],"wp:term":[{"taxonomy":"category","embeddable":true,"href":"https:\/\/www.europesays.com\/fr\/wp-json\/wp\/v2\/categories?post=471156"},{"taxonomy":"post_tag","embeddable":true,"href":"https:\/\/www.europesays.com\/fr\/wp-json\/wp\/v2\/tags?post=471156"}],"curies":[{"name":"wp","href":"https:\/\/api.w.org\/{rel}","templated":true}]}}