{"id":471158,"date":"2025-10-18T00:00:26","date_gmt":"2025-10-18T00:00:26","guid":{"rendered":"https:\/\/www.europesays.com\/fr\/471158\/"},"modified":"2025-10-18T00:00:26","modified_gmt":"2025-10-18T00:00:26","slug":"loeil-glauque-un-regard-bienveillant-sur-le-jeu-de-role","status":"publish","type":"post","link":"https:\/\/www.europesays.com\/fr\/471158\/","title":{"rendered":"L&rsquo;\u0152il Glauque : un regard bienveillant sur le jeu de r\u00f4le"},"content":{"rendered":"<p style=\"text-align: justify\"><strong>\u00c0 l\u2019INSA de Rennes, les d\u00e9s sont jet\u00e9s pour une nouvelle \u00e9dition du Festival de l\u2019\u0152il Glauque. Organis\u00e9 par les \u00e9tudiants de l\u2019\u00e9cole d\u2019ing\u00e9nieurs, ce rendez-vous devenu culte pour les amateurs de jeux de soci\u00e9t\u00e9, de plateau et de r\u00f4le, se d\u00e9roule jusqu\u2019\u00e0 dimanche \u00e0 la Halle Francis-Quern\u00e9.<\/strong><\/p>\n<p style=\"text-align: justify\">Depuis plus de vingt ans, le FOG r\u00e9unit une communaut\u00e9 passionn\u00e9e autour d\u2019un seul mot d\u2019ordre : jouer. <strong>\u00ab C\u2019est la grande convention annuelle du jeu de r\u00f4le et du jeu de plateau \u00e0 Rennes \u00bb,<\/strong> explique Laurine Lecoq, vice-pr\u00e9sidente du festival. <strong>\u00ab L\u2019id\u00e9e est de rassembler joueurs confirm\u00e9s et curieux dans une ambiance conviviale, sans comp\u00e9tition. \u00bb<\/strong><\/p>\n<p style=\"text-align: justify\">Cette ann\u00e9e encore, les visiteurs pourront s\u2019immerger dans un univers foisonnant de plus de 250 jeux : des grands classiques comme Loup-Garou, Jungle Speed ou Dominion, mais aussi des moins connus, mis en avant par les associations de l\u2019\u00e9cole. <strong>\u00ab Chacun peut venir tester, d\u00e9couvrir, et surtout \u00e9changer avec d\u2019autres passionn\u00e9s \u00bb<\/strong>, souligne Laurine Lecoq.<\/p>\n<p style=\"text-align: justify\">Le festival ne se limite pas aux jeux de plateau : il propose aussi une plong\u00e9e dans des univers immersifs. Les participants pourront s\u2019essayer \u00e0 des jeux de r\u00f4le grandeur nature, \u00e0 des escape games con\u00e7us par des \u00e9tudiants de l\u2019INSA, ou encore \u00e0 des tournois de Jenga et de Magic. Une attention particuli\u00e8re est port\u00e9e \u00e0 l\u2019accessibilit\u00e9 : <strong>\u00ab Nous tenons \u00e0 proposer des jeux inclusifs, y compris pour les personnes en situation de handicap, avec par exemple des activit\u00e9s en braille \u00bb,<\/strong> ajoute l\u2019organisatrice.<\/p>\n<p style=\"text-align: justify\"><strong>Un concert, des artistes et de la restauration \u00ab\u00a0fait maison\u00a0\u00bb<\/strong><\/p>\n<p style=\"text-align: justify\">Pour ouvrir les festivit\u00e9s, un concert du groupe Spheres viendra ce soir animer le foyer de l\u2019\u00e9cole d\u00e8s 21 heures, transformant le campus en v\u00e9ritable lieu de vie culturelle.<\/p>\n<p style=\"text-align: justify\">L\u2019\u00e9dition 2024 innove \u00e9galement avec la pr\u00e9sence d\u2019une douzaine de stands d\u2019artistes. Illustrateurs, cr\u00e9ateurs de jeux ou encore confectionneurs de peluches viennent y pr\u00e9senter leur savoir-faire. <strong>\u00ab C\u2019est une premi\u00e8re au FOG. Nous voulions montrer tout ce qui se cache derri\u00e8re la cr\u00e9ation ludique, du dessin au prototype final \u00bb,<\/strong> se r\u00e9jouit Laurine Lecoq.<\/p>\n<p style=\"text-align: justify\">L\u2019entr\u00e9e du festival reste gratuite, fid\u00e8le \u00e0 son esprit d\u2019ouverture. Seules les parties de jeux de r\u00f4le et d\u2019escape games sont payantes, \u00e0 hauteur symbolique d\u2019un euro par participant<strong>. \u00ab Nous tenons \u00e0 garder un \u00e9v\u00e9nement accessible \u00e0 tous, qu\u2019on vienne en famille, entre amis ou en solo. L\u2019id\u00e9e, c\u2019est que tout le monde puisse s\u2019amuser librement \u00bb,<\/strong> insiste la responsable.<\/p>\n<p style=\"text-align: justify\"><strong>Pratique\u00a0: <\/strong>Le Festival de l\u2019\u0152il Glauque se d\u00e9roule jusqu\u2019au 19 octobre, dans la Halle Francis-Quern\u00e9, au 20 avenue des Buttes-de-Co\u00ebsmes \u00e0 Rennes. Une restauration sur place, pr\u00e9par\u00e9e par les \u00e9tudiants, est \u00e9galement propos\u00e9e aux visiteurs.<\/p>\n<p style=\"text-align: justify\">\u00a0<\/p>\n","protected":false},"excerpt":{"rendered":"\u00c0 l\u2019INSA de Rennes, les d\u00e9s sont jet\u00e9s pour une nouvelle \u00e9dition du Festival de l\u2019\u0152il Glauque. Organis\u00e9&hellip;\n","protected":false},"author":2,"featured_media":471159,"comment_status":"","ping_status":"","sticky":false,"template":"","format":"standard","meta":{"footnotes":""},"categories":[2821],"tags":[1111,11,829,1777,674,1011,27,12,584,25],"class_list":{"0":"post-471158","1":"post","2":"type-post","3":"status-publish","4":"format-standard","5":"has-post-thumbnail","7":"category-rennes","8":"tag-actu","9":"tag-actualites","10":"tag-bretagne","11":"tag-eu","12":"tag-europe","13":"tag-fr","14":"tag-france","15":"tag-news","16":"tag-rennes","17":"tag-republique-francaise"},"share_on_mastodon":{"url":"https:\/\/pubeurope.com\/@fr\/115392231919168867","error":""},"_links":{"self":[{"href":"https:\/\/www.europesays.com\/fr\/wp-json\/wp\/v2\/posts\/471158","targetHints":{"allow":["GET"]}}],"collection":[{"href":"https:\/\/www.europesays.com\/fr\/wp-json\/wp\/v2\/posts"}],"about":[{"href":"https:\/\/www.europesays.com\/fr\/wp-json\/wp\/v2\/types\/post"}],"author":[{"embeddable":true,"href":"https:\/\/www.europesays.com\/fr\/wp-json\/wp\/v2\/users\/2"}],"replies":[{"embeddable":true,"href":"https:\/\/www.europesays.com\/fr\/wp-json\/wp\/v2\/comments?post=471158"}],"version-history":[{"count":0,"href":"https:\/\/www.europesays.com\/fr\/wp-json\/wp\/v2\/posts\/471158\/revisions"}],"wp:featuredmedia":[{"embeddable":true,"href":"https:\/\/www.europesays.com\/fr\/wp-json\/wp\/v2\/media\/471159"}],"wp:attachment":[{"href":"https:\/\/www.europesays.com\/fr\/wp-json\/wp\/v2\/media?parent=471158"}],"wp:term":[{"taxonomy":"category","embeddable":true,"href":"https:\/\/www.europesays.com\/fr\/wp-json\/wp\/v2\/categories?post=471158"},{"taxonomy":"post_tag","embeddable":true,"href":"https:\/\/www.europesays.com\/fr\/wp-json\/wp\/v2\/tags?post=471158"}],"curies":[{"name":"wp","href":"https:\/\/api.w.org\/{rel}","templated":true}]}}