{"id":471160,"date":"2025-10-18T00:01:12","date_gmt":"2025-10-18T00:01:12","guid":{"rendered":"https:\/\/www.europesays.com\/fr\/471160\/"},"modified":"2025-10-18T00:01:12","modified_gmt":"2025-10-18T00:01:12","slug":"previsions-du-samedi-18-octobre-2025-3","status":"publish","type":"post","link":"https:\/\/www.europesays.com\/fr\/471160\/","title":{"rendered":"pr\u00e9visions du samedi 18 octobre 2025"},"content":{"rendered":"<p class=\"mb-4 text-lg md:leading-8 break-words\"><strong>M\u00e9t\u00e9o &#8211; Des \u00e9claircies sont attendues : on passera une journ\u00e9e agr\u00e9able. Les temp\u00e9ratures seront de 11\u00b0C le matin et de 17\u00b0C l&rsquo;apr\u00e8s-midi&#8230;<\/strong><\/p>\n<p class=\"mb-4 text-lg md:leading-8 break-words\">\u00c0 Rennes, les valeurs seront de 7\u00b0C au plus bas et de 18\u00b0C au plus haut la journ\u00e9e. Une brise de sud-est soufflera l\u00e9g\u00e8rement. La grisaille ne se disperse toujours pas, il y aura encore des nuages le matin. Le mercure affichera 11\u00b0C en moyenne. La m\u00e9t\u00e9o va peu \u00e0 peu s&rsquo;am\u00e9liorer dans l&rsquo;apr\u00e8s-midi et laisser place \u00e0 des \u00e9claircies. Les temp\u00e9ratures vont conna\u00eetre une augmentation de plusieurs degr\u00e9s. Les valeurs afficheront entre 15 et 18\u00b0C. Pour les amateurs d&rsquo;astronomie, sachez que la nuit sera claire.<\/p>\n<p class=\"mb-4 text-lg md:leading-8 break-words\">Demain, \u00e0 Rennes, on sera sous un ciel bien maussade, couvert de nuages. Un temps plus chaud est pr\u00e9vu puisque le mercure va enregistrer une hausse. Les valeurs seront comprises entre 12 et 16\u00b0C. La ville sera touch\u00e9e par un vent de sud de 22 km\/h. Pour le matin, de la bruine l\u00e9g\u00e8re va tomber sur la ville. Les nuages seront peu \u00e0 peu visibles au fil de l&rsquo;apr\u00e8s-midi. Il faudra pr\u00e9voir son parapluie pour se prot\u00e9ger des pluies \u00e9parses. Les temp\u00e9ratures s&rsquo;\u00e9chelonneront de 15 \u00e0 16\u00b0C. Il se peut qu&rsquo;il y ait de l\u00e9g\u00e8res averses demain soir. Il va faire environ 15\u00b0C.<\/p>\n<p class=\"mb-4 text-lg md:leading-8 break-words\">Les jours qui suivent s&rsquo;annoncent similaires. Comptez sur 15\u00b0C en moyenne qui accompagneront des journ\u00e9es pluvieuses.<\/p>\n<p class=\"mb-4 text-lg md:leading-8 break-words\"><a href=\"https:\/\/www.20minutes.fr\/planete\/previsions-meteo\/4180101-20251018-meteo-rennes-previsions-samedi-18-octobre-2025?at_medium=RSS%20feed&amp;at_campaign=ynews&amp;utm_source=yahoo&amp;utm_medium=rss&amp;utm_campaign=news_feed&amp;utm_content=read_more_link&quot;\" rel=\"nofollow noopener\" target=\"_blank\" data-ylk=\"slk:Lire la suite sur 20minutes;elm:context_link;itc:0;sec:content-canvas\" class=\"link \">Lire la suite sur 20minutes<\/a><\/p>\n","protected":false},"excerpt":{"rendered":"M\u00e9t\u00e9o &#8211; Des \u00e9claircies sont attendues : on passera une journ\u00e9e agr\u00e9able. Les temp\u00e9ratures seront de 11\u00b0C le&hellip;\n","protected":false},"author":2,"featured_media":471161,"comment_status":"","ping_status":"","sticky":false,"template":"","format":"standard","meta":{"footnotes":""},"categories":[2821],"tags":[1111,11,829,1777,674,1011,27,44166,12,59485,584,25],"class_list":{"0":"post-471160","1":"post","2":"type-post","3":"status-publish","4":"format-standard","5":"has-post-thumbnail","7":"category-rennes","8":"tag-actu","9":"tag-actualites","10":"tag-bretagne","11":"tag-eu","12":"tag-europe","13":"tag-fr","14":"tag-france","15":"tag-le-matin","16":"tag-news","17":"tag-quil-y-ait","18":"tag-rennes","19":"tag-republique-francaise"},"share_on_mastodon":{"url":"https:\/\/pubeurope.com\/@fr\/115392235807511376","error":""},"_links":{"self":[{"href":"https:\/\/www.europesays.com\/fr\/wp-json\/wp\/v2\/posts\/471160","targetHints":{"allow":["GET"]}}],"collection":[{"href":"https:\/\/www.europesays.com\/fr\/wp-json\/wp\/v2\/posts"}],"about":[{"href":"https:\/\/www.europesays.com\/fr\/wp-json\/wp\/v2\/types\/post"}],"author":[{"embeddable":true,"href":"https:\/\/www.europesays.com\/fr\/wp-json\/wp\/v2\/users\/2"}],"replies":[{"embeddable":true,"href":"https:\/\/www.europesays.com\/fr\/wp-json\/wp\/v2\/comments?post=471160"}],"version-history":[{"count":0,"href":"https:\/\/www.europesays.com\/fr\/wp-json\/wp\/v2\/posts\/471160\/revisions"}],"wp:featuredmedia":[{"embeddable":true,"href":"https:\/\/www.europesays.com\/fr\/wp-json\/wp\/v2\/media\/471161"}],"wp:attachment":[{"href":"https:\/\/www.europesays.com\/fr\/wp-json\/wp\/v2\/media?parent=471160"}],"wp:term":[{"taxonomy":"category","embeddable":true,"href":"https:\/\/www.europesays.com\/fr\/wp-json\/wp\/v2\/categories?post=471160"},{"taxonomy":"post_tag","embeddable":true,"href":"https:\/\/www.europesays.com\/fr\/wp-json\/wp\/v2\/tags?post=471160"}],"curies":[{"name":"wp","href":"https:\/\/api.w.org\/{rel}","templated":true}]}}