{"id":471162,"date":"2025-10-18T00:02:22","date_gmt":"2025-10-18T00:02:22","guid":{"rendered":"https:\/\/www.europesays.com\/fr\/471162\/"},"modified":"2025-10-18T00:02:22","modified_gmt":"2025-10-18T00:02:22","slug":"cinema-danimation-la-musique-du-film-le-secret-des-mesanges-est-nee-a-strasbourg-2","status":"publish","type":"post","link":"https:\/\/www.europesays.com\/fr\/471162\/","title":{"rendered":"Cin\u00e9ma d\u2019animation. La musique du film Le Secret des m\u00e9sanges est n\u00e9e \u00e0 Strasbourg"},"content":{"rendered":"<p>Le Secret des m\u00e9sanges,  produit par Folimage, a \u00e9t\u00e9 enti\u00e8rement fabriqu\u00e9 en papier d\u00e9coup\u00e9. C\u2019est tr\u00e8s beau, po\u00e9tique et \u00e7a n\u2019exclut pas, bien au contraire, expressivit\u00e9 et vivacit\u00e9 &#8211; la musique y contribue. Le r\u00e9alisateur Antoine Lanciaux tenait \u00e0 un travail \u00ab\u00a0\u00e0 l\u2019ancienne\u00a0\u00bb pour raconter cette histoire \u00e0 hauteur d\u2019enfants, riche en suspens et promise amusante.<\/p>\n<p>En toile de fond, un ch\u00e2teau en ruine, un chantier de fouilles arch\u00e9ologiques et une ferme avec tous ses animaux&#8230;.<\/p>\n","protected":false},"excerpt":{"rendered":"Le Secret des m\u00e9sanges, produit par Folimage, a \u00e9t\u00e9 enti\u00e8rement fabriqu\u00e9 en papier d\u00e9coup\u00e9. C\u2019est tr\u00e8s beau, po\u00e9tique&hellip;\n","protected":false},"author":2,"featured_media":471163,"comment_status":"","ping_status":"","sticky":false,"template":"","format":"standard","meta":{"footnotes":""},"categories":[2820],"tags":[1111,11,2389,650,1687,1777,674,107,1011,27,775,873,12,25,640],"class_list":{"0":"post-471162","1":"post","2":"type-post","3":"status-publish","4":"format-standard","5":"has-post-thumbnail","7":"category-strasbourg","8":"tag-actu","9":"tag-actualites","10":"tag-alsace","11":"tag-cinema","12":"tag-culture-loisirs","13":"tag-eu","14":"tag-europe","15":"tag-fil-info","16":"tag-fr","17":"tag-france","18":"tag-grand-est","19":"tag-musique","20":"tag-news","21":"tag-republique-francaise","22":"tag-strasbourg"},"share_on_mastodon":{"url":"https:\/\/pubeurope.com\/@fr\/115392239943237263","error":""},"_links":{"self":[{"href":"https:\/\/www.europesays.com\/fr\/wp-json\/wp\/v2\/posts\/471162","targetHints":{"allow":["GET"]}}],"collection":[{"href":"https:\/\/www.europesays.com\/fr\/wp-json\/wp\/v2\/posts"}],"about":[{"href":"https:\/\/www.europesays.com\/fr\/wp-json\/wp\/v2\/types\/post"}],"author":[{"embeddable":true,"href":"https:\/\/www.europesays.com\/fr\/wp-json\/wp\/v2\/users\/2"}],"replies":[{"embeddable":true,"href":"https:\/\/www.europesays.com\/fr\/wp-json\/wp\/v2\/comments?post=471162"}],"version-history":[{"count":0,"href":"https:\/\/www.europesays.com\/fr\/wp-json\/wp\/v2\/posts\/471162\/revisions"}],"wp:featuredmedia":[{"embeddable":true,"href":"https:\/\/www.europesays.com\/fr\/wp-json\/wp\/v2\/media\/471163"}],"wp:attachment":[{"href":"https:\/\/www.europesays.com\/fr\/wp-json\/wp\/v2\/media?parent=471162"}],"wp:term":[{"taxonomy":"category","embeddable":true,"href":"https:\/\/www.europesays.com\/fr\/wp-json\/wp\/v2\/categories?post=471162"},{"taxonomy":"post_tag","embeddable":true,"href":"https:\/\/www.europesays.com\/fr\/wp-json\/wp\/v2\/tags?post=471162"}],"curies":[{"name":"wp","href":"https:\/\/api.w.org\/{rel}","templated":true}]}}