{"id":471164,"date":"2025-10-18T00:03:12","date_gmt":"2025-10-18T00:03:12","guid":{"rendered":"https:\/\/www.europesays.com\/fr\/471164\/"},"modified":"2025-10-18T00:03:12","modified_gmt":"2025-10-18T00:03:12","slug":"le-paris-saint-germain-bouscule-par-strasbourg-revient-de-loin-pour-accrocher-le-nul-et-conserver-la-premiere-place","status":"publish","type":"post","link":"https:\/\/www.europesays.com\/fr\/471164\/","title":{"rendered":"Le Paris Saint-Germain, bouscul\u00e9 par Strasbourg, revient de loin pour accrocher le nul et conserver la premi\u00e8re place"},"content":{"rendered":"<p>                          <img loading=\"lazy\" decoding=\"async\" src=\"https:\/\/www.europesays.com\/fr\/wp-content\/uploads\/2025\/10\/7b2ccfe_ftp-import-images-1-happts2jpeoy-5193599-01-06.jpg\" alt=\"Le d\u00e9feNseur du Paris Saint-Germain Illia Zabarnyi, au sol apr\u00e8s un duel avec l\u2019attaquant strasbourgeois Martial Gogo, au Parc des Princes, \u00e0 Paris, le 17\u00a0octobre\u00a02025.\"   width=\"664\" height=\"443\"\/>    Le d\u00e9feNseur du Paris Saint-Germain Illia Zabarnyi, au sol apr\u00e8s un duel avec l\u2019attaquant strasbourgeois Martial Gogo, au Parc des Princes, \u00e0 Paris, le 17\u00a0octobre\u00a02025.  FRANCK FIFE \/ AFP                          <\/p>\n<p class=\"article__paragraph  \">Pendant pr\u00e8s de quarante minutes, le RC Strasbourg a \u00e9t\u00e9 leader de Ligue 1, en menant sur la pelouse du Paris Saint-Germain (PSG), vendredi 17\u00a0octobre, en ouverture de la 8e journ\u00e9e du championnat. Mais, m\u00eame priv\u00e9 de plusieurs cadres, le club de la capitale a refait surface et arrach\u00e9 le nul (3-3) pour sauver les meubles, tout en restant sous la menace imm\u00e9diate de l\u2019Olympique de Marseille (OM) et de l\u2019Olympique lyonnais (OL).<\/p>\n<p class=\"article__paragraph  \">A quatre jours de son d\u00e9placement \u00e0 Leverkusen en Ligue des champions, le PSG \u00e9marge \u00e0 17 points, une longueur devant les tr\u00e8s s\u00e9duisants Strasbourgeois, et deux devant Marseille et Lyon, qui doivent jouer leur match ce week-end, respectivement contre Le\u00a0Havre et Nice.<\/p>\n<p class=\"article__paragraph  \">Jusque-l\u00e0, les Parisiens avaient plus bien franchi les obstacles d\u2019un d\u00e9but de saison sous le signe des blessures, mais cette fois, contre une \u00e9quipe alsacienne sans complexe, la lutte fut ardue.<\/p>\n<p>                                       Lire le d\u00e9cryptage |  Article r\u00e9serv\u00e9 \u00e0 nos abonn\u00e9s  <a href=\"https:\/\/www.lemonde.fr\/sport\/article\/2025\/10\/14\/apres-les-blessures-de-mbappe-dembele-ou-barcola-les-conflits-entre-l-equipe-de-france-et-les-clubs-se-multiplient-leur-relation-c-est-je-t-aime-moi-non-plus_6646566_3242.html\" class=\"js-article-read-also catcher--favoris__link\" data-premium=\"1\" id=\"article-title-3442176\" rel=\"nofollow noopener\" target=\"_blank\">Apr\u00e8s les blessures de Mbapp\u00e9, Demb\u00e9l\u00e9 ou Barcola, des tensions entre l\u2019\u00e9quipe de France et les clubs<\/a>    <\/p>\n<p>   Lire plus tard  <\/p>\n<p class=\"article__paragraph  \">La star parisienne en devenir D\u00e9sir\u00e9 Dou\u00e9 a bien sign\u00e9 son retour d\u2019une passe lumineuse dans un espace restreint pour Bradley Barcola, qui a fini le travail de pr\u00e8s au terme de ce une-deux d\u00e9licieux (1-0, 6e). Mais il ne pouvait \u00e0 lui seul pallier les nombreuses absences. Efficace \u00e0 Barcelone (2-1), le bricolage r\u00e9alis\u00e9 par l\u2019entra\u00eeneur Luis Enrique a affich\u00e9 de claires limites, vendredi, lui qui avait d\u00e9cid\u00e9 de m\u00e9nager plusieurs cadres, dont l\u2019int\u00e9gralit\u00e9 de son milieu de r\u00e9f\u00e9rence \u2013 Vitinha, Fabian Ruiz et Joao Neves \u2013, ses deux lat\u00e9raux Nuno Mendes et Achraf Hakimi et les d\u00e9fenseurs cd centraux Marquinhos et Willian Pacho.<\/p>\n<p>                    Senny Mayulu encore buteur                    <\/p>\n<p class=\"article__paragraph  \">Ibrahim Mbaye en attaque, Lee Kang-in et Senny Mayulu au milieu, Illya Zabarnyi, Lucas Beraldo et Lucas Hernandez en d\u00e9fense ont plusieurs fois \u00e9t\u00e9 domin\u00e9s par des Strasbourgeois tranchants et bien organis\u00e9s, venus dans la capitale pour faire beaucoup plus que d\u00e9fendre.<\/p>\n<p class=\"article__paragraph  \">Ainsi, le d\u00e9fenseur ukrainien Illia Zabarnyi a \u00e9t\u00e9 battu de la t\u00eate par Joaquin Panichelli, sur un centre de\u2026 Gu\u00e9la Dou\u00e9, le fr\u00e8re du joueur parisien (1-1\u00a026e). Le flanc gauche de la d\u00e9fense parisienne a ensuite \u00e9t\u00e9 perc\u00e9 trop facilement par Diego Moreira, qui a aussi b\u00e9n\u00e9fici\u00e9 d\u2019une r\u00e9action tardive de Lucas Chevalier pour donner l\u2019avantage aux siens dans un angle ferm\u00e9, (2-1, 41e). Julio Enciso s\u2019est aussi montr\u00e9 dangereux (38e, 47e), avant que Panichelli ne s\u2019offre un doubl\u00e9 (3-1, 49e). L\u2019Argentin, meilleur buteur de Ligue 1\u00a0\u00e0 l\u2019heure actuelle, compte d\u00e9j\u00e0 sept buts dans son escarcelle.<\/p>\n<p>                                       Lire aussi |  Article r\u00e9serv\u00e9 \u00e0 nos abonn\u00e9s  <a href=\"https:\/\/www.lemonde.fr\/sport\/article\/2025\/08\/28\/au-rc-strasbourg-des-supporteurs-inquiets-de-voir-leur-club-devenir-le-centre-de-formation-de-chelsea_6636952_3242.html\" class=\"js-article-read-also catcher--favoris__link\" data-premium=\"1\" id=\"article-title-3435149\" rel=\"nofollow noopener\" target=\"_blank\">Au RC Strasbourg, des supporteurs inquiets de voir leur club devenir le \u00ab\u00a0centre de formation de Chelsea\u00a0\u00bb<\/a>    <\/p>\n<p>   Lire plus tard  <\/p>\n<p class=\"article__paragraph  \">Le PSG a remis la marche avant en r\u00e9duisant l\u2019\u00e9cart sur un penalty transform\u00e9 par Gon\u00e7alo Ramos (2-3, 57e), apr\u00e8s que Dou\u00e9, alert\u00e9 par une magnifique passe longue de Beraldo, ait \u00e9t\u00e9 fauch\u00e9 par le gardien, Mike Penders. Les Parisiens ont continu\u00e9 \u00e0 sonner la r\u00e9volte, d\u2019abord sans r\u00e9ussite avec un poteau de Lee (72e), plusieurs \u00e9checs de Ramos (61e, 72e) et un tir \u00e0 c\u00f4t\u00e9 de Ndjantou (75e).<\/p>\n<p class=\"article__paragraph  \">C\u2019est finalement Senny Mayulu, en deux temps (3-3, 80e), qui a confirm\u00e9 son efficacit\u00e9 \u00e0 19\u00a0ans \u00e0 peine, apr\u00e8s son but en finale de Ligue des champions \u00e0 Munich le 31\u00a0mai contre l\u2019Inter Milan, et \u00e0 Barcelone d\u00e9but octobre. De l\u2019autre c\u00f4t\u00e9, Panichelli a manqu\u00e9 de peu le tripl\u00e9 de la t\u00eate (85e).<\/p>\n<p>                    Suspense au sommet de la Ligue 1                    <\/p>\n<p class=\"article__paragraph  \">\u00ab\u00a0Venir et faire jeu \u00e9gal avec la meilleure \u00e9quipe d\u2019Europe, le meilleur coach\u2026 je suis vraiment tr\u00e8s fier de cette \u00e9quipe\u00a0\u00bb, a insist\u00e9 l\u2019entra\u00eeneur strasbourgeois, Liam Rosenior. \u00ab\u00a0Nous sommes bien plac\u00e9s en Ligue 1 (\u2026) Mon groupe continue \u00e0 apprendre, mais on est comp\u00e9titifs \u00e0 chaque rencontre\u00a0\u00bb, a appr\u00e9ci\u00e9 le technicien anglais.<\/p>\n<p> Newsletter  <\/p>\n<p> <a href=\"https:\/\/www.lemonde.fr\/newsletters\/sport\/\" class=\"inread__link js-services-inread-link\" target=\"_blank\" rel=\"nofollow noopener\">  <\/p>\n<p>\u00ab Sport \u00bb<\/p>\n<p>Enqu\u00eates, reportages, analyses : l&rsquo;actualit\u00e9 du sport dans votre bo\u00eete e-mail chaque samedi<\/p>\n<p>S&rsquo;inscrire<\/p>\n<p> <\/a>          <\/p>\n<p> Le Monde Guides d\u2019achat  <\/p>\n<p> <a href=\"https:\/\/www.lemonde.fr\/guides-d-achat\/article\/2018\/06\/30\/les-meilleurs-antivols-pour-attacher-son-velo_5323670_5306571.html\" class=\"inread__link js-services-inread-link\" target=\"_blank\" rel=\"nofollow noopener\">  <\/p>\n<p>Cadenas de v\u00e9lo<\/p>\n<p>Les meilleurs cadenas de v\u00e9lo<\/p>\n<p>Lire<\/p>\n<p> <\/a>      <\/p>\n<p> Newsletter  <\/p>\n<p> <a href=\"https:\/\/www.lemonde.fr\/newsletters\/sport\/\" class=\"inread__link js-services-inread-link\" target=\"_blank\" rel=\"nofollow noopener\">  <\/p>\n<p>\u00ab Sport \u00bb<\/p>\n<p>Enqu\u00eates, reportages, analyses : l&rsquo;actualit\u00e9 du sport dans votre bo\u00eete e-mail chaque samedi<\/p>\n<p>S&rsquo;inscrire<\/p>\n<p> <\/a>             <\/p>\n<p class=\"article__paragraph  \">Signe d\u2019une certaine nervosit\u00e9 c\u00f4t\u00e9 parisien, le tr\u00e8s fair-play Luis Enrique a \u00e9cop\u00e9 d\u2019un carton jaune sorti de la poche de Cl\u00e9ment Turpin, mais l\u2019Espagnol a reconnu la valeur de son adversaire du soir, \u00ab\u00a0l\u2019une des meilleures \u00e9quipes de la Ligue 1, sans aucun doute\u00a0\u00bb. N\u00e9anmoins, \u00ab\u00a0j\u2019aimerais jouer un jour avec Strasbourg avec toute mon \u00e9quipe, et ce serait beau alors d\u2019\u00eatre \u00e0 notre meilleur\u00a0\u00bb, a-t-il soulign\u00e9, visiblement frustr\u00e9 par le match.<\/p>\n<p>                                       Lire aussi |  Article r\u00e9serv\u00e9 \u00e0 nos abonn\u00e9s  <a href=\"https:\/\/www.lemonde.fr\/sport\/article\/2025\/10\/16\/va-t-on-vers-la-multiplication-des-delocalisations-de-matchs-des-championnats-europeens-de-football_6647162_3242.html\" class=\"js-article-read-also catcher--favoris__link\" data-premium=\"1\" id=\"article-title-3441815\" rel=\"nofollow noopener\" target=\"_blank\">Va-t-on vers la multiplication des d\u00e9localisations de matchs des championnats europ\u00e9ens de football\u00a0?<\/a>    <\/p>\n<p>   Lire plus tard  <\/p>\n<p class=\"article__paragraph  \">\u00ab\u00a0On est dans une p\u00e9riode particuli\u00e8re, vu les circonstances\u00a0\u00bb et les absences, a ajout\u00e9 Luis Enrique. \u00ab\u00a0Par exp\u00e9rience nous savons quels seront les mois o\u00f9 tout va se jouer, notre objectif est d\u2019arriver au meilleur moment et gagner tous les troph\u00e9es\u00a0\u00bb.<\/p>\n<p class=\"article__paragraph  \">Avec ces montagnes russes, le PSG ne pr\u00e9pare pas son d\u00e9placement en Allemagne de mani\u00e8re id\u00e9ale. Mais la Ligue 1 est gagnante avec ce match spectaculaire et ind\u00e9cis jusqu\u2019au bout, qui maintient du suspense au classement.<\/p>\n<p class=\"author__detail\">  Le Monde avec AFP  <\/p>\n<p>                <a href=\"https:\/\/www.lemonde.fr\/syndication\/\" class=\"reuse__content\" title=\"R\u00e9utiliser ce contenu\" target=\"_blank\" rel=\"nofollow noopener\">R\u00e9utiliser ce contenu<\/a>      <\/p>\n","protected":false},"excerpt":{"rendered":"Le d\u00e9feNseur du Paris Saint-Germain Illia Zabarnyi, au sol apr\u00e8s un duel avec l\u2019attaquant strasbourgeois Martial Gogo, au&hellip;\n","protected":false},"author":2,"featured_media":471165,"comment_status":"","ping_status":"","sticky":false,"template":"","format":"standard","meta":{"footnotes":""},"categories":[2820],"tags":[1111,11,1777,674,1011,27,775,12,25,640],"class_list":{"0":"post-471164","1":"post","2":"type-post","3":"status-publish","4":"format-standard","5":"has-post-thumbnail","7":"category-strasbourg","8":"tag-actu","9":"tag-actualites","10":"tag-eu","11":"tag-europe","12":"tag-fr","13":"tag-france","14":"tag-grand-est","15":"tag-news","16":"tag-republique-francaise","17":"tag-strasbourg"},"share_on_mastodon":{"url":"https:\/\/pubeurope.com\/@fr\/115392244448210337","error":""},"_links":{"self":[{"href":"https:\/\/www.europesays.com\/fr\/wp-json\/wp\/v2\/posts\/471164","targetHints":{"allow":["GET"]}}],"collection":[{"href":"https:\/\/www.europesays.com\/fr\/wp-json\/wp\/v2\/posts"}],"about":[{"href":"https:\/\/www.europesays.com\/fr\/wp-json\/wp\/v2\/types\/post"}],"author":[{"embeddable":true,"href":"https:\/\/www.europesays.com\/fr\/wp-json\/wp\/v2\/users\/2"}],"replies":[{"embeddable":true,"href":"https:\/\/www.europesays.com\/fr\/wp-json\/wp\/v2\/comments?post=471164"}],"version-history":[{"count":0,"href":"https:\/\/www.europesays.com\/fr\/wp-json\/wp\/v2\/posts\/471164\/revisions"}],"wp:featuredmedia":[{"embeddable":true,"href":"https:\/\/www.europesays.com\/fr\/wp-json\/wp\/v2\/media\/471165"}],"wp:attachment":[{"href":"https:\/\/www.europesays.com\/fr\/wp-json\/wp\/v2\/media?parent=471164"}],"wp:term":[{"taxonomy":"category","embeddable":true,"href":"https:\/\/www.europesays.com\/fr\/wp-json\/wp\/v2\/categories?post=471164"},{"taxonomy":"post_tag","embeddable":true,"href":"https:\/\/www.europesays.com\/fr\/wp-json\/wp\/v2\/tags?post=471164"}],"curies":[{"name":"wp","href":"https:\/\/api.w.org\/{rel}","templated":true}]}}