{"id":471166,"date":"2025-10-18T00:04:22","date_gmt":"2025-10-18T00:04:22","guid":{"rendered":"https:\/\/www.europesays.com\/fr\/471166\/"},"modified":"2025-10-18T00:04:22","modified_gmt":"2025-10-18T00:04:22","slug":"eric-ciotti-a-t-il-trouve-sa-madame-securite-une-ancienne-sous-prefete-des-alpes-maritimes-et-du-var","status":"publish","type":"post","link":"https:\/\/www.europesays.com\/fr\/471166\/","title":{"rendered":"\u00c9ric Ciotti a-t-il trouv\u00e9 sa \u00ab madame s\u00e9curit\u00e9 \u00bb, une ancienne sous-pr\u00e9f\u00e8te des Alpes-Maritimes et du Var ?"},"content":{"rendered":"<p class=\"fs-5 \">Il a pr\u00e9venu qu\u2019il fallait s\u2019attendre \u00e0 des surprises. Et il a programm\u00e9 de m\u00e9nager ses effets. \u00c9ric Ciotti n\u2019est pas homme \u00e0 tout d\u00e9voiler d\u2019un coup. Son casting pour tenter de remporter la mairie de Nice et d\u00e9tr\u00f4ner Christian Estrosi le 15 et 22 mars \u2013 son but \u2013, le d\u00e9put\u00e9 de l\u2019Union des droites pour la R\u00e9publique (UDR) <a href=\"https:\/\/www.nicematin.com\/societe\/politique\/municipales-2026\/eric-ciotti-devoile-son-equipe-de-campagne-pour-conquerir-la-mairie-de-nice-10649631\" rel=\"nofollow noopener\" target=\"_blank\">a pr\u00e9vu de le d\u00e9voiler au compte-gouttes<\/a>. Chaque coup, apr\u00e8s l\u2019autre. Chaque prise, apr\u00e8s l\u2019autre&#8230; Lundi 6 octobre 2025, l\u2019alli\u00e9 du Rassemblement national a commenc\u00e9 fort, d\u00e9clenchant un tremblement de terre en mairie. \u00c9ric Ciotti a d\u00e9bauch\u00e9 rien moins que le chef d\u2019entreprise <a href=\"https:\/\/www.nicematin.com\/societe\/politique\/municipales-2026\/l-entree-de-jean-pierre-rivere-sur-la-liste-d-eric-ciotti-pour-les-municipales-2026-fait-jaser-a-nice-10651679\" rel=\"nofollow noopener\" target=\"_blank\">Jean-Pierre Riv\u00e8re, ex-patron de l\u2019OGC Nice<\/a>, pour en faire son futur Premier adjoint en cas de victoire aux \u00e9lections municipales.<\/p>\n<p>                                                                                Charg\u00e9e de mission \u00e0 l\u2019Int\u00e9rieur et au S\u00e9nat<\/p>\n<p class=\"fs-5 \">Et, selon nos informations, <strong>la prochaine recrue du patron de l\u2019UDR pourrait \u00eatre Fran\u00e7oise Souliman<\/strong>. Moins \u00ab connue \u00bb que Jean-Pierre Riv\u00e8re, elle n\u2019en serait pas moins, elle aussi, une \u00ab belle prise \u00bb. Cette <strong>ancienne sous-pr\u00e9f\u00e8te des Alpes-Maritimes \u2013 de 2004 \u00e0 2007 \u2013 <\/strong>puis dans le Var, a pass\u00e9, auparavant, de nombreuses ann\u00e9es dans les cabinets minist\u00e9riels, notamment au minist\u00e8re de l\u2019Int\u00e9rieur de 1993 \u00e0 1995. Elle fut ensuite, en 1999, charg\u00e9e de mission au S\u00e9nat, toujours pour les questions de S\u00e9curit\u00e9 et de politique de la Ville. Une vraie sp\u00e9cialiste des questions de s\u00e9curit\u00e9.<\/p>\n<p>                                                                                Pour le G7 en Haute-Savoie<\/p>\n<p class=\"fs-5 \"><a href=\"https:\/\/www.nicematin.com\/societe\/securite\/mensonges-contre-fake-news-eric-ciotti-et-anthony-borre-s-affrontent-sur-les-effectifs-de-la-police-municipale-de-nice-991293\" rel=\"nofollow noopener\" target=\"_blank\">\u00c9ric Ciotti aurait-il trouv\u00e9 son \u00ab Anthony Borr\u00e9 \u00bb<\/a> ? Selon nos sources, le d\u00e9put\u00e9 a en effet approch\u00e9 Fran\u00e7oise Souliman. Si leur alliance se fait, celle qui a quitt\u00e9 un poste de pr\u00e9fet en Meurthe-et-Moselle en ao\u00fbt pourrait \u00eatre la num\u00e9ro deux de la liste du candidat UDR-RN. Elle endosserait le costume de \u00ab madame s\u00e9curit\u00e9 \u00bb.<\/p>\n<p class=\"fs-5 \">Pour le moment, selon La Gazette, elle a \u00e9t\u00e9 nomm\u00e9e sur d\u00e9cision du Pr\u00e9sident Macron pour une mission dans le cadre du G7, le sommet des plus grandes puissances \u00e9conomiques mondiales qui se d\u00e9roulera \u00e0 \u00c9vian-les-Bains, du 14 au 16 juin 2026.<\/p>\n","protected":false},"excerpt":{"rendered":"Il a pr\u00e9venu qu\u2019il fallait s\u2019attendre \u00e0 des surprises. Et il a programm\u00e9 de m\u00e9nager ses effets. \u00c9ric&hellip;\n","protected":false},"author":2,"featured_media":471167,"comment_status":"","ping_status":"","sticky":false,"template":"","format":"standard","meta":{"footnotes":""},"categories":[2819],"tags":[1111,11,1777,674,1011,27,3434,12,2401,882,25],"class_list":{"0":"post-471166","1":"post","2":"type-post","3":"status-publish","4":"format-standard","5":"has-post-thumbnail","7":"category-nice","8":"tag-actu","9":"tag-actualites","10":"tag-eu","11":"tag-europe","12":"tag-fr","13":"tag-france","14":"tag-municipales-2026","15":"tag-news","16":"tag-nice","17":"tag-provence-alpes-cote-dazur","18":"tag-republique-francaise"},"share_on_mastodon":{"url":"https:\/\/pubeurope.com\/@fr\/115392247641991268","error":""},"_links":{"self":[{"href":"https:\/\/www.europesays.com\/fr\/wp-json\/wp\/v2\/posts\/471166","targetHints":{"allow":["GET"]}}],"collection":[{"href":"https:\/\/www.europesays.com\/fr\/wp-json\/wp\/v2\/posts"}],"about":[{"href":"https:\/\/www.europesays.com\/fr\/wp-json\/wp\/v2\/types\/post"}],"author":[{"embeddable":true,"href":"https:\/\/www.europesays.com\/fr\/wp-json\/wp\/v2\/users\/2"}],"replies":[{"embeddable":true,"href":"https:\/\/www.europesays.com\/fr\/wp-json\/wp\/v2\/comments?post=471166"}],"version-history":[{"count":0,"href":"https:\/\/www.europesays.com\/fr\/wp-json\/wp\/v2\/posts\/471166\/revisions"}],"wp:featuredmedia":[{"embeddable":true,"href":"https:\/\/www.europesays.com\/fr\/wp-json\/wp\/v2\/media\/471167"}],"wp:attachment":[{"href":"https:\/\/www.europesays.com\/fr\/wp-json\/wp\/v2\/media?parent=471166"}],"wp:term":[{"taxonomy":"category","embeddable":true,"href":"https:\/\/www.europesays.com\/fr\/wp-json\/wp\/v2\/categories?post=471166"},{"taxonomy":"post_tag","embeddable":true,"href":"https:\/\/www.europesays.com\/fr\/wp-json\/wp\/v2\/tags?post=471166"}],"curies":[{"name":"wp","href":"https:\/\/api.w.org\/{rel}","templated":true}]}}