{"id":471168,"date":"2025-10-18T00:05:30","date_gmt":"2025-10-18T00:05:30","guid":{"rendered":"https:\/\/www.europesays.com\/fr\/471168\/"},"modified":"2025-10-18T00:05:30","modified_gmt":"2025-10-18T00:05:30","slug":"les-supporters-de-lol-encadres-a-nice","status":"publish","type":"post","link":"https:\/\/www.europesays.com\/fr\/471168\/","title":{"rendered":"Les supporters de l&rsquo;OL encadr\u00e9s \u00e0 Nice"},"content":{"rendered":"<p>                            <img width=\"770\" height=\"433\" src=\"https:\/\/www.europesays.com\/fr\/wp-content\/uploads\/2025\/09\/AFP__20250816__69PJ29F__v1__HighRes__FblFraLigue1LensLyon-770x433.jpg\" class=\"attachment-article size-article wp-post-image\" alt=\"Le parcage des supporters de l'OL \u00e0 Lens\" decoding=\"async\" fetchpriority=\"high\"  \/><\/p>\n<p>Le parcage des supporters de l\u2019OL \u00e0 Lens (Photo by Sameer Al-DOUMY \/ AFP)<\/p>\n<p>Samedi, 600 supporters de l&rsquo;Olympique lyonnais sont autoris\u00e9s \u00e0 se d\u00e9placer \u00e0 Nice. Un voyage qui se fera sous escorte et sous surveillance.<\/p>\n<p>Il ne s&rsquo;agit pas du plus long d\u00e9placement pour les supporters rhodaniens, mais la vigilance est visiblement de mise avant <a href=\"https:\/\/www.olympique-et-lyonnais.com\/nice-veut-sinspirer-de-lol-pour-etre-plus-solide,382701.html\" target=\"_blank\" rel=\"noopener\">le Nice<\/a> &#8211; OL de samedi (17 heures). En effet, un peu plus de 24 heures avant le duel entre <a href=\"https:\/\/www.olympique-et-lyonnais.com\/lol-devra-se-mefier-de-la-verticalite-nicoise,382730.html\" target=\"_blank\" rel=\"noopener\">les deux formations<\/a> comptant pour la 8e journ\u00e9e de Ligue 1, la pr\u00e9fecture des Alpes-Maritimes a publi\u00e9 un arr\u00eat\u00e9. <\/p>\n<p>Celui-ci restreint la mobilit\u00e9 des fans de l&rsquo;OL. Les quelque 600 Lyonnais qui feront le voyage jusqu&rsquo;\u00e0 la capitale de la C\u00f4te d&rsquo;Azur devront imp\u00e9rativement prendre les cars depuis le Rh\u00f4ne. Au p\u00e9age de Capitou, dans le Var, le convoi sera pris en charge par une escorte polici\u00e8re. Elle les conduira au stade de l&rsquo;Allianz Riviera. Le retour se fera dans les m\u00eames conditions. <\/p>\n<p>Le bus des fans ni\u00e7ois caillass\u00e9 \u00e0 Lyon en 2024<\/p>\n<p>Logiquement au vu de cette annonce, et comme le veut d\u00e9sormais la \u00ab\u00a0tradition\u00a0\u00bb, il leur sera interdit de circuler, de samedi 10 heures \u00e0 minuit, aux abords de l&rsquo;enceinte sportive ni\u00e7oise, ainsi que dans un large secteur de la ville. Un document paraph\u00e9 ce vendredi 17 octobre, par ailleurs. <\/p>\n<p>Pour justifier ce dispositif, les autorit\u00e9s mettent par exemple en avant le caillassage du bus des spectateurs maralpins au retour de Lyon en f\u00e9vrier 2024. Mais il est surtout mentionn\u00e9 le \u00ab\u00a0caract\u00e8re r\u00e9p\u00e9t\u00e9 d&rsquo;\u00e9v\u00e8nements de nature \u00e0 troubler l&rsquo;ordre public\u00a0\u00bb, \u00e0 la fois lors des affiches entre ses deux \u00e9quipes, et lors des d\u00e9placements des supports de l&rsquo;OL. <\/p>\n","protected":false},"excerpt":{"rendered":"Le parcage des supporters de l\u2019OL \u00e0 Lens (Photo by Sameer Al-DOUMY \/ AFP) Samedi, 600 supporters de&hellip;\n","protected":false},"author":2,"featured_media":387172,"comment_status":"","ping_status":"","sticky":false,"template":"","format":"standard","meta":{"footnotes":""},"categories":[2819],"tags":[1111,11,1777,674,1011,27,12,2401,241,882,25,10221],"class_list":{"0":"post-471168","1":"post","2":"type-post","3":"status-publish","4":"format-standard","5":"has-post-thumbnail","7":"category-nice","8":"tag-actu","9":"tag-actualites","10":"tag-eu","11":"tag-europe","12":"tag-fr","13":"tag-france","14":"tag-news","15":"tag-nice","16":"tag-ol","17":"tag-provence-alpes-cote-dazur","18":"tag-republique-francaise","19":"tag-supporters"},"share_on_mastodon":{"url":"https:\/\/pubeurope.com\/@fr\/115392252459228753","error":""},"_links":{"self":[{"href":"https:\/\/www.europesays.com\/fr\/wp-json\/wp\/v2\/posts\/471168","targetHints":{"allow":["GET"]}}],"collection":[{"href":"https:\/\/www.europesays.com\/fr\/wp-json\/wp\/v2\/posts"}],"about":[{"href":"https:\/\/www.europesays.com\/fr\/wp-json\/wp\/v2\/types\/post"}],"author":[{"embeddable":true,"href":"https:\/\/www.europesays.com\/fr\/wp-json\/wp\/v2\/users\/2"}],"replies":[{"embeddable":true,"href":"https:\/\/www.europesays.com\/fr\/wp-json\/wp\/v2\/comments?post=471168"}],"version-history":[{"count":0,"href":"https:\/\/www.europesays.com\/fr\/wp-json\/wp\/v2\/posts\/471168\/revisions"}],"wp:featuredmedia":[{"embeddable":true,"href":"https:\/\/www.europesays.com\/fr\/wp-json\/wp\/v2\/media\/387172"}],"wp:attachment":[{"href":"https:\/\/www.europesays.com\/fr\/wp-json\/wp\/v2\/media?parent=471168"}],"wp:term":[{"taxonomy":"category","embeddable":true,"href":"https:\/\/www.europesays.com\/fr\/wp-json\/wp\/v2\/categories?post=471168"},{"taxonomy":"post_tag","embeddable":true,"href":"https:\/\/www.europesays.com\/fr\/wp-json\/wp\/v2\/tags?post=471168"}],"curies":[{"name":"wp","href":"https:\/\/api.w.org\/{rel}","templated":true}]}}