{"id":471169,"date":"2025-10-18T00:06:20","date_gmt":"2025-10-18T00:06:20","guid":{"rendered":"https:\/\/www.europesays.com\/fr\/471169\/"},"modified":"2025-10-18T00:06:20","modified_gmt":"2025-10-18T00:06:20","slug":"des-abus-sexuels-et-physiques-denonces-dans-quinze-ecoles-de-loire-atlantique-annonce-le","status":"publish","type":"post","link":"https:\/\/www.europesays.com\/fr\/471169\/","title":{"rendered":"Des abus sexuels et physiques d\u00e9nonc\u00e9s dans quinze \u00e9coles de Loire-Atlantique, annonce le"},"content":{"rendered":"<tr wp_automatic_readability=\"3.9117647058824\">\n<td valign=\"middle\" align=\"center\" class=\"col-logo\">\n    <img decoding=\"async\" src=\"https:\/\/www.europesays.com\/fr\/wp-content\/uploads\/2025\/04\/presse-ocean.gif\" alt=\"logo Presse-Oc\u00e9an\" height=\"66\"\/><\/p>\n<\/td>\n<td class=\"col-titre\">\n\t\t\tVendredi 17 octobre 2025 18:35<br \/>\n\t\t\t<a class=\"icon-bulle sizeL count\" href=\"#ancreAvis\"><br \/>\n\t&#8230;<br \/>\n<\/a><\/td>\n<\/tr>\n<p>\t\t<a class=\"mavillebox2 elmt-photo\" href=\"https:\/\/maville.com\/photosmvi\/2025\/10\/17\/P35528896D7025371G.jpg\" title=\" L\u2019\u00e9v\u00eaque de Nantes Mgr\u00a0Laurent Percerou a finalement d\u00e9cid\u00e9 de rendre publique la liste des \u00e9tablissements scolaires concern\u00e9s.  \u00a9  Photo archives PO-OL  \" rel=\"galerie_actu nofollow noopener\" target=\"_blank\"><br \/>\n\t<img decoding=\"async\" src=\"https:\/\/www.europesays.com\/fr\/wp-content\/uploads\/2025\/10\/P35528896D7025371G_crop_640-330_.jpg\" alt=\"photo  l\u2019\u00e9v\u00eaque de nantes mgr\u00a0laurent percerou a finalement d\u00e9cid\u00e9 de rendre publique la liste des \u00e9tablissements scolaires concern\u00e9s.  \u00a9  photo archives po-ol \"\/><br \/>\n\t1<br \/>\n<\/a><\/p>\n<p class=\"elmt-legende\"> L\u2019\u00e9v\u00eaque de Nantes Mgr\u00a0Laurent Percerou a finalement d\u00e9cid\u00e9 de rendre publique la liste des \u00e9tablissements scolaires concern\u00e9s.  \u00a9  Photo archives PO-OL  <\/p>\n<p>\t\t\u00c0 l\u2019issue d\u2019une rencontre avec le collectif \u00ab\u00a0Saint-Stanislas victimes de l\u2019institution\u00a0\u00bb vendredi 17\u00a0octobre 2025, le dioc\u00e8se de Nantes annonce avoir re\u00e7u des t\u00e9moignages de violences physiques ou sexuelles au sein de quinze \u00e9tablissements scolaires de Loire-Atlantique.<\/p>\n<p><b>Cet article est r\u00e9serv\u00e9 aux abonn\u00e9s<\/b><\/p>\n<p>Pour un acc\u00e8s imm\u00e9diat, abonnez-vous<\/p>\n<p><b>1\u00e8re semaine offerte<\/b><\/p>\n<p>\t\t Marianne Dardard \u00a0\u00a0<br \/>\n\t\tPresse-Oc\u00e9an<\/p>\n<p>Retrouvez d&rsquo;autres actus sur la commune de :<\/p>\n<p>\t\t&#13;<\/p>\n","protected":false},"excerpt":{"rendered":"Vendredi 17 octobre 2025 18:35 &#8230; 1 L\u2019\u00e9v\u00eaque de Nantes Mgr\u00a0Laurent Percerou a finalement d\u00e9cid\u00e9 de rendre publique&hellip;\n","protected":false},"author":2,"featured_media":471170,"comment_status":"","ping_status":"","sticky":false,"template":"","format":"standard","meta":{"footnotes":""},"categories":[2818],"tags":[48978,1111,11,2562,59486,11385,4019,1777,674,1011,27,3047,766,12,2636,36625,25,48979],"class_list":{"0":"post-471169","1":"post","2":"type-post","3":"status-publish","4":"format-standard","5":"has-post-thumbnail","7":"category-nantes","8":"tag-abus","9":"tag-actu","10":"tag-actualites","11":"tag-annonce","12":"tag-denonces","13":"tag-diocese","14":"tag-ecoles","15":"tag-eu","16":"tag-europe","17":"tag-fr","18":"tag-france","19":"tag-loire-atlantique","20":"tag-nantes","21":"tag-news","22":"tag-pays-de-la-loire","23":"tag-physiques","24":"tag-republique-francaise","25":"tag-sexuels"},"share_on_mastodon":{"url":"https:\/\/pubeurope.com\/@fr\/115392256082313271","error":""},"_links":{"self":[{"href":"https:\/\/www.europesays.com\/fr\/wp-json\/wp\/v2\/posts\/471169","targetHints":{"allow":["GET"]}}],"collection":[{"href":"https:\/\/www.europesays.com\/fr\/wp-json\/wp\/v2\/posts"}],"about":[{"href":"https:\/\/www.europesays.com\/fr\/wp-json\/wp\/v2\/types\/post"}],"author":[{"embeddable":true,"href":"https:\/\/www.europesays.com\/fr\/wp-json\/wp\/v2\/users\/2"}],"replies":[{"embeddable":true,"href":"https:\/\/www.europesays.com\/fr\/wp-json\/wp\/v2\/comments?post=471169"}],"version-history":[{"count":0,"href":"https:\/\/www.europesays.com\/fr\/wp-json\/wp\/v2\/posts\/471169\/revisions"}],"wp:featuredmedia":[{"embeddable":true,"href":"https:\/\/www.europesays.com\/fr\/wp-json\/wp\/v2\/media\/471170"}],"wp:attachment":[{"href":"https:\/\/www.europesays.com\/fr\/wp-json\/wp\/v2\/media?parent=471169"}],"wp:term":[{"taxonomy":"category","embeddable":true,"href":"https:\/\/www.europesays.com\/fr\/wp-json\/wp\/v2\/categories?post=471169"},{"taxonomy":"post_tag","embeddable":true,"href":"https:\/\/www.europesays.com\/fr\/wp-json\/wp\/v2\/tags?post=471169"}],"curies":[{"name":"wp","href":"https:\/\/api.w.org\/{rel}","templated":true}]}}