{"id":471175,"date":"2025-10-18T00:09:15","date_gmt":"2025-10-18T00:09:15","guid":{"rendered":"https:\/\/www.europesays.com\/fr\/471175\/"},"modified":"2025-10-18T00:09:15","modified_gmt":"2025-10-18T00:09:15","slug":"previsions-du-samedi-18-octobre-2025-5","status":"publish","type":"post","link":"https:\/\/www.europesays.com\/fr\/471175\/","title":{"rendered":"pr\u00e9visions du samedi 18 octobre 2025"},"content":{"rendered":"<p class=\"mb-4 text-lg md:leading-8 break-words\"><strong>M\u00e9t\u00e9o &#8211; On pr\u00e9voit des \u00e9claircies pour cette journ\u00e9e. Les temp\u00e9ratures seront de 16\u00b0C la matin\u00e9e et de 23\u00b0C l&rsquo;apr\u00e8s-midi&#8230;<\/strong><\/p>\n<p class=\"mb-4 text-lg md:leading-8 break-words\">\u00c0 Bordeaux, les valeurs seront de 10\u00b0C au minimum et de 25\u00b0C au maximum la journ\u00e9e. Un vent de sud-est soufflera un peu, avec 8 km\/h. Le ciel va s&rsquo;\u00e9claircir dans la matin\u00e9e. Il fera 16\u00b0C en moyenne. L&rsquo;apr\u00e8s-midi, un grand soleil brillera. L&rsquo;air ambiant va se r\u00e9chauffer avec une hausse de plusieurs degr\u00e9s. Les temp\u00e9ratures s&rsquo;\u00e9chelonneront entre 20 et 25\u00b0C. Le ciel va l\u00e9g\u00e8rement se d\u00e9gager dans la soir\u00e9e avec des \u00e9claircies. On passera de samedi \u00e0 dimanche par une nuit claire.<\/p>\n<p class=\"mb-4 text-lg md:leading-8 break-words\">La ville de Bordeaux profitera de quelques \u00e9claircies demain. Une m\u00e9t\u00e9o plus chaude est pr\u00e9vue \u00e9tant donn\u00e9 que les temp\u00e9ratures vont enregistrer une augmentation. On anticipe des valeurs avoisinant 19\u00b0C. Le matin, une l\u00e9g\u00e8re brise de sud-est sera ressentie par les habitants. Les maximales atteindront les 24\u00b0C dans l&rsquo;apr\u00e8s-midi alors que les minimales seront de 17\u00b0C. Il va falloir \u00eatre pr\u00e9voyant demain soir : de petites averses sont \u00e0 pr\u00e9voir. Un vent de sud soufflera doucement.<\/p>\n<p class=\"mb-4 text-lg md:leading-8 break-words\">Le temps des journ\u00e9es suivantes va se d\u00e9grader. Un ciel pluvieux, pour des temp\u00e9ratures de 16\u00b0C environ, est \u00e0 pr\u00e9voir.<\/p>\n<p class=\"mb-4 text-lg md:leading-8 break-words\"><a href=\"https:\/\/www.20minutes.fr\/planete\/previsions-meteo\/4180098-20251018-meteo-bordeaux-previsions-samedi-18-octobre-2025?at_medium=RSS%20feed&amp;at_campaign=ynews&amp;utm_source=yahoo&amp;utm_medium=rss&amp;utm_campaign=news_feed&amp;utm_content=read_more_link&quot;\" rel=\"nofollow noopener\" target=\"_blank\" data-ylk=\"slk:Lire la suite sur 20minutes;elm:context_link;itc:0;sec:content-canvas\" class=\"link \">Lire la suite sur 20minutes<\/a><\/p>\n","protected":false},"excerpt":{"rendered":"M\u00e9t\u00e9o &#8211; On pr\u00e9voit des \u00e9claircies pour cette journ\u00e9e. Les temp\u00e9ratures seront de 16\u00b0C la matin\u00e9e et de&hellip;\n","protected":false},"author":2,"featured_media":471176,"comment_status":"","ping_status":"","sticky":false,"template":"","format":"standard","meta":{"footnotes":""},"categories":[2817],"tags":[1111,11,1997,1777,674,1011,27,51394,29508,2487,12,2219,25],"class_list":{"0":"post-471175","1":"post","2":"type-post","3":"status-publish","4":"format-standard","5":"has-post-thumbnail","7":"category-bordeaux","8":"tag-actu","9":"tag-actualites","10":"tag-bordeaux","11":"tag-eu","12":"tag-europe","13":"tag-fr","14":"tag-france","15":"tag-la-matinee","16":"tag-le-ciel","17":"tag-meteo","18":"tag-news","19":"tag-nouvelle-aquitaine","20":"tag-republique-francaise"},"share_on_mastodon":{"url":"https:\/\/pubeurope.com\/@fr\/115392267266992127","error":""},"_links":{"self":[{"href":"https:\/\/www.europesays.com\/fr\/wp-json\/wp\/v2\/posts\/471175","targetHints":{"allow":["GET"]}}],"collection":[{"href":"https:\/\/www.europesays.com\/fr\/wp-json\/wp\/v2\/posts"}],"about":[{"href":"https:\/\/www.europesays.com\/fr\/wp-json\/wp\/v2\/types\/post"}],"author":[{"embeddable":true,"href":"https:\/\/www.europesays.com\/fr\/wp-json\/wp\/v2\/users\/2"}],"replies":[{"embeddable":true,"href":"https:\/\/www.europesays.com\/fr\/wp-json\/wp\/v2\/comments?post=471175"}],"version-history":[{"count":0,"href":"https:\/\/www.europesays.com\/fr\/wp-json\/wp\/v2\/posts\/471175\/revisions"}],"wp:featuredmedia":[{"embeddable":true,"href":"https:\/\/www.europesays.com\/fr\/wp-json\/wp\/v2\/media\/471176"}],"wp:attachment":[{"href":"https:\/\/www.europesays.com\/fr\/wp-json\/wp\/v2\/media?parent=471175"}],"wp:term":[{"taxonomy":"category","embeddable":true,"href":"https:\/\/www.europesays.com\/fr\/wp-json\/wp\/v2\/categories?post=471175"},{"taxonomy":"post_tag","embeddable":true,"href":"https:\/\/www.europesays.com\/fr\/wp-json\/wp\/v2\/tags?post=471175"}],"curies":[{"name":"wp","href":"https:\/\/api.w.org\/{rel}","templated":true}]}}