{"id":471183,"date":"2025-10-18T00:14:12","date_gmt":"2025-10-18T00:14:12","guid":{"rendered":"https:\/\/www.europesays.com\/fr\/471183\/"},"modified":"2025-10-18T00:14:12","modified_gmt":"2025-10-18T00:14:12","slug":"5-candidats-pour-un-seul-fauteuil-a-lhotel-de-ville","status":"publish","type":"post","link":"https:\/\/www.europesays.com\/fr\/471183\/","title":{"rendered":"5 candidats pour un seul fauteuil \u00e0 l&rsquo;h\u00f4tel de ville"},"content":{"rendered":"<p>La campagne\u00a0? Quelle campagne\u00a0? Le maire est \u00ab\u00a0au travail\u00a0\u00bb.\u00a0Beno\u00eet Payan (DVG) va adopter une strat\u00e9gie, vieille comme la politique, celle du sortant. Comprendre\u00a0: profiter de son statut d\u2019\u00e9lu pour rester au-dessus de la m\u00eal\u00e9e et se d\u00e9clarer le plus tard possible &#8211; pas avant janvier &#8211; pour ne pas s\u2019ab\u00eemer. Des mois que l\u2019ancien socialiste serre les dents face \u00e0 une opposition qui le pressurise en r\u00e9p\u00e9tant \u00e0 l\u2019envi qu\u2019il est\u00a0\u00ab\u00a0le maire non \u00e9lu\u00a0\u00bb. Si en\u00a02020, il s\u2019\u00e9tait effac\u00e9 de la t\u00eate de liste, contraint et forc\u00e9, pour ne pas compromettre la coalition de gauche et citoyenne du Printemps marseillais, le \u00ab\u00a0switch\u00a0\u00bb avec Mich\u00e8le Rubirola six mois apr\u00e8s avoir remport\u00e9 la mairie de Marseille reste comme un accroc\u00a0dans le costume. Et pour l\u2019ego. Toujours pas d\u00e9clar\u00e9, il ne boudait pas son plaisir sous les vivats le 20\u00a0septembre dernier lors de <a href=\"https:\/\/www.laprovence.com\/article\/region\/4367498644276714\/avec-benoit-payan-le-printemps-marseillais-repart-au-combat\" target=\"_blank\" rel=\"noopener\">la rentr\u00e9e du Printemps marseillais<\/a> o\u00f9 son leadership ne faisait d\u00e9sormais plus aucun doute pour la bataille \u00e0 venir. \u00ab\u00a0On nous a dit trop jeunes, trop vieux, trop incomp\u00e9tents, incapables. On nous pr\u00e9disait la d\u00e9faite, la chute. Puis, nous avons fait mentir tout cela\u00a0\u00bb, d\u00e9clarait-il aux militants venus en nombre \u00e0 la surprise g\u00e9n&#8230;<\/p>\n","protected":false},"excerpt":{"rendered":"La campagne\u00a0? Quelle campagne\u00a0? Le maire est \u00ab\u00a0au travail\u00a0\u00bb.\u00a0Beno\u00eet Payan (DVG) va adopter une strat\u00e9gie, vieille comme la&hellip;\n","protected":false},"author":2,"featured_media":471184,"comment_status":"","ping_status":"","sticky":false,"template":"","format":"standard","meta":{"footnotes":""},"categories":[2814],"tags":[17,5734,1111,11,1102,427,5949,1777,674,41846,1011,27,884,3554,12,471,882,25,8288],"class_list":{"0":"post-471183","1":"post","2":"type-post","3":"status-publish","4":"format-standard","5":"has-post-thumbnail","7":"category-marseille","8":"tag-17","9":"tag-5734","10":"tag-actu","11":"tag-actualites","12":"tag-breakingnews","13":"tag-candidats","14":"tag-elections","15":"tag-eu","16":"tag-europe","17":"tag-fauteuil","18":"tag-fr","19":"tag-france","20":"tag-marseille","21":"tag-municipales","22":"tag-news","23":"tag-pour","24":"tag-provence-alpes-cote-dazur","25":"tag-republique-francaise","26":"tag-seul"},"share_on_mastodon":{"url":"https:\/\/pubeurope.com\/@fr\/115392286770031558","error":""},"_links":{"self":[{"href":"https:\/\/www.europesays.com\/fr\/wp-json\/wp\/v2\/posts\/471183","targetHints":{"allow":["GET"]}}],"collection":[{"href":"https:\/\/www.europesays.com\/fr\/wp-json\/wp\/v2\/posts"}],"about":[{"href":"https:\/\/www.europesays.com\/fr\/wp-json\/wp\/v2\/types\/post"}],"author":[{"embeddable":true,"href":"https:\/\/www.europesays.com\/fr\/wp-json\/wp\/v2\/users\/2"}],"replies":[{"embeddable":true,"href":"https:\/\/www.europesays.com\/fr\/wp-json\/wp\/v2\/comments?post=471183"}],"version-history":[{"count":0,"href":"https:\/\/www.europesays.com\/fr\/wp-json\/wp\/v2\/posts\/471183\/revisions"}],"wp:featuredmedia":[{"embeddable":true,"href":"https:\/\/www.europesays.com\/fr\/wp-json\/wp\/v2\/media\/471184"}],"wp:attachment":[{"href":"https:\/\/www.europesays.com\/fr\/wp-json\/wp\/v2\/media?parent=471183"}],"wp:term":[{"taxonomy":"category","embeddable":true,"href":"https:\/\/www.europesays.com\/fr\/wp-json\/wp\/v2\/categories?post=471183"},{"taxonomy":"post_tag","embeddable":true,"href":"https:\/\/www.europesays.com\/fr\/wp-json\/wp\/v2\/tags?post=471183"}],"curies":[{"name":"wp","href":"https:\/\/api.w.org\/{rel}","templated":true}]}}