{"id":471187,"date":"2025-10-18T00:16:26","date_gmt":"2025-10-18T00:16:26","guid":{"rendered":"https:\/\/www.europesays.com\/fr\/471187\/"},"modified":"2025-10-18T00:16:26","modified_gmt":"2025-10-18T00:16:26","slug":"expos-lyon-explore-lyon-antique-immersion-a-lugdunum-par-laure-sole","status":"publish","type":"post","link":"https:\/\/www.europesays.com\/fr\/471187\/","title":{"rendered":"Expos Lyon &#8211; Explore Lyon antique : immersion \u00e0 Lugdunum par Laure Sol\u00e9"},"content":{"rendered":"<p itemprop=\"description\" style=\"font-weight: 600;\">    Lugdunum &#8211; mus\u00e9e et th\u00e9\u00e2tres romains a inaugur\u00e9 son nouveau dispositif pour parcourir la ville&#8230; il y a 2000 ans. Un accompagnement multiple a \u00e9t\u00e9 d\u00e9ploy\u00e9 dans les th\u00e9\u00e2tres romains, m\u00ealant m\u00e9diation \u00ab\u00a0classique\u00a0\u00bb, r\u00e9alit\u00e9 virtuelle, podcasts et maquette 3D.\u00a0\u00a0<\/p>\n<p><img decoding=\"async\" src=\"https:\/\/www.europesays.com\/fr\/wp-content\/uploads\/2025\/10\/2025-10-17-19-35-56_mgr0266phot005.jpg\" alt=\"\"\/><\/p>\n<p style=\"font-size:12px;\">Photo : \u00a9Lugdunum &#8211; mus\u00e9e et th\u00e9\u00e2tres romains<\/p>\n<p>\u00ab On nous a fait remonter un besoin, \u00e0 plusieurs reprises : les Lyonnais rencontrent des difficult\u00e9s \u00e0 comprendre la prestigieuse histoire de Lyon, \u00e0 se la figurer \u00bb, ainsi a d\u00e9but\u00e9 la prise de parole de Claire Iselin, directrice de Lugdunum, mus\u00e9e et th\u00e9\u00e2tres romains lors de la conf\u00e9rence de presse du 14 octobre dernier, pr\u00e9sentant le premier accomplissement d&rsquo;un travail de trois ans, Explore Lyon antique. Fort <a href=\"https:\/\/www.petit-bulletin.fr\/..\/article-79318-le-hold-up-des-musees-lyonnais.html\" target=\"_blank\" rel=\"noopener nofollow\">d&rsquo;une fr\u00e9quentation en hausse r\u00e9guli\u00e8re<\/a> (+30, 5 entre 2023 et 2024, +6, 8% entre 2024 et 2025), le mus\u00e9e poursuit son entreprise visant \u00e0 moderniser ses proc\u00e9d\u00e9s de m\u00e9diation. En cette 50e ann\u00e9e d&rsquo;existence du mus\u00e9e, c&rsquo;est au tour du parcours ext\u00e9rieur d&rsquo;\u00eatre renouvel\u00e9, une premi\u00e8re depuis 20 ans.<\/p>\n<p>Si le dispositif n&rsquo;est pas encore tout \u00e0 fait achev\u00e9, on peut d\u00e8s aujourd&rsquo;hui jouir du premier fruit d&rsquo;un travail de trois ans, qui a \u00e9t\u00e9 d\u00e9ploy\u00e9 sur le site jouxtant le mus\u00e9e m\u00e9tropolitain, celui des th\u00e9\u00e2tres romains. Cela devrait \u00eatre suivi, d&rsquo;ici la fin du printemps par des dispositifs similaires dans cinq autres lieux comportant des vestiges dans le 5e arrondissement : Les Thermes de la rue des Farges, les Mausol\u00e9es de la place Wernert, la Pile de l&rsquo;acqueduc, rue de Radisson, le Parc arch\u00e9ologique de Saint-Just et la basilique de Saint-Laurent de Choulans.<\/p>\n<p>Au premier abord, on observe surtout les 22 nouveaux panneaux explicatifs, qui accompagnent la d\u00e9ambulation des curieux comme des habitu\u00e9s. Des blocs de b\u00e9ton, aux formes arrondies qui se fondent dans le d\u00e9cor min\u00e9ral de l&rsquo;amphith\u00e9\u00e2tre. Les plaques explicatives sur fond vert sapin sont \u00e9crites en gros, en anglais et en fran\u00e7ais, tout en respectant <a href=\"https:\/\/www.petit-bulletin.fr\/..\/article-79219-une-nouvelle-facon-d-experimenter-le-musee-des-beaux-arts-de-lyon-avec-les-parcours-audio-clair.html\" target=\"_blank\" rel=\"noopener nofollow\">les m\u00e9thodes FALC<\/a>. \u00ab L&rsquo;enjeu est, comme toujours, li\u00e9 aux contraintes. Il fallait \u00e0 la fois que le nouveau mobilier se fonde dans le paysage et aussi qu&rsquo;il ne soit pas implant\u00e9 directement dans le sol pour prot\u00e9ger le site \u00bb, d\u00e9taille Jordan Boucard, en charge de la gestion des sites arch\u00e9ologiques et coordinateur d&rsquo;Explore Lyon antique. Ceux-ci sont donc autoportants et inamovibles, chacun pesant 300kg.<\/p>\n<p><img loading=\"lazy\" decoding=\"async\" class=\"img-responsive\" src=\"https:\/\/www.europesays.com\/fr\/wp-content\/uploads\/2025\/10\/2025-10-17-19-36-47_mgr0266phot012.jpg\" alt=\"\" width=\"768\" height=\"511\"\/>\u00a9Lugdunum &#8211; mus\u00e9e et th\u00e9\u00e2tres romainsImmersion\u00a0<\/p>\n<p>Ces panneaux comportent tous un QR code individuel, (abr\u00e9viation de Quick response code, ou \u00ab\u00a0code \u00e0 r\u00e9ponse rapide\u00a0\u00bb en fran\u00e7ais), un code-barres bidimensionnel qui permet, en une photo prise avec son smartphone de se retrouver sur une page web du mus\u00e9e, et d&rsquo;exp\u00e9rimenter une immersion statique dans des d\u00e9cors reconstitu\u00e9s, repr\u00e9sentant les lieux 2 000 ans en arri\u00e8re. En orientant son smartphone de ses propres pieds au ciel, de droite \u00e0 gauche, en faisant un tour sur soi-m\u00eame, on peut d\u00e9couvrir la reconstitution en 3D et comparer l&rsquo;am\u00e9nagement de l&rsquo;espace \u00e0 l&rsquo;\u00e9poque avec les vestiges. On peut m\u00eame agr\u00e9menter cette immersion par une petite s\u00e9ance d&rsquo;\u00e9coute d&rsquo;un des courts podcasts (aussi traduits en LSF) avec l&rsquo;un des 12 personnages choisis par le mus\u00e9e, qui commente la vue, ou se raconte lui-m\u00eame, \u00e0 l&rsquo;\u00e9poque antique. Strabon, l&#8217;empereur Claude, Claudia Victoria&#8230; : les com\u00e9diens, tant\u00f4t affables, tant\u00f4t imbus d&rsquo;eux-m\u00eames sont plaisants \u00e0 d\u00e9couvrir, et le jeu d&rsquo;acteur est ce qu&rsquo;il faut de bien jou\u00e9 pour les trouver attachants, sans que le sens ne disparaisse au service de la forme.<\/p>\n<p><img loading=\"lazy\" decoding=\"async\" class=\"img-responsive\" src=\"https:\/\/www.europesays.com\/fr\/wp-content\/uploads\/2025\/10\/2025-10-17-19-38-05_DSCF5669.JPG\" alt=\"\" width=\"768\" height=\"432\"\/>Au centre, Claire Iselin, directrice de Lugdunum, \u00e0 sa gauche, C\u00e9dric van Styvendael, vice-pr\u00e9sident \u00e0 la culture de la M\u00e9tropole et maire de Villeurbanne, \u00e0 droite, Bruno Bernard, pr\u00e9sident de la M\u00e9tropole\u00a0\u00a9LS\/LePetitBulletin<\/p>\n<p>Immersion toujours, le mus\u00e9e s&rsquo;est pourvu de 10 casques de r\u00e9alit\u00e9 virtuelle, mis \u00e0 disposition lors de visites comment\u00e9es. Ainsi, on peut se poster \u00e0 plusieurs endroits du site pour d\u00e9couvrir les commerces, une fontaine monumentale, des boutiques, les rues, les forums&#8230; et se figurer la vie de la cit\u00e9 et son architecture \u00e0 l&rsquo;\u00e9poque, notamment un mur de sc\u00e8ne de 30 m\u00e8tres de haut qu&rsquo;il aurait \u00e9t\u00e9 difficile d&rsquo;envisager sans ce coup de pouce num\u00e9rique. En revanche, on ne peut pas d\u00e9ambuler avec les casques. D&rsquo;apr\u00e8s Jordan Boucard, il s&rsquo;agit d&rsquo;un choix du mus\u00e9e : l&rsquo;id\u00e9e est que les visiteuses et visiteurs puissent conceptualiser en comparant les vestiges et la reconstitution d&rsquo;\u00e9poque, mais pas que le num\u00e9rique prenne le pas sur la visite du lieu dans sa forme actuelle.<\/p>\n<p><strong>Sauter au plafond&#8230; de l&rsquo;Od\u00e9on<\/strong> <br \/>D&rsquo;apr\u00e8s une r\u00e9\u00e9tude du plafond de l&rsquo;Od\u00e9on d&rsquo;Ath\u00e8nes, la toiture de l&rsquo;Od\u00e9on lyonnais a pu \u00eatre restitu\u00e9e le plus fid\u00e8lement possible. Via la reconstitution num\u00e9rique, on peut donc observer un plafond dit \u00ab\u00a0\u00e0 caisson\u00a0\u00bb qui surplombe l&rsquo;Od\u00e9on, construit avec des compartiments en creux dispos\u00e9s de fa\u00e7on r\u00e9guli\u00e8re, les parties saillantes qui les encadrent \u00e9voquant une grille avec de grandes ouvertures.<\/p>\n<p>La face \u00e9merg\u00e9e de l&rsquo;iceberg<\/p>\n<p>En tout, c&rsquo;est 80km\u00b2 de ville qui ont \u00e9t\u00e9 restitu\u00e9s sous forme d&rsquo;une maquette 3D de la ville au IIe si\u00e8cle, r\u00e9alis\u00e9e par les soci\u00e9t\u00e9s sp\u00e9cialis\u00e9es Art Graphique et Patrimoine et Mazedi et sous la houlette d&rsquo;un comit\u00e9 scientifique compos\u00e9 de sp\u00e9cialistes lyonnais et europ\u00e9ens. Art Graphique et Patrimoine a notamment mod\u00e9lis\u00e9 des villes du pourtour m\u00e9diterran\u00e9en et <a href=\"https:\/\/www.youtube.com\/watch?v=MOrYBpjXhq8\" target=\"_blank\" rel=\"noopener nofollow\">a reconstitu\u00e9 de sites patrimoniaux<\/a> syriens d\u00e9truits par des attaques de Daesh pour sensibiliser sur leur n\u00e9cessaire pr\u00e9servation.<\/p>\n<p><img loading=\"lazy\" decoding=\"async\" class=\"img-responsive\" src=\"https:\/\/www.europesays.com\/fr\/wp-content\/uploads\/2025\/10\/2025-10-17-19-36-57_PF1.4.JPG\" alt=\"\" width=\"768\" height=\"328\"\/>\u00a9Mazedia, Art graphique et patrimoine<\/p>\n<p>Les reconstitutions num\u00e9riques sont rarement aussi vastes, Explore Lyon antique fait office de pionni\u00e8re en la mati\u00e8re, et le mus\u00e9e m\u00e9tropolitain tente d&rsquo;exploiter cette mod\u00e9lisation de plusieurs fa\u00e7ons. Il compte amener cette maquette loin des \u00ab\u00a0vieilles pierres\u00a0\u00bb des th\u00e9\u00e2tres romains : la reconstitution pourrait \u00eatre exploitable sur tablette dans des \u00e9tablissements scolaires, des ehpads&#8230; et devrait \u00eatre mise \u00e0 jour au gr\u00e9 des nouvelles d\u00e9couvertes des scientifiques. Par exemple, la porte monumentale d\u00e9couverte dans le cimeti\u00e8re de Loyasse il y a moins d&rsquo;un an pu \u00eatre ajout\u00e9e in extremis dans le dispositif.<\/p>\n<p><strong>Une reconstitution en d\u00e9bat<\/strong> <br \/>Le travail de restitution d&rsquo;une p\u00e9riode aussi \u00e9loign\u00e9e, aussi pr\u00e9cis soit-il, peut comporter quelques incertitudes. Explore Lyon antique a pris le parti, par exemple, de placer un cirque dans sa ville num\u00e9ris\u00e9e. Si les experts savent qu&rsquo;il y avait un cirque dans la ville il y a 2000 ans, ils sont moins s\u00fbrs de l&#8217;emplacement pr\u00e9cis de celui-ci. Ils ont donc tabl\u00e9 sur l&rsquo;hypoth\u00e8se la plus probable : l&#8217;emplacement de la fouille de Mich\u00e8le Monin \u00e0 Loyasse.<\/p>\n<p>Gratuit<\/p>\n<p>La majeure partie de ce dispositif qui a co\u00fbt\u00e9 900 000\u20ac est gratuite et accessible \u00e0 tous. M\u00eame si une belle partie de la d\u00e9ambulation n\u00e9cessite de poss\u00e9der un smartphone, outre les explications \u00e9crites sur les panneaux, le renouvellement du parcours comporte aussi une maquette tactile en 3D, plac\u00e9e \u00e0 proximit\u00e9 de l&rsquo;entr\u00e9e haute du mus\u00e9e, et un espace ludique avec des \u00e9l\u00e9ments \u00e0 manipuler (\u00e0 proximit\u00e9 de l&rsquo;acc\u00e8s rue d&rsquo;Antiquaille). Les visites comment\u00e9es avec casque de r\u00e9alit\u00e9 virtuelle sont \u00e0 4\u20ac. Finalement, le mus\u00e9e s&rsquo;est associ\u00e9 au <a href=\"https:\/\/www.petit-bulletin.fr\/..\/article-75929-les-parcours-de-geocaching-se-multiplient-autour-de-lyon.html\" target=\"_blank\" rel=\"noopener nofollow\">dispositif des Gnolus<\/a>, permettant aux fans de geocaching de partir en qu\u00eate de ces dr\u00f4les de b\u00eates \u00e0 collectionner, tout en d\u00e9ambulant dans les vestiges.<\/p>\n<p><img loading=\"lazy\" decoding=\"async\" class=\"img-responsive\" src=\"https:\/\/www.europesays.com\/fr\/wp-content\/uploads\/2025\/10\/2025-10-17-19-41-26_DSCF5693.JPG\" alt=\"\" width=\"768\" height=\"432\"\/>\u00a9LS\/LePetitBulletin<\/p>\n<p><strong>Week-end de d\u00e9couverte d&rsquo;Explore Lyon antique<\/strong><br \/>Du 18 au 19 octobre 2025 de 10h \u00e0 17h30 aux th\u00e9\u00e2tres antiques (Lyon 5e) ; gratuit<\/p>\n","protected":false},"excerpt":{"rendered":"Lugdunum &#8211; mus\u00e9e et th\u00e9\u00e2tres romains a inaugur\u00e9 son nouveau dispositif pour parcourir la ville&#8230; il y a&hellip;\n","protected":false},"author":2,"featured_media":471188,"comment_status":"","ping_status":"","sticky":false,"template":"","format":"standard","meta":{"footnotes":""},"categories":[1889],"tags":[1111,11,2430,29156,1777,674,8202,59488,1011,27,58683,2428,12,25,59489],"class_list":{"0":"post-471187","1":"post","2":"type-post","3":"status-publish","4":"format-standard","5":"has-post-thumbnail","7":"category-lyon","8":"tag-actu","9":"tag-actualites","10":"tag-auvergne-rhone-alpes","11":"tag-claire-iselin","12":"tag-eu","13":"tag-europe","14":"tag-expos","15":"tag-falc","16":"tag-fr","17":"tag-france","18":"tag-lugdunum","19":"tag-lyon","20":"tag-news","21":"tag-republique-francaise","22":"tag-vr"},"share_on_mastodon":{"url":"https:\/\/pubeurope.com\/@fr\/115392295287930706","error":""},"_links":{"self":[{"href":"https:\/\/www.europesays.com\/fr\/wp-json\/wp\/v2\/posts\/471187","targetHints":{"allow":["GET"]}}],"collection":[{"href":"https:\/\/www.europesays.com\/fr\/wp-json\/wp\/v2\/posts"}],"about":[{"href":"https:\/\/www.europesays.com\/fr\/wp-json\/wp\/v2\/types\/post"}],"author":[{"embeddable":true,"href":"https:\/\/www.europesays.com\/fr\/wp-json\/wp\/v2\/users\/2"}],"replies":[{"embeddable":true,"href":"https:\/\/www.europesays.com\/fr\/wp-json\/wp\/v2\/comments?post=471187"}],"version-history":[{"count":0,"href":"https:\/\/www.europesays.com\/fr\/wp-json\/wp\/v2\/posts\/471187\/revisions"}],"wp:featuredmedia":[{"embeddable":true,"href":"https:\/\/www.europesays.com\/fr\/wp-json\/wp\/v2\/media\/471188"}],"wp:attachment":[{"href":"https:\/\/www.europesays.com\/fr\/wp-json\/wp\/v2\/media?parent=471187"}],"wp:term":[{"taxonomy":"category","embeddable":true,"href":"https:\/\/www.europesays.com\/fr\/wp-json\/wp\/v2\/categories?post=471187"},{"taxonomy":"post_tag","embeddable":true,"href":"https:\/\/www.europesays.com\/fr\/wp-json\/wp\/v2\/tags?post=471187"}],"curies":[{"name":"wp","href":"https:\/\/api.w.org\/{rel}","templated":true}]}}