{"id":471189,"date":"2025-10-18T00:17:24","date_gmt":"2025-10-18T00:17:24","guid":{"rendered":"https:\/\/www.europesays.com\/fr\/471189\/"},"modified":"2025-10-18T00:17:24","modified_gmt":"2025-10-18T00:17:24","slug":"hateboer-debarque-a-lyon-en-tant-que-joker","status":"publish","type":"post","link":"https:\/\/www.europesays.com\/fr\/471189\/","title":{"rendered":"Hateboer d\u00e9barque \u00e0 Lyon en tant que joker"},"content":{"rendered":"<p>\n    Le d\u00e9fenseur du Stade Rennais, Hans Hateboer rejoint l\u2019Olympique Lyonnais en pr\u00eat. Il arrive en tant que joker.<\/p>\n<p class=\"fig-paragraph\">Le d\u00e9fenseur international n\u00e9erlandais Hans Hateboer a \u00e9t\u00e9 pr\u00eat\u00e9 par Rennes jusqu&rsquo;\u00e0 la fin de saison \u00e0 Lyon en tant que joker, a annonc\u00e9\u00a0<a href=\"https:\/\/www.lefigaro.fr\/tag\/olympique-lyonnais\" target=\"_blank\" rel=\"sponsored noopener\" data-gtm-custom-categorie=\"navigation\" data-gtm-custom-action=\"crossclick\" data-gtm-custom-label=\"Contextuel\" data-gtm-event=\"customEventSPE\">l&rsquo;Olympique lyonnais<\/a>\u00a0vendredi.<\/p>\n<p class=\"fig-paragraph\">Le joueur de 31 ans, qui compte 13 s\u00e9lections avec les Oranje, s&rsquo;\u00e9tait engag\u00e9 avec le Stade rennais \u00e0 l&rsquo;\u00e9t\u00e9 2024 et il a particip\u00e9 \u00e0 29 matches avec le club breton o\u00f9 il \u00e9tait en manque de temps de jeu cette saison.<\/p>\n<p>                                    <a class=\"fig-a11y-skip a11y-hidden\" href=\"#fig-a11y-skip-main-inarticle\"><br \/>\n        Passer la publicit\u00e9<br \/>\n    <\/a><\/p>\n<p class=\"fig-paragraph\">Auparavant, Hateboer, un d\u00e9fenseur polyvalent pouvant jouer arri\u00e8re droit ou dans l&rsquo;axe, a \u00e9t\u00e9 form\u00e9 au FC Groningue avec qui il a remport\u00e9 la Coupe des Pays-Bas en 2015. Il a ensuite \u00e9volu\u00e9 durant sept saisons \u00e0 l&rsquo;Atalanta Bergame entre 2017 et 2024 (225 matches, 12 buts), club italien avec lequel il a remport\u00e9 la Ligue Europa en 2024 sous la direction de l&rsquo;entra\u00eeneur Gian Piero Gasperini.<\/p>\n<p class=\"fig-paragraph\">Il totalise pr\u00e8s de 400 matches professionnels.<\/p>\n<p class=\"fig-paragraph\">Jeudi, l&rsquo;entra\u00eeneur de l&rsquo;OL, le Portugais Paulo Fonseca, avait estim\u00e9 que son \u00e9quipe avait besoin du renfort d&rsquo;un d\u00e9fenseur polyvalent en raison du d\u00e9part de Clinton Mata avec l&rsquo;Angola et Moussa Niakhat\u00e9 avec le S\u00e9n\u00e9gal pour la Coupe d&rsquo;Afrique des nations cet hiver (21 d\u00e9cembre-18 janvier). Ces deux joueurs sont titulaires en d\u00e9fense centrale \u00e0 Lyon.<\/p>\n","protected":false},"excerpt":{"rendered":"Le d\u00e9fenseur du Stade Rennais, Hans Hateboer rejoint l\u2019Olympique Lyonnais en pr\u00eat. Il arrive en tant que joker.&hellip;\n","protected":false},"author":2,"featured_media":471190,"comment_status":"","ping_status":"","sticky":false,"template":"","format":"standard","meta":{"footnotes":""},"categories":[1889],"tags":[1111,11,2430,1777,674,1011,27,2428,12,978,25],"class_list":{"0":"post-471189","1":"post","2":"type-post","3":"status-publish","4":"format-standard","5":"has-post-thumbnail","7":"category-lyon","8":"tag-actu","9":"tag-actualites","10":"tag-auvergne-rhone-alpes","11":"tag-eu","12":"tag-europe","13":"tag-fr","14":"tag-france","15":"tag-lyon","16":"tag-news","17":"tag-olympique-lyonnais","18":"tag-republique-francaise"},"share_on_mastodon":{"url":"https:\/\/pubeurope.com\/@fr\/115392298528339947","error":""},"_links":{"self":[{"href":"https:\/\/www.europesays.com\/fr\/wp-json\/wp\/v2\/posts\/471189","targetHints":{"allow":["GET"]}}],"collection":[{"href":"https:\/\/www.europesays.com\/fr\/wp-json\/wp\/v2\/posts"}],"about":[{"href":"https:\/\/www.europesays.com\/fr\/wp-json\/wp\/v2\/types\/post"}],"author":[{"embeddable":true,"href":"https:\/\/www.europesays.com\/fr\/wp-json\/wp\/v2\/users\/2"}],"replies":[{"embeddable":true,"href":"https:\/\/www.europesays.com\/fr\/wp-json\/wp\/v2\/comments?post=471189"}],"version-history":[{"count":0,"href":"https:\/\/www.europesays.com\/fr\/wp-json\/wp\/v2\/posts\/471189\/revisions"}],"wp:featuredmedia":[{"embeddable":true,"href":"https:\/\/www.europesays.com\/fr\/wp-json\/wp\/v2\/media\/471190"}],"wp:attachment":[{"href":"https:\/\/www.europesays.com\/fr\/wp-json\/wp\/v2\/media?parent=471189"}],"wp:term":[{"taxonomy":"category","embeddable":true,"href":"https:\/\/www.europesays.com\/fr\/wp-json\/wp\/v2\/categories?post=471189"},{"taxonomy":"post_tag","embeddable":true,"href":"https:\/\/www.europesays.com\/fr\/wp-json\/wp\/v2\/tags?post=471189"}],"curies":[{"name":"wp","href":"https:\/\/api.w.org\/{rel}","templated":true}]}}