{"id":47120,"date":"2025-04-23T17:29:12","date_gmt":"2025-04-23T17:29:12","guid":{"rendered":"https:\/\/www.europesays.com\/fr\/47120\/"},"modified":"2025-04-23T17:29:12","modified_gmt":"2025-04-23T17:29:12","slug":"le-pont-flaubert-relie-a-la-sud-3-ce-jeudi-et-ca-risque-detre-tres-galere-sur-les-routes-de-rouen","status":"publish","type":"post","link":"https:\/\/www.europesays.com\/fr\/47120\/","title":{"rendered":"Le pont Flaubert reli\u00e9 \u00e0 la Sud 3 ce jeudi et \u00e7a risque d&rsquo;\u00eatre tr\u00e8s gal\u00e8re sur les routes de Rouen"},"content":{"rendered":"<p>            Par<br \/>\n        <strong><br \/>\n            <a href=\"https:\/\/actu.fr\/auteur\/thomas-rideau\" title=\"Consulter tous les articles de Thomas Rideau\" target=\"_blank\" rel=\"noopener\">Thomas Rideau<\/a><br \/>\n        <\/strong><\/p>\n<p>        Publi\u00e9 le<\/p>\n<p>            23 avr. 2025 \u00e0 19h02        <\/p>\n<p>Oui, oui, ce jeudi 24\u00a0avril 2025 est une journ\u00e9e importante pour les automobilistes de <a href=\"https:\/\/actu.fr\/normandie\/rouen_76540\" target=\"_blank\" rel=\"noopener\">Rouen (Seine-Maritime)<\/a> et pour ceux qui ont l\u2019habitude de<strong> traverser l\u2019agglo<\/strong>. \u00c0 partir de 6h du matin, le pont Flaubert va \u00eatre raccord\u00e9 \u00e0 <a href=\"https:\/\/actu.fr\/tag\/sud-3-rouen\" target=\"_blank\" rel=\"noopener\">la Sud 3<\/a> dans le sens nord \u2013 sud. Mais cela risque de s\u2019accompagner de <strong>quelques perturbations<\/strong>.<\/p>\n<p class=\" wall-content\"><strong>Jean-Luc Rolland<\/strong>, chef de projet \u00e0 la <strong>Dreal<\/strong> (direction r\u00e9gionale de l\u2019environnement, de l\u2019am\u00e9nagement et du logement) Normandie avait pr\u00e9venu le 5\u00a0avril dernier\u2009: on entre dans <a href=\"https:\/\/actu.fr\/normandie\/rouen_76540\/circuler-a-rouen-voici-pourquoi-il-va-falloir-eviter-le-secteur-du-pont-flaubert-dans-les-semaines-a-venir_62469065.html\" target=\"_blank\" rel=\"noopener\">la phase la plus contraignante<\/a> du projet pour les automobilistes. Selon le calendrier des travaux, ces perturbations doivent durer jusqu\u2019au milieu de l\u2019ann\u00e9e 2026.<\/p>\n<p>Si vous venez de la rive droite, oubliez la Sud 3<\/p>\n<p class=\" wall-content\">Ce qu\u2019il faut retenir\u2009: il va falloir emprunter <strong>le boulevard industriel<\/strong> ou le pont Flaubert pour rejoindre l\u2019A13 si vous venez du boulevard de l\u2019Europe. Et si vous venez de la rive droite, la Dreal vous conseille vivement d\u2019emprunter le <a href=\"https:\/\/actu.fr\/tag\/rouen-flaubert\" target=\"_blank\" rel=\"noopener\">pont Flaubert<\/a> pour traverser le fleuve.\u00a0<\/p>\n<p>      <a href=\"https:\/\/static.actu.fr\/uploads\/2025\/04\/itineraires-conseilles.jpg\" target=\"_blank\" rel=\"noopener\"><img   decoding=\"async\" loading=\"lazy\" src=\"https:\/\/www.europesays.com\/fr\/wp-content\/uploads\/2025\/04\/design-sans-titre-960x640.jpg\" alt=\"Cliquez ici pour agrandir l'image.\" width=\"960\" height=\"640\"\/><\/a><\/p>\n<p>    <a href=\"https:\/\/static.actu.fr\/uploads\/2025\/04\/itineraires-conseilles.jpg\" target=\"_blank\" rel=\"noopener\">Cliquez ici pour agrandir l\u2019image<\/a>. (\u00a9Dreal)<\/p>\n<p class=\" wall-content\">La Dreal s\u2019attend donc \u00e0 une circulation tr\u00e8s fortement impact\u00e9e d\u00e8s ce jeudi matin. Pour pr\u00e9venir les automobilistes des potentiels ralentissements, de <strong>nouveaux panneaux d\u2019information<\/strong> en temps r\u00e9el vont \u00eatre install\u00e9s.<\/p>\n<p>La Dreal recommande l\u2019utilisation des transports sen commun<\/p>\n<p class=\" wall-content\">Ces panneaux seront install\u00e9s aux abords du pont Mathilde, pour les usagers en direction de l\u2019A13\u2009; sur le rond-point des filatures (intersection boulevard de l\u2019Europe et rue de Sotteville) pour les usagers en direction de A13\u2009; sur le rond-point des Harkis (intersection boulevard de l\u2019Europe et avenue de Bretagne et Avenue de Caen) pour les usagers en direction de l\u2019A13 (vers Sud 3) et en direction de l\u2019A150\u2009; sur le carrefour de la maison d\u2019arr\u00eat (intersection boulevard de l\u2019Europe et avenue Jean-Rondeaux) pour les usagers en direction de l\u2019A150\u2009; et sur la RN138 (en amont de l\u2019acc\u00e8s \u00e0 la Sud 3 ou de la RD418) pour les usagers en direction de la RN28.<\/p>\n<p>Vid\u00e9os : en ce moment sur Actu<br \/>\n      <img   decoding=\"async\" loading=\"lazy\" src=\"https:\/\/www.europesays.com\/fr\/wp-content\/uploads\/2025\/04\/deviation-sud-3-960x640.jpg\" alt=\"Plus de Sud 3 pour les automobilistes qui viennent depuis le pont Guillaume.\" width=\"960\" height=\"640\"\/><br \/>\n    Plus de Sud 3 pour les automobilistes qui viennent depuis le pont Guillaume. (\u00a9La Dreal)<\/p>\n<p class=\" wall-content\">Il va donc falloir prendre <strong>son mal en patience<\/strong> et rester inform\u00e9 avant de prendre la voiture. La Dreal conseille de son c\u00f4t\u00e9 d\u2019utiliser au maximum les transports en commun ou le covoiturage.<\/p>\n<p>Suivez l\u2019actualit\u00e9 de Rouen <a href=\"https:\/\/www.whatsapp.com\/channel\/0029VaKfnf99hXF2ddApFB1D\" target=\"_blank\" rel=\"noopener\">sur notre cha\u00eene WhatsApp<\/a> et <a href=\"https:\/\/www.tiktok.com\/@76actu.fr?lang=fr\" target=\"_blank\" rel=\"noopener\">sur notre compte TikTok<\/a><\/p>\n<p class=\" wall-content\">Suivez toute l\u2019actualit\u00e9 de vos villes et m\u00e9dias favoris en vous inscrivant \u00e0 <a href=\"https:\/\/moncompte.actu.fr\" title=\"D\u00e9couvez Mon Actu\" rel=\"nofollow noopener\" data-trk=\"{&quot;cta&quot;:{&quot;action&quot;:&quot;https:\\\/\\\/moncompte.actu.fr&quot;,&quot;category&quot;:&quot;mon compte&quot;,&quot;from&quot;:&quot;article footer&quot;,&quot;name&quot;:&quot;Mon actu&quot;,&quot;type&quot;:&quot;cta&quot;}}\" target=\"_blank\">Mon Actu<\/a>.<\/p>\n<p>                    <script async src=\"\/\/www.tiktok.com\/embed.js\"><\/script><\/p>\n","protected":false},"excerpt":{"rendered":"Par Thomas Rideau Publi\u00e9 le 23 avr. 2025 \u00e0 19h02 Oui, oui, ce jeudi 24\u00a0avril 2025 est une&hellip;\n","protected":false},"author":2,"featured_media":7049,"comment_status":"","ping_status":"","sticky":false,"template":"","format":"standard","meta":{"footnotes":""},"categories":[9587],"tags":[1111,11,1777,674,1011,27,803,12,5161,3940,25,9590,104,3941],"class_list":{"0":"post-47120","1":"post","2":"type-post","3":"status-publish","4":"format-standard","5":"has-post-thumbnail","7":"category-rouen","8":"tag-actu","9":"tag-actualites","10":"tag-eu","11":"tag-europe","12":"tag-fr","13":"tag-france","14":"tag-info-trafic","15":"tag-news","16":"tag-normandie","17":"tag-pont-gustave-flaubert","18":"tag-republique-francaise","19":"tag-rouen","20":"tag-societe","21":"tag-sud-3-rouen"},"share_on_mastodon":{"url":"https:\/\/pubeurope.com\/@fr\/114388465602668435","error":""},"_links":{"self":[{"href":"https:\/\/www.europesays.com\/fr\/wp-json\/wp\/v2\/posts\/47120","targetHints":{"allow":["GET"]}}],"collection":[{"href":"https:\/\/www.europesays.com\/fr\/wp-json\/wp\/v2\/posts"}],"about":[{"href":"https:\/\/www.europesays.com\/fr\/wp-json\/wp\/v2\/types\/post"}],"author":[{"embeddable":true,"href":"https:\/\/www.europesays.com\/fr\/wp-json\/wp\/v2\/users\/2"}],"replies":[{"embeddable":true,"href":"https:\/\/www.europesays.com\/fr\/wp-json\/wp\/v2\/comments?post=47120"}],"version-history":[{"count":0,"href":"https:\/\/www.europesays.com\/fr\/wp-json\/wp\/v2\/posts\/47120\/revisions"}],"wp:featuredmedia":[{"embeddable":true,"href":"https:\/\/www.europesays.com\/fr\/wp-json\/wp\/v2\/media\/7049"}],"wp:attachment":[{"href":"https:\/\/www.europesays.com\/fr\/wp-json\/wp\/v2\/media?parent=47120"}],"wp:term":[{"taxonomy":"category","embeddable":true,"href":"https:\/\/www.europesays.com\/fr\/wp-json\/wp\/v2\/categories?post=47120"},{"taxonomy":"post_tag","embeddable":true,"href":"https:\/\/www.europesays.com\/fr\/wp-json\/wp\/v2\/tags?post=47120"}],"curies":[{"name":"wp","href":"https:\/\/api.w.org\/{rel}","templated":true}]}}