{"id":471201,"date":"2025-10-18T00:24:15","date_gmt":"2025-10-18T00:24:15","guid":{"rendered":"https:\/\/www.europesays.com\/fr\/471201\/"},"modified":"2025-10-18T00:24:15","modified_gmt":"2025-10-18T00:24:15","slug":"la-russie-relance-la-construction-de-kilo-pour-la-flotte-de-la-mer-noire","status":"publish","type":"post","link":"https:\/\/www.europesays.com\/fr\/471201\/","title":{"rendered":"La Russie relance la construction de Kilo pour la flotte de la mer Noire"},"content":{"rendered":"<p>Malgr\u00e9 la mise en service en mai dernier du Sankt Petersburg, premier sous-marin du type Lada, la marine russe a pass\u00e9 commande de trois nouveaux b\u00e2timents du type Kilo. Baptis\u00e9 Novorossiysk, le premier a \u00e9t\u00e9 mis sur cale le 20 ao\u00fbt dernier aux chantiers de Saint-P\u00e9tersbourg pour une livraison en 2013. Deux autres devraient \u00eatre op\u00e9rationnels l&rsquo;ann\u00e9e suivante, ces trois sous-marins \u00e9tant destin\u00e9s \u00e0 la flotte de la mer Noire. <br \/>Con\u00e7u dans les ann\u00e9es 80, le type Kilo a \u00e9t\u00e9 construit \u00e0 24 exemplaires pour la marine russe et a \u00e9t\u00e9 vendu \u00e0 de nombreux pays \u00e9trangers (Alg\u00e9rie, Chine, Inde, Iran,  Pologne, Roumanie). Longs de 72 m\u00e8tres pour un d\u00e9placement de 3000 tonnes en plong\u00e9e, ces b\u00e2timents peuvent mettre en oeuvre 18 torpilles et missiles antinavire. Les trois nouvelles unit\u00e9s russes sont une am\u00e9lioration des sous-marins pr\u00e9c\u00e9dents (type 636-3).<br \/>Normalement, la Russie n&rsquo;aurait pas d\u00fb commander de Kilo suppl\u00e9mentaires, les nouveaux Lada devant assurer leur succession. Mais la mise au point du prototype, mis sur cale en 1997, s&rsquo;est r\u00e9v\u00e9l\u00e9e longue et fastidieuse, avec notamment cinq ans d&rsquo;essais \u00e0 la mer. Et les travaux ne semblent pas avancer tr\u00e8s vite sur ses sisterships. Mis sur cale en 2005, le Kronshtadt ne devrait pas \u00eatre op\u00e9rationnel avant 2013 et le troisi\u00e8me de la s\u00e9rie, baptis\u00e9 Sevastopol, n&rsquo;est pas attendu avant 2015. Longs de 66.8 m\u00e8tres pour un d\u00e9placement de 2650 tonnes en plong\u00e9e, les Lada doivent atteindre 21 noeuds en plong\u00e9e et embarquer, comme les Kilo, 18 armes.   <\/p>\n<p>Le Sankt Petersburg  (\u00a9 : COLLECTION FLOTTES DE COMBAT)<\/p>\n","protected":false},"excerpt":{"rendered":"Malgr\u00e9 la mise en service en mai dernier du Sankt Petersburg, premier sous-marin du type Lada, la marine&hellip;\n","protected":false},"author":2,"featured_media":471202,"comment_status":"","ping_status":"","sticky":false,"template":"","format":"standard","meta":{"footnotes":""},"categories":[1591],"tags":[11,6130,6141,6131,6138,2380,6135,554,6136,1887,6139,6134,3135,6128,567,6129,6127,12,6132,4838,6133,1885,1886,132,6140,6137],"class_list":{"0":"post-471201","1":"post","2":"type-post","3":"status-publish","4":"format-standard","5":"has-post-thumbnail","7":"category-russie","8":"tag-actualites","9":"tag-chantiers","10":"tag-commando","11":"tag-construction-navale","12":"tag-costa","13":"tag-croisiere","14":"tag-dcns","15":"tag-defense","16":"tag-euronaval","17":"tag-federation-de-russie","18":"tag-fremm","19":"tag-interviews","20":"tag-littoral","21":"tag-marine","22":"tag-marine-nationale","23":"tag-maritime","24":"tag-mer","25":"tag-news","26":"tag-offshore","27":"tag-peche","28":"tag-reportages","29":"tag-russia","30":"tag-russian-federation","31":"tag-russie","32":"tag-sncm","33":"tag-stx"},"share_on_mastodon":{"url":"https:\/\/pubeurope.com\/@fr\/115392326127619050","error":""},"_links":{"self":[{"href":"https:\/\/www.europesays.com\/fr\/wp-json\/wp\/v2\/posts\/471201","targetHints":{"allow":["GET"]}}],"collection":[{"href":"https:\/\/www.europesays.com\/fr\/wp-json\/wp\/v2\/posts"}],"about":[{"href":"https:\/\/www.europesays.com\/fr\/wp-json\/wp\/v2\/types\/post"}],"author":[{"embeddable":true,"href":"https:\/\/www.europesays.com\/fr\/wp-json\/wp\/v2\/users\/2"}],"replies":[{"embeddable":true,"href":"https:\/\/www.europesays.com\/fr\/wp-json\/wp\/v2\/comments?post=471201"}],"version-history":[{"count":0,"href":"https:\/\/www.europesays.com\/fr\/wp-json\/wp\/v2\/posts\/471201\/revisions"}],"wp:featuredmedia":[{"embeddable":true,"href":"https:\/\/www.europesays.com\/fr\/wp-json\/wp\/v2\/media\/471202"}],"wp:attachment":[{"href":"https:\/\/www.europesays.com\/fr\/wp-json\/wp\/v2\/media?parent=471201"}],"wp:term":[{"taxonomy":"category","embeddable":true,"href":"https:\/\/www.europesays.com\/fr\/wp-json\/wp\/v2\/categories?post=471201"},{"taxonomy":"post_tag","embeddable":true,"href":"https:\/\/www.europesays.com\/fr\/wp-json\/wp\/v2\/tags?post=471201"}],"curies":[{"name":"wp","href":"https:\/\/api.w.org\/{rel}","templated":true}]}}