{"id":471203,"date":"2025-10-18T00:25:13","date_gmt":"2025-10-18T00:25:13","guid":{"rendered":"https:\/\/www.europesays.com\/fr\/471203\/"},"modified":"2025-10-18T00:25:13","modified_gmt":"2025-10-18T00:25:13","slug":"selon-certaines-sources-venture-global-a-entame-des-discussions-avec-lukraine-pour-lui-fournir-davantage-de-gnl-17-10-2025-a-2147","status":"publish","type":"post","link":"https:\/\/www.europesays.com\/fr\/471203\/","title":{"rendered":"Selon certaines sources, Venture Global a entam\u00e9 des discussions avec l&rsquo;Ukraine pour lui fournir davantage de GNL &#8211; 17\/10\/2025 \u00e0 21:47"},"content":{"rendered":"<p>\n ((Traduction automatis\u00e9e par Reuters \u00e0 l&rsquo;aide de l&rsquo;apprentissage<br \/>\nautomatique et de l&rsquo;IA g\u00e9n\u00e9rative, veuillez vous r\u00e9f\u00e9rer \u00e0<br \/>\nl&rsquo;avertissement suivant: https:\/\/bit.ly\/rtrsauto))<br \/>\npar Curtis Williams et Dmitry Zhdannikov\n<\/p>\n<p>\n Venture Global  VG.N  a<br \/>\nengag\u00e9 des discussions avec l&rsquo;Ukraine pour lui vendre des<br \/>\ncargaisons suppl\u00e9mentaires de gaz naturel liqu\u00e9fi\u00e9 provenant de<br \/>\nson usine GNL de Plaquemines en Louisiane \u00e0 l&rsquo;approche de<br \/>\nl&rsquo;hiver, dans un contexte d&rsquo;attaques russes contre ses<br \/>\ninfrastructures, ont d\u00e9clar\u00e9 trois personnes \u00e0 Reuters.<br \/>\nLes n\u00e9gociations pour le GNL de Plaquemines ont lieu avec la<br \/>\nsoci\u00e9t\u00e9 ukrainienne DTEK, un acteur majeur du secteur<br \/>\n\u00e9nerg\u00e9tique ukrainien, selon deux de ces personnes.<br \/>\nL&rsquo;infrastructure \u00e9nerg\u00e9tique de l&rsquo;Ukraine s&rsquo;est d\u00e9grad\u00e9e en<br \/>\nraison des attaques constantes de la Russie, et le pays a d\u00fb<br \/>\naugmenter ses importations de gaz en raison de la baisse de sa<br \/>\npropre production.<br \/>\nMichael Sabel, directeur g\u00e9n\u00e9ral de Venture Global, faisait<br \/>\npartie d&rsquo;une d\u00e9l\u00e9gation de dirigeants am\u00e9ricains du secteur de<br \/>\nl&rsquo;\u00e9nergie qui a rencontr\u00e9 jeudi \u00e0 Washington le pr\u00e9sident<br \/>\nVolodimir Zelensky . Le dirigeant ukrainien a publi\u00e9 des<br \/>\nimages de la r\u00e9union sur X et a d\u00e9clar\u00e9 que le pays avait besoin<br \/>\nde plus d&rsquo;\u00e9nergie.<br \/>\nVenture Global a refus\u00e9 de commenter les pourparlers et DTEK n&rsquo;a<br \/>\npas r\u00e9pondu imm\u00e9diatement \u00e0 une demande de commentaire.<br \/>\nDTEK a d\u00e9j\u00e0 sign\u00e9 un accord en 2024 pour une quantit\u00e9 non<br \/>\ndivulgu\u00e9e de GNL provenant de l&rsquo;installation, en plus des deux<br \/>\nmillions de tonnes m\u00e9triques par an provenant de CP2, le<br \/>\ntroisi\u00e8me centre d&rsquo;exportation de Venture Global qui est<br \/>\nactuellement en construction.<br \/>\nVenture Global est le seul op\u00e9rateur am\u00e9ricain de GNL \u00e0 disposer<br \/>\nd&rsquo;une importante capacit\u00e9 de r\u00e9serve, puisque son usine de GNL<br \/>\nde Plaquemines, d&rsquo;une capacit\u00e9 de 27,7 millions de tonnes par<br \/>\nan, est encore dans la phase de mise en service qui permet les<br \/>\nventes sur le march\u00e9 au comptant.\n<\/p>\n<p>\n Cette pratique a fait l&rsquo;objet d&rsquo;une attention accrue<br \/>\napr\u00e8s qu&rsquo;un tribunal d&rsquo;arbitrage a estim\u00e9 la semaine derni\u00e8re<br \/>\nque Venture Global avait viol\u00e9 un accord avec BP<br \/>\n <a href=\"https:\/\/www.boursorama.com\/cours\/1uBP..L\/\" rel=\"nofollow noopener\" target=\"_blank\"><br \/>\n  BP.L<br \/>\n <\/a><br \/>\n visant \u00e0<br \/>\nd\u00e9clarer des op\u00e9rations commerciales en temps voulu \u00e0 son usine<br \/>\ndistincte de Calcasieu Pass en Louisiane et \u00e0 donner la priorit\u00e9<br \/>\naux ventes sur le march\u00e9 au comptant.\n<\/p>\n<p>\n Venture Global a d\u00e9clar\u00e9 que le calendrier pr\u00e9vu pour<br \/>\nl&rsquo;exploitation commerciale compl\u00e8te de l&rsquo;usine de Plaquemines &#8211;<br \/>\nqui se traduira par l&rsquo;activation de contrats \u00e0 long terme \u00e0 des<br \/>\nprix plus bas &#8211; est toujours d&rsquo;actualit\u00e9. Le mois dernier, la<br \/>\nsoci\u00e9t\u00e9 a export\u00e9 1,6 million de tonnes de GNL \u00e0 partir de<br \/>\nPlaquemines, soit 17 % du total des exportations am\u00e9ricaines de<br \/>\nGNL en septembre, selon les donn\u00e9es pr\u00e9liminaires de la soci\u00e9t\u00e9<br \/>\nfinanci\u00e8re LSEG.<\/p>\n","protected":false},"excerpt":{"rendered":"((Traduction automatis\u00e9e par Reuters \u00e0 l&rsquo;aide de l&rsquo;apprentissage automatique et de l&rsquo;IA g\u00e9n\u00e9rative, veuillez vous r\u00e9f\u00e9rer \u00e0 l&rsquo;avertissement&hellip;\n","protected":false},"author":2,"featured_media":9135,"comment_status":"","ping_status":"","sticky":false,"template":"","format":"standard","meta":{"footnotes":""},"categories":[1590],"tags":[400,11,398,408,405,1777,674,403,402,399,404,12,401,406,220,407],"class_list":{"0":"post-471203","1":"post","2":"type-post","3":"status-publish","4":"format-standard","5":"has-post-thumbnail","7":"category-ukraine","8":"tag-action-cac-40","9":"tag-actualites","10":"tag-bourse-de-paris","11":"tag-boursorama","12":"tag-cotations","13":"tag-eu","14":"tag-europe","15":"tag-indices-devises","16":"tag-investir","17":"tag-investissement","18":"tag-marche-boursier","19":"tag-news","20":"tag-sicav","21":"tag-trackers","22":"tag-ukraine","23":"tag-warrants"},"share_on_mastodon":{"url":"https:\/\/pubeurope.com\/@fr\/115392330063145174","error":""},"_links":{"self":[{"href":"https:\/\/www.europesays.com\/fr\/wp-json\/wp\/v2\/posts\/471203","targetHints":{"allow":["GET"]}}],"collection":[{"href":"https:\/\/www.europesays.com\/fr\/wp-json\/wp\/v2\/posts"}],"about":[{"href":"https:\/\/www.europesays.com\/fr\/wp-json\/wp\/v2\/types\/post"}],"author":[{"embeddable":true,"href":"https:\/\/www.europesays.com\/fr\/wp-json\/wp\/v2\/users\/2"}],"replies":[{"embeddable":true,"href":"https:\/\/www.europesays.com\/fr\/wp-json\/wp\/v2\/comments?post=471203"}],"version-history":[{"count":0,"href":"https:\/\/www.europesays.com\/fr\/wp-json\/wp\/v2\/posts\/471203\/revisions"}],"wp:featuredmedia":[{"embeddable":true,"href":"https:\/\/www.europesays.com\/fr\/wp-json\/wp\/v2\/media\/9135"}],"wp:attachment":[{"href":"https:\/\/www.europesays.com\/fr\/wp-json\/wp\/v2\/media?parent=471203"}],"wp:term":[{"taxonomy":"category","embeddable":true,"href":"https:\/\/www.europesays.com\/fr\/wp-json\/wp\/v2\/categories?post=471203"},{"taxonomy":"post_tag","embeddable":true,"href":"https:\/\/www.europesays.com\/fr\/wp-json\/wp\/v2\/tags?post=471203"}],"curies":[{"name":"wp","href":"https:\/\/api.w.org\/{rel}","templated":true}]}}